{"id":69379,"date":"2022-07-19T18:42:47","date_gmt":"2022-07-19T18:42:47","guid":{"rendered":"http:\/\/enolife.com.ar\/es\/?p=69379"},"modified":"2022-07-21T16:47:58","modified_gmt":"2022-07-21T16:47:58","slug":"en-la-comarca-andina-patagonica-12-vinateros-artesanales-se-unen-para-capacitarse-y-bajar-costos","status":"publish","type":"post","link":"https:\/\/enolife.com.ar\/es\/en-la-comarca-andina-patagonica-12-vinateros-artesanales-se-unen-para-capacitarse-y-bajar-costos\/","title":{"rendered":"En la Comarca Andina patag\u00f3nica, 12 vi\u00f1ateros artesanales se unen para capacitarse y bajar costos"},"content":{"rendered":"\n<h4 class=\"wp-block-heading\"><em><strong>El viernes 15\/7 qued\u00f3 conformada una asociaci\u00f3n de 12 peque\u00f1os productores vitivin\u00edcolas de la microrregi\u00f3n Comarca Andina, que comprende localidades de Chubut y R\u00edo Negro. Gracias a su integraci\u00f3n, ahora podr\u00e1n beneficiarse con el programa Cambio Rural del Ministerio de Agricultura, Ganader\u00eda y Pesca de la Naci\u00f3n y del apoyo t\u00e9cnico del INTA. Les ofrecer\u00e1n capacitaciones, entrenamiento para potenciar habilidades y mecanismos para acceder a inversiones colectivas. Otro de los objetivos de estos productores chubutenses y rionegrinos es fomentar el enoturismo e incrementar la producci\u00f3n y comercializaci\u00f3n de vinos.<\/strong><\/em><\/h4>\n\n\n\n<div style=\"height:20px\" aria-hidden=\"true\" class=\"wp-block-spacer\"><\/div>\n\n\n\n\n\n<div style=\"height:60px\" aria-hidden=\"true\" class=\"wp-block-spacer\"><\/div>\n\n\n\n<p>La vitivinicultura en la regi\u00f3n patag\u00f3nica de la <strong>Comarca Andina<\/strong> tiene 24 a\u00f1os de historia, y su crecimiento y potencial ha impulsado a 12 productores a unirse y formar el grupo <strong>\u00abCambio Rural Vitivin\u00edcola\u00bb.<\/strong><\/p>\n\n\n\n<p>Se trata de un programa nacional que depende de la <strong>Secretar\u00eda de Agricultura, Ganader\u00eda y Pesca de Argentina<\/strong>, que fomenta la integraci\u00f3n de productores con el objetivo de  intercambiar experiencias y resolver problemas comunes. El plan pone a disposici\u00f3n de los emprendedores un t\u00e9nico coordinador, a la vez que ofrece distintas herramientas de capacitaci\u00f3n y asesoramiento t\u00e9cnico, organiza actividades de vinculaci\u00f3n e interrelaci\u00f3n entre sus integrantes y facilita el acceso a distintas herramientas y otros programas del Estado.<\/p>\n\n\n\n<p>La Comarca Andina se ubica en la zona del <strong>Paralelo 42 Sur<\/strong>, y est\u00e1 conformada por localidades tanto de la provincia de <strong>R\u00edo Negro<\/strong> como de <strong>Chubut<\/strong>, entre las que se encuentran <strong>El Bols\u00f3n, Lago Puelo, El Hoyo, Epuy\u00e9n y Trevelin<\/strong>. En esos sitios, tanto las actividades cotidianas de los habitantes, como los circuitos laborales y comerciales est\u00e1n frecuentemente interrelacionados entre s\u00ed. Es la segunda zona en importancia para la producci\u00f3n de vinos de la provincia de Chubut.<\/p>\n\n\n\n<p>Respecto de las caracter\u00edsticas de la producci\u00f3n vitivin\u00edcola en esa regi\u00f3n, <strong>Dar\u00edo Gonz\u00e1lez Maldonado<\/strong>, el asesor t\u00e9cnico que brindar\u00e1 apoyo y capacitaci\u00f3n desde el programa Cambio Rural, se\u00f1al\u00f3: \u00abEl total cultivado en es de 60 hect\u00e1reas, y la microrregi\u00f3n ya cuenta con 6 bodegas. El primer vi\u00f1edo con fines comerciales se plant\u00f3 en 1998, fueron 2 hect\u00e1reas de merlot. Hoy, entre medianos, peque\u00f1os y minifundios, hay 47 vi\u00f1edos.\u00bb<\/p>\n\n\n\n<div style=\"height:28px\" aria-hidden=\"true\" class=\"wp-block-spacer\"><\/div>\n\n\n\n<p class=\"has-medium-font-size\"><strong>Los integrantes del grupo Cambio Rural Vitivin\u00edcola<\/strong><\/p>\n\n\n\n<div style=\"height:20px\" aria-hidden=\"true\" class=\"wp-block-spacer\"><\/div>\n\n\n\n<ul class=\"wp-block-list\"><li>In\u00e9s Hansen, de Bodega Hansen Becerra<\/li><li>Gast\u00f3n Tourignan, de Vi\u00f1edos Paraje Entre R\u00edos<\/li><li>Andr\u00e9s Gonz\u00e1lez, de Vi\u00f1edos Cava Nueva<\/li><li>Guillermo Mezler, de Vi\u00f1edos Rinconada de Cerro Amigo<\/li><li>Ulises Neculman, de Bodega y Vi\u00f1edos Fincas del Pirque<\/li><li>Viviana Kohler, de Bodega y Vi\u00f1edos El Desemboque<\/li><li>Alumin\u00e9 Honik, de Vi\u00f1edos Hacia el Sur<\/li><li>Ernesto Pastor, de Vi\u00f1edos Las Golondrinas<\/li><li>Sebasti\u00e1n Copani, de Vi\u00f1edos Faldeo del Piltri<\/li><li>Gustavo Gram\u00e9ndola, de Vi\u00f1edos de Altura<\/li><li>Susana Choc\u00e1n, de Vi\u00f1edos El Para\u00edso<\/li><li>Pablo Santiago, de Vi\u00f1edos Subida al Piltriquiltr\u00f3n<\/li><\/ul>\n\n\n\n<div style=\"height:41px\" aria-hidden=\"true\" class=\"wp-block-spacer\"><\/div>\n","protected":false},"excerpt":{"rendered":"<p>El viernes 15\/7 qued\u00f3 conformada una asociaci\u00f3n de 12 peque\u00f1os productores vitivin\u00edcolas de la microrregi\u00f3n&hellip;<\/p>\n","protected":false},"author":3,"featured_media":69452,"comment_status":"open","ping_status":"open","sticky":false,"template":"","format":"standard","meta":{"footnotes":""},"categories":[14],"tags":[],"class_list":["post-69379","post","type-post","status-publish","format-standard","has-post-thumbnail","hentry","category-news"],"_links":{"self":[{"href":"https:\/\/enolife.com.ar\/es\/wp-json\/wp\/v2\/posts\/69379","targetHints":{"allow":["GET"]}}],"collection":[{"href":"https:\/\/enolife.com.ar\/es\/wp-json\/wp\/v2\/posts"}],"about":[{"href":"https:\/\/enolife.com.ar\/es\/wp-json\/wp\/v2\/types\/post"}],"author":[{"embeddable":true,"href":"https:\/\/enolife.com.ar\/es\/wp-json\/wp\/v2\/users\/3"}],"replies":[{"embeddable":true,"href":"https:\/\/enolife.com.ar\/es\/wp-json\/wp\/v2\/comments?post=69379"}],"version-history":[{"count":0,"href":"https:\/\/enolife.com.ar\/es\/wp-json\/wp\/v2\/posts\/69379\/revisions"}],"wp:featuredmedia":[{"embeddable":true,"href":"https:\/\/enolife.com.ar\/es\/wp-json\/wp\/v2\/media\/69452"}],"wp:attachment":[{"href":"https:\/\/enolife.com.ar\/es\/wp-json\/wp\/v2\/media?parent=69379"}],"wp:term":[{"taxonomy":"category","embeddable":true,"href":"https:\/\/enolife.com.ar\/es\/wp-json\/wp\/v2\/categories?post=69379"},{"taxonomy":"post_tag","embeddable":true,"href":"https:\/\/enolife.com.ar\/es\/wp-json\/wp\/v2\/tags?post=69379"}],"curies":[{"name":"wp","href":"https:\/\/api.w.org\/{rel}","templated":true}]}}