{"id":6928,"date":"2020-01-28T21:09:27","date_gmt":"2020-01-28T21:09:27","guid":{"rendered":"http:\/\/enolife.com.ar\/es\/?p=6928"},"modified":"2020-01-30T16:39:18","modified_gmt":"2020-01-30T16:39:18","slug":"cooperativistas-vitivinicolas-y-el-gobernador-suarez-trataron-el-bajo-precio-del-vino-y-la-crisis-hidrica","status":"publish","type":"post","link":"https:\/\/enolife.com.ar\/es\/cooperativistas-vitivinicolas-y-el-gobernador-suarez-trataron-el-bajo-precio-del-vino-y-la-crisis-hidrica\/","title":{"rendered":"Cooperativistas vitivin\u00edcolas y el gobernador Su\u00e1rez trataron el bajo precio del vino y la crisis h\u00eddrica"},"content":{"rendered":"\n<h4 class=\"wp-block-heading\"><em><strong>El 27\/1, el mandatario mendocino se reuni\u00f3 con Eduardo Sancho, presidente de la Asociaci\u00f3n de Cooperativas Vitivin\u00edcolas (Acovi), con Hilda Wilhelm de Vaieretti, representante de Acovi en la mesa ejecutiva de Coviar y Nicol\u00e1s Vicchi, subgerente de Acovi. La dura realidad del sector vitivin\u00edcola fue el foco de la charla, calificada como positiva por los dirigentes.<\/strong><\/em><\/h4>\n\n\n\n<div style=\"height:29px\" aria-hidden=\"true\" class=\"wp-block-spacer\"><\/div>\n\n\n\n<p>La reuni\u00f3n tuvo como principal eje la grave problem\u00e1tica actual de los productores por el bajo precio del vino. \u201cEl gobernador estaba al tanto de la situaci\u00f3n vitivin\u00edcola, escuch\u00f3 nuestro planteo y se comprometi\u00f3 a buscar una soluci\u00f3n\u201d, se\u00f1al\u00f3 Eduardo Sancho. Y agreg\u00f3: \u201cNecesitamos equilibrar la oferta y la demanda, lo que creemos que se puede dar a partir de la diversificaci\u00f3n de productos: mostos, graneles, exportaci\u00f3n y mercado interno\u201d. <\/p>\n\n\n\n<p>Seg\u00fan indic\u00f3 el directivo de Acovi, los informes del sector cooperativo pronostican para esta temporada una cosecha m\u00e1s baja que la del a\u00f1o pasado, lo que ayudar\u00eda a mejorar los precios.<\/p>\n\n\n\n<p>Tambi\u00e9n en el encuentro se propusieron algunas medidas para poder hacer frente a la cosecha&nbsp;y reactivar el precio.<\/p>\n\n\n\n<p>La crisis h\u00eddrica fue otro de los puntos tratados con Su\u00e1rez. \u201cLe comentamos al gobernador el documento que venimos trabajando con otras entidades con las principales necesidades de inversi\u00f3n y acciones para hacer frente al cambio clim\u00e1tico y la escasez de agua. Por este tema le solicitamos una reuni\u00f3n conjunta con las entidades del agro\u201d, se\u00f1al\u00f3 Nicol\u00e1s Vicchi, subgerente de Acovi.<\/p>\n\n\n\n<p>Por \u00faltimo, Vicchi explicit\u00f3: \u201cCoincidimos en la necesidad de generar una agenda en conjunto para seguir trabajando como venimos haciendo con el ministro de Econom\u00eda y Energ\u00eda Enrique Vaqui\u00e9 y su equipo, para aplicar medidas de financiamiento y herramientas que permitan la reducci\u00f3n de costos de los productores como por ejemplo, empresas de servicio y otros proyectos asociativos\u201d.<\/p>\n\n\n\n<p class=\"has-small-font-size\"><em><strong>Fuente: Acovi<\/strong><\/em><\/p>\n","protected":false},"excerpt":{"rendered":"<p>El 27\/1, el mandatario mendocino se reuni\u00f3 con Eduardo Sancho, presidente de la Asociaci\u00f3n de&hellip;<\/p>\n","protected":false},"author":3,"featured_media":6934,"comment_status":"open","ping_status":"open","sticky":false,"template":"","format":"standard","meta":{"footnotes":""},"categories":[14],"tags":[],"class_list":["post-6928","post","type-post","status-publish","format-standard","has-post-thumbnail","hentry","category-news"],"_links":{"self":[{"href":"https:\/\/enolife.com.ar\/es\/wp-json\/wp\/v2\/posts\/6928","targetHints":{"allow":["GET"]}}],"collection":[{"href":"https:\/\/enolife.com.ar\/es\/wp-json\/wp\/v2\/posts"}],"about":[{"href":"https:\/\/enolife.com.ar\/es\/wp-json\/wp\/v2\/types\/post"}],"author":[{"embeddable":true,"href":"https:\/\/enolife.com.ar\/es\/wp-json\/wp\/v2\/users\/3"}],"replies":[{"embeddable":true,"href":"https:\/\/enolife.com.ar\/es\/wp-json\/wp\/v2\/comments?post=6928"}],"version-history":[{"count":0,"href":"https:\/\/enolife.com.ar\/es\/wp-json\/wp\/v2\/posts\/6928\/revisions"}],"wp:featuredmedia":[{"embeddable":true,"href":"https:\/\/enolife.com.ar\/es\/wp-json\/wp\/v2\/media\/6934"}],"wp:attachment":[{"href":"https:\/\/enolife.com.ar\/es\/wp-json\/wp\/v2\/media?parent=6928"}],"wp:term":[{"taxonomy":"category","embeddable":true,"href":"https:\/\/enolife.com.ar\/es\/wp-json\/wp\/v2\/categories?post=6928"},{"taxonomy":"post_tag","embeddable":true,"href":"https:\/\/enolife.com.ar\/es\/wp-json\/wp\/v2\/tags?post=6928"}],"curies":[{"name":"wp","href":"https:\/\/api.w.org\/{rel}","templated":true}]}}