{"id":6926,"date":"2020-01-29T14:23:18","date_gmt":"2020-01-29T14:23:18","guid":{"rendered":"http:\/\/enolife.com.ar\/es\/?p=6926"},"modified":"2020-01-30T16:39:00","modified_gmt":"2020-01-30T16:39:00","slug":"la-diputada-josefina-canale-se-sumo-a-las-criticas-contra-la-coviar-y-carlos-fiochetta-la-refuto","status":"publish","type":"post","link":"https:\/\/enolife.com.ar\/es\/la-diputada-josefina-canale-se-sumo-a-las-criticas-contra-la-coviar-y-carlos-fiochetta-la-refuto\/","title":{"rendered":"La diputada Josefina Canale se sum\u00f3 a las cr\u00edticas contra la Coviar y Carlos Fiochetta la refut\u00f3"},"content":{"rendered":"\n<h4 class=\"wp-block-heading\"><em><strong>La legisladora provincial por el Partido Dem\u00f3crata Progresista, que busca amplificar los reclamos de los peque\u00f1os productores mendocinos, objet\u00f3 duramente a la c\u00fapula de la Corporaci\u00f3n Vitivin\u00edcola Argentina -el ente p\u00fablico-privado creado por una ley nacional en 2004 para impulsar el desarrollo de la industria vitivin\u00edcola. <\/strong><\/em><\/h4>\n\n\n\n<hr class=\"wp-block-separator\"\/>\n\n\n\n<h4 class=\"wp-block-heading\"><em><strong>Canale sostiene que el pedido de la Coviar al gobierno nacional de prorrogar el Plan Estrat\u00e9gico Vitivin\u00edcola (PEVI) hasta el 2030 es \u00abtotalmente corporativo y absurdo\u00bb porque, argumenta, el anterior PEVI 2020 tuvo \u00abun alto costo y escas\u00edsimos resultados\u00bb. Tras los dardos de Canale, el gerente general de la Coviar, Carlos Fiochetta, la refut\u00f3 en una entrevista en MDZ Radio.<\/strong><\/em><\/h4>\n\n\n\n<div style=\"height:28px\" aria-hidden=\"true\" class=\"wp-block-spacer\"><\/div>\n\n\n\n<p><strong>Por Pedro Straniero<\/strong><\/p>\n\n\n\n<div style=\"height:20px\" aria-hidden=\"true\" class=\"wp-block-spacer\"><\/div>\n\n\n\n<p>La <strong>Corporaci\u00f3n Vitivin\u00edcola Argentina (Coviar)<\/strong> es una entidad mixta entre el gobierno nacional, el gobierno provincial y los representantes de los distintos sectores de la industria vitivin\u00edcola, desde sindicatos hasta bodegas, pasando por cooperativas y asociaciones de productores. Fue creada por la ley nacional 25.849 en diciembre de 2003 y est\u00e1 financiada con el aporte obligatorio de los distintos establecimientos vitivin\u00edcolas del pa\u00eds. La Coviar tuvo, desde su creaci\u00f3n, el objetivo de coordinar la implementaci\u00f3n del denominado <strong>Plan Estrat\u00e9gico Argentina Vitivin\u00edcola 2020 (PEVI).<\/strong> <\/p>\n\n\n\n<p>Seg\u00fan reza el texto de <strong>la ley 25.849, art\u00edculo 2\u00ba<\/strong>, \u00abser\u00e1 misi\u00f3n y objetivo del organismo instituido promover tanto la organizaci\u00f3n e integraci\u00f3n de los actores de la cadena productiva, como la innovaci\u00f3n de productos y procesos que acrecienten el valor agregado del sector, con la finalidad de ganar, mantener y consolidar mercados externos, consolidar el mercado interno argentino, y lograr el desarrollo sostenido del sector\u00bb.<\/p>\n\n\n\n<div style=\"height:20px\" aria-hidden=\"true\" class=\"wp-block-spacer\"><\/div>\n\n\n\n<p class=\"has-medium-font-size\"><strong>Un coro de cuestionadores<\/strong><\/p>\n\n\n\n<div style=\"height:20px\" aria-hidden=\"true\" class=\"wp-block-spacer\"><\/div>\n\n\n\n<div class=\"wp-block-image\"><figure class=\"alignright size-large is-resized\"><img loading=\"lazy\" decoding=\"async\" src=\"https:\/\/enolife.com.ar\/es\/wp-content\/uploads\/2020\/01\/image-55.png\" alt=\"\" class=\"wp-image-7000\" width=\"397\" height=\"415\" srcset=\"https:\/\/enolife.com.ar\/es\/wp-content\/uploads\/2020\/01\/image-55.png 430w, https:\/\/enolife.com.ar\/es\/wp-content\/uploads\/2020\/01\/image-55-287x300.png 287w\" sizes=\"auto, (max-width: 397px) 100vw, 397px\" \/><figcaption><strong><em>Mario Abed<\/em><\/strong><\/figcaption><\/figure><\/div>\n\n\n\n<p>Desde hace un par de a\u00f1os, ante la proximidad del 2020, fecha l\u00edmite para concretar los objetivos de primer plan estrat\u00e9gico, comenzaron a aparecer voces pidiendo rendiciones de cuenta y deslizando cr\u00edticas. Una de las m\u00e1s notorias fue la del <strong>ex intendente de Jun\u00edn y hoy vicegobernador de Mendoza, Mario Abed.<\/strong> Entre marzo y octubre de 2019, en sendas notas publicadas en <strong>diario Los Andes<\/strong>, Abed -quien adem\u00e1s es bodeguero y en aquella \u00e9poca pr\u00e1cticamente estaba sentado en la vereda de enfrente de Coviar- criticaba: \u00abUna parte del presupuesto de la Coviar son $150 millones que los productores tienen la obligaci\u00f3n de aportar cada a\u00f1o, pero esos $150 millones anuales no dieron resultado, no funcion\u00f3 la propaganda, y en los \u00faltimos 10 a\u00f1os han sido $1.500 millones\u00bb. En otra oportunidad, para esas fechas, Abed cuestionaba:<strong>&nbsp;<\/strong>\u201cDesde hace a\u00f1os, la Coviar y el Fondo Vitivin\u00edcola han marcado las estrategias y las acciones a seguir y, a la vista de los resultados, vemos que no han sido los esperados, fundamentalmente para los peque\u00f1os y medianos productores; es necesario cambiar inmediatamente las reglas de juego, para eso ya hemos acordado con legisladores la intenci\u00f3n de presentar un proyecto de ley donde se contempla la creaci\u00f3n de un comit\u00e9 cient\u00edfico vitivin\u00edcola\u201d.<\/p>\n\n\n\n<div style=\"height:50px\" aria-hidden=\"true\" class=\"wp-block-spacer\"><\/div>\n\n\n\n<div class=\"wp-block-image\"><figure class=\"alignleft size-large is-resized\"><img loading=\"lazy\" decoding=\"async\" src=\"https:\/\/enolife.com.ar\/es\/wp-content\/uploads\/2020\/01\/image-54.png\" alt=\"\" class=\"wp-image-6996\" width=\"329\" height=\"345\" srcset=\"https:\/\/enolife.com.ar\/es\/wp-content\/uploads\/2020\/01\/image-54.png 430w, https:\/\/enolife.com.ar\/es\/wp-content\/uploads\/2020\/01\/image-54-287x300.png 287w\" sizes=\"auto, (max-width: 329px) 100vw, 329px\" \/><figcaption><strong><em>Mauro Sosa<\/em><\/strong><\/figcaption><\/figure><\/div>\n\n\n\n<p>En fecha m\u00e1s reciente, el 11 de enero de 2019, <strong>el director del Centro de Vi\u00f1ateros y Bodegueros del Este, Mauro A. Sos<\/strong>a, volvi\u00f3 a cargar contra la Coviar en una nota de opini\u00f3n de tono filos\u00f3fico, tambi\u00e9n en <strong>diario Los Andes:<\/strong> \u00abLa Coviar se desnaturaliz\u00f3 por la deriva de su misi\u00f3n, sus mediocres resultados y la ilegitimidad de su accionar, puesto que se rompi\u00f3 el car\u00e1cter comunicativo entre sus partes dando lugar a una dif\u00edcil convivencia que vac\u00eda de contenido a la loable consigna &#8216;Todos somos el plan. Una vez m\u00e1s y para los que apostamos al PEVI, se corrobora la sentencia de que ninguna buena acci\u00f3n queda sin castigo\u00bb.<\/p>\n\n\n\n<blockquote class=\"wp-block-quote is-layout-flow wp-block-quote-is-layout-flow\"><p>La Coviar se desnaturaliz\u00f3 por la deriva de su misi\u00f3n, sus mediocres resultados y la ilegitimidad de su accionar, puesto que se rompi\u00f3 el car\u00e1cter comunicativo entre sus partes&#8230;<\/p><cite>DUROS CONCEPTOS DE MAURO A. SOSA, DIRIGENTE DE BODEGUEROS DEL ESTE<\/cite><\/blockquote>\n\n\n\n<div style=\"height:23px\" aria-hidden=\"true\" class=\"wp-block-spacer\"><\/div>\n\n\n\n<p>En el pen\u00faltimo cap\u00edtulo p\u00fablico de esta novela, <strong>la diputada por Cambia Mendoza Josefina Canale<\/strong> agreg\u00f3 su voz al coro de cr\u00edticos de la Coviar. Su principal argumento para cuestionar al ente vitivin\u00edcola es que no ha logrado llegar a los peque\u00f1os productores con los beneficios que sus directivos proclaman. \u00abCuando no le va mal al productor, le va mal al bodeguero y siempre perdemos todos\u00bb, dijo ejemplificando c\u00f3mo la crisis puede irradiar de un nivel a otro de los niveles productivos. <\/p>\n\n\n\n<p>En una entrevista realizada por <strong>mendozapost.com<\/strong> la diputada Canale sintetiz\u00f3 sus objeciones y propuestas: \u00abHay que convocar a un debate amplio, con todos los sectores de la econom\u00eda y la producci\u00f3n, con la inclusi\u00f3n de \u00e1mbitos acad\u00e9micos, para repensar la vitivinicultura de este siglo. No podemos seguir as\u00ed de crisis en crisis&#8230; En este marco, prorrogar el PEVI hasta 2030, cuando obviamente no ha alcanzado sus objetivos, resulta totalmente corporativo y absurdo.\u00bb <\/p>\n\n\n\n<div style=\"height:20px\" aria-hidden=\"true\" class=\"wp-block-spacer\"><\/div>\n\n\n\n<p class=\"has-medium-font-size\"><strong>Fiochetta el <\/strong><em><strong>frontman<\/strong><\/em><\/p>\n\n\n\n<div style=\"height:20px\" aria-hidden=\"true\" class=\"wp-block-spacer\"><\/div>\n\n\n\n<div class=\"wp-block-image\"><figure class=\"alignleft size-large is-resized\"><img loading=\"lazy\" decoding=\"async\" src=\"https:\/\/enolife.com.ar\/es\/wp-content\/uploads\/2020\/01\/image-56.png\" alt=\"\" class=\"wp-image-7003\" width=\"352\" height=\"369\" srcset=\"https:\/\/enolife.com.ar\/es\/wp-content\/uploads\/2020\/01\/image-56.png 430w, https:\/\/enolife.com.ar\/es\/wp-content\/uploads\/2020\/01\/image-56-287x300.png 287w\" sizes=\"auto, (max-width: 352px) 100vw, 352px\" \/><figcaption><em><strong>Carlos Fiochetta<\/strong><\/em><\/figcaption><\/figure><\/div>\n\n\n\n<p>Como era de esperar, la respuesta de la Coviar lleg\u00f3 de inmediato. Y, como ha sido habitual, el encargado de manifestarla fue <strong>Carlos Fiochetta, gerente general del ente p\u00fablico-privado.<\/strong> Por alguna raz\u00f3n, el joven Fiochetta es quien sale a enfrentar, con su s\u00f3lido discurso, a los detractores. Al parecer, otros dirigentes de peso como <strong>Eduardo Sancho<\/strong> y <strong>\u00c1ngel Leotta <\/strong>prefieren dedicarse m\u00e1s a los menesteres estrat\u00e9gicos y al dise\u00f1o del nuevo <strong>PEVI 2030<\/strong>, dejando al gerente general la comunicaci\u00f3n p\u00fablica.<\/p>\n\n\n\n<p>As\u00ed fue que, en el \u00faltimo cap\u00edtulo escenificado en la prensa mendocina, Fiochetta fue, primero, gentil y diplom\u00e1tico con Canale: \u00abNos sorprendi\u00f3 la cr\u00edtica furibunda y la hemos invitado a charlar y dialogar\u00bb. En un nota publicada en el <strong>diario y la radio MDZ<\/strong>, Fiochetta agreg\u00f3: \u00abNos sorprenden las cr\u00edticas porque Josefina Canale tuvo contacto con nosotros cuando fue asesora de otros legisladores, pero en el \u00faltimo tiempo no hubo v\u00ednculo fluido\u00bb.  <\/p>\n\n\n\n<div style=\"height:20px\" aria-hidden=\"true\" class=\"wp-block-spacer\"><\/div>\n\n\n\n<blockquote class=\"wp-block-quote is-layout-flow wp-block-quote-is-layout-flow\"><p>Le hemos dicho que no al impuesto al vino. Pudimos hacer publicidad en la Ciudad de Buenos Aires. Hicimos que el Papa Francisco use vino argentino. Creamos centros vit\u00edcolas y el Observatorio Vitivin\u00edcola, que es referencia de consulta permanente&#8230;<\/p><cite>Los logros de la Coviar, destacados por el gerente Carlos Fiochetta<\/cite><\/blockquote>\n\n\n\n<div style=\"height:23px\" aria-hidden=\"true\" class=\"wp-block-spacer\"><\/div>\n\n\n\n<p>Tras el tiro por elevaci\u00f3n contra Canale,&nbsp;Fiochetta defendi\u00f3 la misi\u00f3n de la Coviar, asegurando que no corresponde hablar de \u00e9xitos y fracasos rotundos sino m\u00e1s bien destacar logros positivos:&nbsp;\u00abLe hemos dicho que no al impuesto al vino. Pudimos hacer publicidad en la Ciudad de Buenos Aires. Hicimos que el <strong>Papa Francisco<\/strong> use vino argentino. Creamos centros vit\u00edcolas y el <strong>Observatorio Vitivin\u00edcola<\/strong>, que es referencia de consulta permanente. La Coviar ha permitido tener un elemento institucional de fortaleza para trabajar lo p\u00fablico y lo privado\u00bb.<\/p>\n\n\n\n<div style=\"height:22px\" aria-hidden=\"true\" class=\"wp-block-spacer\"><\/div>\n\n\n\n<p class=\"has-background has-pale-cyan-blue-background-color\">Fiochetta us\u00f3 un original giro para redefinir a su entidad: \u00ab<strong>La Coviar es una innovaci\u00f3n<\/strong>. No es ni una c\u00e1mara sectorial ni un organismo del Estado. Aqu\u00ed confluyen la pol\u00edtica p\u00fablica y las c\u00e1maras empresarias. Un miembro del directorio es el ministro de Econom\u00eda de Mendoza y&nbsp;tambi\u00e9n el de San Juan. Es una organizaci\u00f3n compleja de interacci\u00f3n p\u00fablico-privada. En primer lugar, creo que es una innovaci\u00f3n porque en los \u00faltimos 15 a\u00f1os signific\u00f3 una transformaci\u00f3n institucional\u00bb.<\/p>\n\n\n\n<div style=\"height:27px\" aria-hidden=\"true\" class=\"wp-block-spacer\"><\/div>\n\n\n\n<p>Fiochetta destac\u00f3 el hecho de que la Coviar es una instituci\u00f3n con financiamiento propio, gracias al aporte que, de forma obligatoria -establecido por la ley 25.849- realizan los establecimientos vitivin\u00edcolas.&nbsp;\u00abEl a\u00f1o pasado participamos activamente en la negociaci\u00f3n con la Uni\u00f3n Europea y la baja de los reintegros y la verdad es que el financiamiento nos da esa posibilidad de ser independientes\u00bb, apunt\u00f3.<\/p>\n\n\n\n<p>Por otro lado, puso de relieve que, gracias a la firma de convenios con instituciones como el <strong>INTA<\/strong>&nbsp;y a la obtenci\u00f3n de financiamiento nacional, se adquirieron drones que se usan para recabar informaci\u00f3n \u00fatil para 300 productores. \u00abSe ayuda al productor a que sepa d\u00f3nde faltan plantas, los lugares en los que hay desnivel, etc\u00e9tera\u00bb, explic\u00f3.<\/p>\n\n\n\n<p>Finalmente, Fiochetta adelant\u00f3 que este a\u00f1o 2020 el <strong>\u00abDesayuno de la Coviar\u00bb<\/strong> -una tradicional reuni\u00f3n de personalidades, empresarios, dirigentes vitivin\u00edcolas pol\u00edticos y periodistas durante la ma\u00f1ana del d\u00eda de la Fiesta de la Vendimia central, que tambi\u00e9n es cuestionada por Canale- tendr\u00e1 la novedad de que durante su transcurso se anunciar\u00e1 el recambio de autoridades y una restructuraci\u00f3n interna que ya se est\u00e1 preparando.<\/p>\n\n\n\n<p><\/p>\n\n\n\n<p>&nbsp; <\/p>\n\n\n\n<p>  <\/p>\n","protected":false},"excerpt":{"rendered":"<p>La legisladora provincial por el Partido Dem\u00f3crata Progresista, que busca amplificar los reclamos de los&hellip;<\/p>\n","protected":false},"author":3,"featured_media":7005,"comment_status":"open","ping_status":"open","sticky":false,"template":"","format":"standard","meta":{"footnotes":""},"categories":[14],"tags":[],"class_list":["post-6926","post","type-post","status-publish","format-standard","has-post-thumbnail","hentry","category-news"],"_links":{"self":[{"href":"https:\/\/enolife.com.ar\/es\/wp-json\/wp\/v2\/posts\/6926","targetHints":{"allow":["GET"]}}],"collection":[{"href":"https:\/\/enolife.com.ar\/es\/wp-json\/wp\/v2\/posts"}],"about":[{"href":"https:\/\/enolife.com.ar\/es\/wp-json\/wp\/v2\/types\/post"}],"author":[{"embeddable":true,"href":"https:\/\/enolife.com.ar\/es\/wp-json\/wp\/v2\/users\/3"}],"replies":[{"embeddable":true,"href":"https:\/\/enolife.com.ar\/es\/wp-json\/wp\/v2\/comments?post=6926"}],"version-history":[{"count":0,"href":"https:\/\/enolife.com.ar\/es\/wp-json\/wp\/v2\/posts\/6926\/revisions"}],"wp:featuredmedia":[{"embeddable":true,"href":"https:\/\/enolife.com.ar\/es\/wp-json\/wp\/v2\/media\/7005"}],"wp:attachment":[{"href":"https:\/\/enolife.com.ar\/es\/wp-json\/wp\/v2\/media?parent=6926"}],"wp:term":[{"taxonomy":"category","embeddable":true,"href":"https:\/\/enolife.com.ar\/es\/wp-json\/wp\/v2\/categories?post=6926"},{"taxonomy":"post_tag","embeddable":true,"href":"https:\/\/enolife.com.ar\/es\/wp-json\/wp\/v2\/tags?post=6926"}],"curies":[{"name":"wp","href":"https:\/\/api.w.org\/{rel}","templated":true}]}}