{"id":69227,"date":"2022-07-17T14:07:02","date_gmt":"2022-07-17T14:07:02","guid":{"rendered":"http:\/\/enolife.com.ar\/es\/?p=69227"},"modified":"2022-07-19T18:06:31","modified_gmt":"2022-07-19T18:06:31","slug":"renovacion-jose-bartolucci-y-juan-palomo-lideran-la-camara-de-vinos-a-granel","status":"publish","type":"post","link":"https:\/\/enolife.com.ar\/es\/renovacion-jose-bartolucci-y-juan-palomo-lideran-la-camara-de-vinos-a-granel\/","title":{"rendered":"Renovaci\u00f3n: Jos\u00e9 Bartolucci y Juan Palomo lideran la C\u00e1mara de Vinos a Granel"},"content":{"rendered":"\n<h4 class=\"wp-block-heading\"><em><strong>La C\u00e1mara Argentina de Vinos a Granel (CAVG) difundi\u00f3 c\u00f3mo queda conformado su directorio luego de la asamblea celebrada esta semana. La novedad est\u00e1 en el cargo de gesti\u00f3n, ya que se incorpora como gerente el experto en econom\u00eda Juan Manuel Palomo, ocupando el lugar de Alejandro Luis Ballarini, quien pas\u00f3 al sector privado. La presidencia de la entidad sigue a cargo de Jos\u00e9 Bartolucci, de la empresa Sul Mineira, y como vicepresidente fue elegido Jos\u00e9 Di Marco, de la empresa Sol Frut de San Juan.<\/strong><\/em><\/h4>\n\n\n\n<div style=\"height:34px\" aria-hidden=\"true\" class=\"wp-block-spacer\"><\/div>\n\n\n<a href=\"https:\/\/sudafilt.com\/\" aria-label=\"SUDAFILT 1700X500 NOV25\"><img loading=\"lazy\" decoding=\"async\" src=\"https:\/\/enolife.com.ar\/es\/wp-content\/uploads\/2020\/07\/SUDAFILT-1700X500-NOV25.gif\" alt=\"\"  width=\"1700\" height=\"500\"   \/><\/a>\n\n\n<div style=\"height:36px\" aria-hidden=\"true\" class=\"wp-block-spacer\"><\/div>\n\n\n\n<p>Durante la asamblea celebrada esta semana, la C\u00e1mara Argentina de Vinos a Granel (CAVG) eligi\u00f3 a los nuevos miembros de la comisi\u00f3n directiva. Por unanimidad, la presidencia seguir\u00e1 a cargo de <strong>Jos\u00e9 Bartolucci, de la empresa Sul Mineira<\/strong>, en tanto como vicepresidente se incorpor\u00f3 <strong>Jos\u00e9 Di Marco, de la empresa Sol Frut de San Juan.<\/strong><\/p>\n\n\n\n<p>Tambi\u00e9n se renovaron los cargos de <strong>vocal titular y vocal suplent<\/strong>e, ocupados respectivamente a partir de ahora por <strong>Ricardo L\u00f3pez, de Kineta<\/strong> <strong>SA<\/strong> y <strong>Rub\u00e9n Panella, actual presidente de Fecovita.<\/strong><\/p>\n\n\n\n<div style=\"height:20px\" aria-hidden=\"true\" class=\"wp-block-spacer\"><\/div>\n\n\n\n<p class=\"has-background has-very-light-gray-background-color\">Nacida en 2018, la CAVG es una entidad privada y sin fines de lucro, integrada por empresas elaboradoras, exportadoras y relacionadas con la gesti\u00f3n log\u00edstica y comercial internacional de vinos a granel en la Rep\u00fablica Argentina; con el prop\u00f3sito de contribuir al origen y consolidaci\u00f3n de pol\u00edticas de desarrollo sectorial, defender intereses comunes de los socios y fomentar la exportaci\u00f3n del vino a granel argentino a mercados extranjeros. <br><br>Fue nombrada en 2020 por la Coviar como Unidad Ejecutora del Programa de Promoci\u00f3n Internacional de los vinos a granel de Argentina en el marco del PEVI 2030.<br><br>Tambi\u00e9n, con el objetivo de lograr el reconocimiento mundial de los excelentes vinos que se comercializan en grandes vol\u00famenes, se encuentra alineada con las acciones que realiza WofA&nbsp;a fin de contribuir al \u00e9xito global de la industria vitivin\u00edcola nacional a trav\u00e9s de la construcci\u00f3n de la marca \u201cVino Argentino\u201d.<br>https:\/\/vinoagranel.org.ar\/<\/p>\n\n\n\n<div style=\"height:20px\" aria-hidden=\"true\" class=\"wp-block-spacer\"><\/div>\n\n\n\n<div class=\"wp-block-image\"><figure class=\"alignleft is-resized\"><img loading=\"lazy\" decoding=\"async\" src=\"https:\/\/media-exp1.licdn.com\/dms\/image\/C4D03AQFLsF_JjZX29A\/profile-displayphoto-shrink_200_200\/0\/1619214069956?e=1659571200&amp;v=beta&amp;t=74vKjm-MzFrEAHb1fZ20fchdrXulFAgj_7Q5AGs57us\" alt=\"Alejandro Luis Ballarini - General Manager - Argentine Bulk Wine Chamber  (ABC) | LinkedIn\" width=\"183\" height=\"183\"\/><figcaption><strong><em>Alejandro Ballarini<\/em><\/strong><\/figcaption><\/figure><\/div>\n\n\n\n<p>La Comisi\u00f3n Directiva despidi\u00f3 con c\u00e1lidas palabras de agradecimiento a <strong>Alejandro Ballarini,<\/strong> destacando los logros que ha tenido la instituci\u00f3n desde 2018, en particular el camino realizado para ser reconocida como Unidad Promocional Internacional del Vino a Granel por la Corporaci\u00f3n Vitivin\u00edcola Argentina en 2020, adem\u00e1s de la creaci\u00f3n del primer portal online para la compra-venta de vino a granel de Argentina, desarrollado con fondos del plan estatal Procer.<\/p>\n\n\n\n<div style=\"height:20px\" aria-hidden=\"true\" class=\"wp-block-spacer\"><\/div>\n\n\n\n<p>Su sucesor, <strong>Juan Manuel Palomo <\/strong>es un profesional con m\u00e1s de 10 a\u00f1os de experiencia en el desarrollo e implementaci\u00f3n de pol\u00edticas industriales y comerciales, gesti\u00f3n de proyectos de inversi\u00f3n y relaciones institucionales. En su extenso CV se destaca su desempe\u00f1o como Consultor Econ\u00f3mico de Fundaci\u00f3n UNSAM Innovaci\u00f3n y Tecnolog\u00eda, Universidad Nacional de San Mart\u00edn, Coordinador T\u00e9cnico de la Direcci\u00f3n de Normas T\u00e9cnicas Sectoriales, Secretar\u00eda de Comercio Interior, Ministerio de Producci\u00f3n, adem\u00e1s fue coordinador sectorial de la Secretar\u00eda de planeamiento estrat\u00e9gico industrial del Ministerio de Industria, entre otras actividades.<\/p>\n\n\n\n<div style=\"height:66px\" aria-hidden=\"true\" class=\"wp-block-spacer\"><\/div>\n","protected":false},"excerpt":{"rendered":"<p>La C\u00e1mara Argentina de Vinos a Granel (CAVG) difundi\u00f3 c\u00f3mo queda conformado su directorio luego&hellip;<\/p>\n","protected":false},"author":3,"featured_media":69341,"comment_status":"open","ping_status":"open","sticky":false,"template":"","format":"standard","meta":{"footnotes":""},"categories":[14],"tags":[],"class_list":["post-69227","post","type-post","status-publish","format-standard","has-post-thumbnail","hentry","category-news"],"_links":{"self":[{"href":"https:\/\/enolife.com.ar\/es\/wp-json\/wp\/v2\/posts\/69227","targetHints":{"allow":["GET"]}}],"collection":[{"href":"https:\/\/enolife.com.ar\/es\/wp-json\/wp\/v2\/posts"}],"about":[{"href":"https:\/\/enolife.com.ar\/es\/wp-json\/wp\/v2\/types\/post"}],"author":[{"embeddable":true,"href":"https:\/\/enolife.com.ar\/es\/wp-json\/wp\/v2\/users\/3"}],"replies":[{"embeddable":true,"href":"https:\/\/enolife.com.ar\/es\/wp-json\/wp\/v2\/comments?post=69227"}],"version-history":[{"count":0,"href":"https:\/\/enolife.com.ar\/es\/wp-json\/wp\/v2\/posts\/69227\/revisions"}],"wp:featuredmedia":[{"embeddable":true,"href":"https:\/\/enolife.com.ar\/es\/wp-json\/wp\/v2\/media\/69341"}],"wp:attachment":[{"href":"https:\/\/enolife.com.ar\/es\/wp-json\/wp\/v2\/media?parent=69227"}],"wp:term":[{"taxonomy":"category","embeddable":true,"href":"https:\/\/enolife.com.ar\/es\/wp-json\/wp\/v2\/categories?post=69227"},{"taxonomy":"post_tag","embeddable":true,"href":"https:\/\/enolife.com.ar\/es\/wp-json\/wp\/v2\/tags?post=69227"}],"curies":[{"name":"wp","href":"https:\/\/api.w.org\/{rel}","templated":true}]}}