{"id":6767,"date":"2020-01-27T15:59:59","date_gmt":"2020-01-27T15:59:59","guid":{"rendered":"http:\/\/enolife.com.ar\/es\/?p=6767"},"modified":"2020-01-28T21:10:06","modified_gmt":"2020-01-28T21:10:06","slug":"este-ano-san-juan-destina-200-millones-para-cosecha-y-acarreo-un-40-mas-que-en-2019","status":"publish","type":"post","link":"https:\/\/enolife.com.ar\/es\/este-ano-san-juan-destina-200-millones-para-cosecha-y-acarreo-un-40-mas-que-en-2019\/","title":{"rendered":"Este a\u00f1o San Juan destina 200 millones para cosecha y acarreo, un 40% m\u00e1s que en 2019"},"content":{"rendered":"\n<h4 class=\"wp-block-heading\"><em><strong>El ministro de Producci\u00f3n y Desarrollo Econ\u00f3mico de la  provincia, Andr\u00e9s D\u00edaz Cano, comunic\u00f3 a productores vitivin\u00edcolas que habr\u00e1 m\u00e1s fondos que el a\u00f1o pasado para cr\u00e9ditos destinados a levantar la uva de las fincas y llevarla a las bodegas. El dinero proviene de la recuperaci\u00f3n de la inversi\u00f3n en el programa \u00abCompra de uva\u00bb.<\/strong><\/em><\/h4>\n\n\n\n<div style=\"height:34px\" aria-hidden=\"true\" class=\"wp-block-spacer\"><\/div>\n\n\n\n<p>El ministro de Producci\u00f3n y Desarrollo Econ\u00f3mico de San Juan se reuni\u00f3 el pasado jueves 23\/1\/20 con representantes de la Mesa de Consenso Vitivin\u00edcola, con el objetivo de anunciar medidas gubernamentales de apoyo financiero a los productores, justo al inicio de la temporada de cosecha en la provincia.<\/p>\n\n\n\n<p>D\u00edaz Cano inform\u00f3 que \u201cse ha recuperado todo el dinero invertido en el programa &#8216;Compra de uva&#8217;; esos son los fondos con los que <strong>contamos ahora y estamos incorporando 200 millones m\u00e1s para cosecha y acarreo<\/strong>, es decir que nuevamente vamos a otorgar cr\u00e9ditos para asistir a los vi\u00f1ateros y al sector agroindustrial sanjuanino\u201d.<\/p>\n\n\n\n<p>El Ministro de Producci\u00f3n y Desarrollo Econ\u00f3mico agreg\u00f3 que se est\u00e1 evaluando la posibilidad de implementar un&nbsp;nuevo convenio con las bodegas.&nbsp;\u201cEl acuerdo consistir\u00eda en un <strong>compromiso por parte de la bodega de recibir la uva a un precio acordado <\/strong>y, a su vez, ellos tendr\u00e1n acceso a un cr\u00e9dito con garant\u00eda de cheque, a trav\u00e9s de la fiduciaria\u201d, asegur\u00f3.<\/p>\n\n\n\n<p>El funcionario sanjuanino estuvo acompa\u00f1ado  por el secretario de Agricultura, Ganader\u00eda y Agroindustria, Marcelo Balderramo; el director de Asuntos Vitivin\u00edcolas, Fioravante Da Rold y el subdirector de Asuntos Vitivin\u00edcola, Juan Mart\u00edn Garc\u00e9s.<\/p>\n\n\n\n<p>La Mesa de Consenso Vitivin\u00edcola esta integrada por Jos\u00e9 \u201cCatuco\u201d Molina, de la C\u00e1mara de Productores Vit\u00edcolas de San Juan; \u00c1ngel Leotta, de la C\u00e1mara Vitivin\u00edcola de San Juan; Andr\u00e9s Berzenkovich, de la C\u00e1mara de Bodegueros de San Juan; Eduardo S\u00e1nchez, del Centro de Productores de Angaco; Pablo Mart\u00edn, de la C\u00e1mara de Producci\u00f3n, Empaque y Comercio Frutihort\u00edcola de San Juan (CPEC); Mauricio Fern\u00e1ndez, de la C\u00e1mara Argentina de Vinos a Granel; Eduardo Garc\u00e9s, Alejandro Pons y Juan Manuel Coria, de la Federaci\u00f3n de Vi\u00f1ateros y Productores Agropecuarios de San Juan; Juan Jos\u00e9 Ramos y Rub\u00e9n G\u00f3mez de la Asociaci\u00f3n de Vi\u00f1ateros Independientes; Nicol\u00e1s Yanz\u00f3n y Alberto Gallardo, productores autoconvocados, entre otros vi\u00f1ateros sanjuaninos.<\/p>\n\n\n\n<div style=\"height:20px\" aria-hidden=\"true\" class=\"wp-block-spacer\"><\/div>\n\n\n\n<div class=\"wp-block-image\"><figure class=\"aligncenter\"><img decoding=\"async\" src=\"https:\/\/d2ebqhgpmn0del.cloudfront.net\/media\/k2\/items\/cache\/20b64d39d58f96499191489ca8931b9e_L.jpg\" alt=\"Se realiz\u00f3 una reuni\u00f3n para evaluar y planificar el futuro de la vitivinicultura\"\/><\/figure><\/div>\n\n\n\n<div style=\"height:20px\" aria-hidden=\"true\" class=\"wp-block-spacer\"><\/div>\n\n\n\n<p>Cabe recordar que en 2019 se otorgaron hasta $1,4 millones por productor para gastos inherentes a cosecha, acarreo y elaboraci\u00f3n&nbsp;de productos agr\u00edcolas. Y que esa cifra se ampli\u00f3&nbsp;para empresas agroindustriales hasta $8 millones adicionales. Los montos para cada productor o empresario agroindustrial disponibles para este a\u00f1o a\u00fan no se difundieron p\u00fablicamente, pero los interesados en averiguarlos pueden consultar en:<\/p>\n\n\n\n<p class=\"has-background has-light-green-cyan-background-color\">-Agencia San Juan de Desarrollo de Inversiones, Casa de Gobierno de San Juan, Pabell\u00f3n 5. Tel\u00e9fono 4296282, email&nbsp;<a href=\"mailto:creditos@inversionessanjuan.gov.ar\">creditos@inversionessanjuan.gov.ar<\/a>  <\/p>\n\n\n\n<div style=\"height:27px\" aria-hidden=\"true\" class=\"wp-block-spacer\"><\/div>\n\n\n\n<p class=\"has-small-font-size\"><em><strong>Fuente: SI San Juan<\/strong><\/em><\/p>\n","protected":false},"excerpt":{"rendered":"<p>El ministro de Producci\u00f3n y Desarrollo Econ\u00f3mico de la provincia, Andr\u00e9s D\u00edaz Cano, comunic\u00f3 a&hellip;<\/p>\n","protected":false},"author":3,"featured_media":6906,"comment_status":"open","ping_status":"open","sticky":false,"template":"","format":"standard","meta":{"footnotes":""},"categories":[5],"tags":[],"class_list":["post-6767","post","type-post","status-publish","format-standard","has-post-thumbnail","hentry","category-fincas"],"_links":{"self":[{"href":"https:\/\/enolife.com.ar\/es\/wp-json\/wp\/v2\/posts\/6767","targetHints":{"allow":["GET"]}}],"collection":[{"href":"https:\/\/enolife.com.ar\/es\/wp-json\/wp\/v2\/posts"}],"about":[{"href":"https:\/\/enolife.com.ar\/es\/wp-json\/wp\/v2\/types\/post"}],"author":[{"embeddable":true,"href":"https:\/\/enolife.com.ar\/es\/wp-json\/wp\/v2\/users\/3"}],"replies":[{"embeddable":true,"href":"https:\/\/enolife.com.ar\/es\/wp-json\/wp\/v2\/comments?post=6767"}],"version-history":[{"count":0,"href":"https:\/\/enolife.com.ar\/es\/wp-json\/wp\/v2\/posts\/6767\/revisions"}],"wp:featuredmedia":[{"embeddable":true,"href":"https:\/\/enolife.com.ar\/es\/wp-json\/wp\/v2\/media\/6906"}],"wp:attachment":[{"href":"https:\/\/enolife.com.ar\/es\/wp-json\/wp\/v2\/media?parent=6767"}],"wp:term":[{"taxonomy":"category","embeddable":true,"href":"https:\/\/enolife.com.ar\/es\/wp-json\/wp\/v2\/categories?post=6767"},{"taxonomy":"post_tag","embeddable":true,"href":"https:\/\/enolife.com.ar\/es\/wp-json\/wp\/v2\/tags?post=6767"}],"curies":[{"name":"wp","href":"https:\/\/api.w.org\/{rel}","templated":true}]}}