{"id":67538,"date":"2022-07-07T23:10:59","date_gmt":"2022-07-07T23:10:59","guid":{"rendered":"http:\/\/enolife.com.ar\/es\/?p=67538"},"modified":"2022-07-09T03:33:02","modified_gmt":"2022-07-09T03:33:02","slug":"cruzaran-informacion-6-organismos-de-mendoza-para-evaluar-danos-de-contingencias-en-detalle","status":"publish","type":"post","link":"https:\/\/enolife.com.ar\/es\/cruzaran-informacion-6-organismos-de-mendoza-para-evaluar-danos-de-contingencias-en-detalle\/","title":{"rendered":"Cruzar\u00e1n informaci\u00f3n 6 organismos de Mendoza para evaluar da\u00f1os de contingencias en detalle"},"content":{"rendered":"\n<h4 class=\"wp-block-heading\"><em><strong>El Gobierno de Mendoza, a trav\u00e9s del Ministerio de Econom\u00eda y Energ\u00eda, se encuentra trabajando en los \u00faltimos detalles de un sistema integrado de informaci\u00f3n para eficientizar la producci\u00f3n agr\u00edcola de la provincia. La propuesta permitir\u00e1 obtener, informes t\u00e9cnicos sobre nivel de da\u00f1os, superficie y tipo de cultivo afectado ante una contingencia clim\u00e1tica, porcentaje de uso de malla y tipo de riego, valor de producci\u00f3n, costos y pron\u00f3stico de cosecha esperado, entre otros. Para obtener los datos se integrar\u00e1n 6 organismos del Estado<\/strong><\/em><\/h4>\n\n\n\n<div style=\"height:44px\" aria-hidden=\"true\" class=\"wp-block-spacer\"><\/div>\n\n\n<a href=\"https:\/\/www.linkedin.com\/company\/agrinet-sa\/?originalSubdomain=ar\" aria-label=\"1700X500\"><img loading=\"lazy\" decoding=\"async\" src=\"https:\/\/enolife.com.ar\/es\/wp-content\/uploads\/2021\/11\/1700X500.gif\" alt=\"\"  width=\"1700\" height=\"500\"   \/><\/a>\n\n\n<div style=\"height:67px\" aria-hidden=\"true\" class=\"wp-block-spacer\"><\/div>\n\n\n\n<p>El proyecto, que fue presentado a las autoridades de la cartera econ\u00f3mica provincial en horas de la ma\u00f1ana de este lunes, estar\u00e1 integrado por diferentes componentes, entre ellos el modelo de Registro \u00fanico de Tierras (RUT), la conexi\u00f3n t\u00e9cnica y conceptual entre los organismos que conformen la iniciativa, el cruce de informaci\u00f3n e indicadores y la generaci\u00f3n de contenido como reportes y oportunidades.<\/p>\n\n\n\n<div style=\"height:20px\" aria-hidden=\"true\" class=\"wp-block-spacer\"><\/div>\n\n\n\n<h4 class=\"has-vivid-red-color has-text-color wp-block-heading\"><strong>Organismos involucrados:  Direcci\u00f3n de Agricultura, Direcci\u00f3n de Fiscalizaci\u00f3n y Control, Direcci\u00f3n de Ganader\u00eda, Direcci\u00f3n de Contingencias Clim\u00e1ticas. el Instituto de Desarrollo Rural (IDR) y el de Sanidad y Calidad Agropecuaria Mendoza (Iscamen).<\/strong><\/h4>\n\n\n\n<div style=\"height:20px\" aria-hidden=\"true\" class=\"wp-block-spacer\"><\/div>\n\n\n\n<p>Seg\u00fan detallaron desde Econom\u00eda, el sistema arrojar\u00e1, ante un hecho clim\u00e1tico de relevancia, informaci\u00f3n concreta sobre nivel de da\u00f1os en cuanto a cantidad de hect\u00e1reas alcanzadas, tipo de cultivo afectado, una estimaci\u00f3n del nivel de da\u00f1o econ\u00f3mico generado en cada caso y de c\u00f3mo se ver\u00e1n afectados los rendimientos de cara a pr\u00f3ximas temporadas.<\/p>\n\n\n\n<p>Adem\u00e1s, al contar con informaci\u00f3n concreta sobre las medidas tomadas anteriormente ante situaciones similares, como por ejemplo la distribuci\u00f3n de oxicloruro de sodio para la cura de plantas, el Sistema Integrado de Informaci\u00f3n arrojar\u00e1 recomendaciones sobre c\u00f3mo se deber\u00eda actuar en determinadas zonas seg\u00fan el nivel de da\u00f1o en cada una de ellas.<\/p>\n\n\n\n<p>El titular de Econom\u00eda y Energ\u00eda, <strong>Enrique Vaqui\u00e9<\/strong>, coment\u00f3 que&nbsp;<em>\u201cEsta herramienta representa un avance concreto en cuanto a manejo de informaci\u00f3n relevante para la actividad agr\u00edcola de la provincia.&nbsp;No solo permitir\u00e1 en un principio acceder a informes de da\u00f1os por contingencias clim\u00e1ticas, por ejemplo, sino que, prev\u00e9 la ampliaci\u00f3n hacia otro tipo de informes para la toma de decisiones que aporten al desarrollo y crecimiento del sector productivo mendocino\u00bb.<\/em><\/p>\n\n\n\n<p>Y agreg\u00f3 <em>\u201cBuscamos, d\u00eda a d\u00eda, mejorar los servicios del Estado a productores y Pymes locales. Desde Econom\u00eda trabajamos en la territorializaci\u00f3n de una amplia lista de programas que impliquen el trabajo conjunto, optimizando siempre los recursos\u201d<\/em>.<\/p>\n\n\n\n<p>A su tiempo <strong>Diego Parma, consultor tecnol\u00f3gico del Ministerio de Econom\u00eda y Energ\u00eda,<\/strong> coment\u00f3: <em>\u201cLa iniciativa fue impulsada con el objetivo de mejorar la productividad. Estamos desarrollando un conjunto de herramientas que vinculan distintas dependencias del ministerio, haciendo foco en la generaci\u00f3n y captura de datos precisos y concisos en las mismas.<\/em>\u00ab<\/p>\n\n\n\n<p><em>\u201cEn esta primera etapa trabajamos sobre los datos del IDR, la Direcci\u00f3n de Contingencias Clim\u00e1ticas e ISCAMEN.&nbsp;Logramos establecer procesos, por ejemplo, para entender mejor cuales son las p\u00e9rdidas que realmente involucra una tormenta de granizo, pero el potencial de la generaci\u00f3n y futuro cruce de este tipo de informaci\u00f3n es much\u00edsimo m\u00e1s amplio\u201d, cerro Parma.<\/em><\/p>\n\n\n\n<div style=\"height:20px\" aria-hidden=\"true\" class=\"wp-block-spacer\"><\/div>\n\n\n\n<div class=\"wp-block-image\"><figure class=\"aligncenter size-large\"><img loading=\"lazy\" decoding=\"async\" width=\"666\" height=\"422\" src=\"https:\/\/enolife.com.ar\/es\/wp-content\/uploads\/2022\/07\/Produccion-agricola.jpg\" alt=\"\" class=\"wp-image-67575\" srcset=\"https:\/\/enolife.com.ar\/es\/wp-content\/uploads\/2022\/07\/Produccion-agricola.jpg 666w, https:\/\/enolife.com.ar\/es\/wp-content\/uploads\/2022\/07\/Produccion-agricola-300x190.jpg 300w, https:\/\/enolife.com.ar\/es\/wp-content\/uploads\/2022\/07\/Produccion-agricola-585x371.jpg 585w\" sizes=\"auto, (max-width: 666px) 100vw, 666px\" \/><figcaption><em><strong>Equipo de la cartera econ\u00f3mica de Mendoza durante la reuni\u00f3n. <\/strong><\/em><\/figcaption><\/figure><\/div>\n\n\n\n<div style=\"height:20px\" aria-hidden=\"true\" class=\"wp-block-spacer\"><\/div>\n\n\n\n<p>Por su parte,&nbsp;<strong>Valentina Navarro Canafoglia, Directora de Agricultura de Mendoza<\/strong>, a\u00f1adi\u00f3: <em>\u201cEste es un proyecto en el que se ven\u00eda trabajando y finalmente ya es un hecho. Aqu\u00ed se podr\u00e1 apreciar el trabajo interinstitucional y la optimizaci\u00f3n de los recursos para acceder a informes que permitir\u00e1n reconocer c\u00f3mo se est\u00e1 comportando la actividad agr\u00edcola de nuestra provincia y de c\u00f3mo est\u00e1 conformada a lo largo y a lo ancho del territorio. De este modo avanzamos hacia una mejora concreta de las prestaciones para nuestros productores\u201d<\/em>.&nbsp;&nbsp;&nbsp;<\/p>\n\n\n\n<p>En tanto,&nbsp;desde el Instituto de Desarrollo Rural celebraron la iniciativa:&nbsp;<em>\u201cEsto muestra a las claras el nivel de compromiso del Estado mendocino para impulsar programas de mejora que brinden m\u00e1s y mejores oportunidades para nuestros productores. Nuestra instituci\u00f3n ser\u00e1 parte de esta propuesta que generar\u00e1 informaci\u00f3n concreta y confiable a la hora de la toma de decisiones\u201d<\/em><strong>.<\/strong><\/p>\n\n\n\n<p>Desde el <strong>Iscamen<\/strong>, su <strong>secretaria t\u00e9cnica Mariel Vanin<\/strong>, coment\u00f3: <em>\u201cLos distintos organismos que estamos vinculados a la actividad productiva local, pondremos a disposici\u00f3n toda la informaci\u00f3n con la que contamos. El Sistema est\u00e1 enfocado principalmente a determinar el uso de la tierra de nuestra provincia. Se han agregado nuevas variables. La idea es que todas las instituciones vinculadas al campo estemos validando y actualizando esta informaci\u00f3n y que est\u00e9 a disposici\u00f3n como base estad\u00edstica para la elaboraci\u00f3n de informes como lo pueden ser el impacto de contingencias clim\u00e1ticas o bien caracterizar una zona para el tratamiento de una plaga, por ejemplo\u201d<\/em>.<\/p>\n\n\n\n<p>Entre las prestaciones que tendr\u00e1 este programa, est\u00e1 la posibilidad de conocer r\u00e1pidamente si la superficie a evaluar cuenta, por ejemplo, con malla antigranizo o riego por goteo, qu\u00e9 tipo de cultivo existe, valor de la producci\u00f3n, costos y pron\u00f3stico de cosecha esperado, entre otros.<\/p>\n\n\n\n<p><em>\u201cLa intenci\u00f3n es que en poco tiempo se puedan ir superponiendo capas en el cual se podr\u00edan sumar bodegas, galpones de empaque, infraestructuras, caminos para poder hacer un r\u00e1pido diagn\u00f3stico de alguna tem\u00e1tica espec\u00edfica\u201d<\/em>, cerr\u00f3 la funcionaria.&nbsp;<\/p>\n\n\n\n<div style=\"height:47px\" aria-hidden=\"true\" class=\"wp-block-spacer\"><\/div>\n","protected":false},"excerpt":{"rendered":"<p>El Gobierno de Mendoza, a trav\u00e9s del Ministerio de Econom\u00eda y Energ\u00eda, se encuentra trabajando&hellip;<\/p>\n","protected":false},"author":3,"featured_media":67573,"comment_status":"open","ping_status":"open","sticky":false,"template":"","format":"standard","meta":{"footnotes":""},"categories":[14],"tags":[],"class_list":["post-67538","post","type-post","status-publish","format-standard","has-post-thumbnail","hentry","category-news"],"_links":{"self":[{"href":"https:\/\/enolife.com.ar\/es\/wp-json\/wp\/v2\/posts\/67538","targetHints":{"allow":["GET"]}}],"collection":[{"href":"https:\/\/enolife.com.ar\/es\/wp-json\/wp\/v2\/posts"}],"about":[{"href":"https:\/\/enolife.com.ar\/es\/wp-json\/wp\/v2\/types\/post"}],"author":[{"embeddable":true,"href":"https:\/\/enolife.com.ar\/es\/wp-json\/wp\/v2\/users\/3"}],"replies":[{"embeddable":true,"href":"https:\/\/enolife.com.ar\/es\/wp-json\/wp\/v2\/comments?post=67538"}],"version-history":[{"count":0,"href":"https:\/\/enolife.com.ar\/es\/wp-json\/wp\/v2\/posts\/67538\/revisions"}],"wp:featuredmedia":[{"embeddable":true,"href":"https:\/\/enolife.com.ar\/es\/wp-json\/wp\/v2\/media\/67573"}],"wp:attachment":[{"href":"https:\/\/enolife.com.ar\/es\/wp-json\/wp\/v2\/media?parent=67538"}],"wp:term":[{"taxonomy":"category","embeddable":true,"href":"https:\/\/enolife.com.ar\/es\/wp-json\/wp\/v2\/categories?post=67538"},{"taxonomy":"post_tag","embeddable":true,"href":"https:\/\/enolife.com.ar\/es\/wp-json\/wp\/v2\/tags?post=67538"}],"curies":[{"name":"wp","href":"https:\/\/api.w.org\/{rel}","templated":true}]}}