{"id":67527,"date":"2022-07-07T03:35:32","date_gmt":"2022-07-07T03:35:32","guid":{"rendered":"http:\/\/enolife.com.ar\/es\/?p=67527"},"modified":"2022-07-10T15:12:35","modified_gmt":"2022-07-10T15:12:35","slug":"el-plan-de-capacitaciones-de-avm-para-calibrar-pulverizadoras-sigue-en-agosto-en-san-rafael","status":"publish","type":"post","link":"https:\/\/enolife.com.ar\/es\/el-plan-de-capacitaciones-de-avm-para-calibrar-pulverizadoras-sigue-en-agosto-en-san-rafael\/","title":{"rendered":"El plan de capacitaciones de AVM para calibrar pulverizadoras sigue en agosto en San Rafael"},"content":{"rendered":"\n<h4 class=\"wp-block-heading\"><em><strong>El 30 de junio pasado, la Asociaci\u00f3n Vi\u00f1ateros de Mendoza (AVM) comenz\u00f3 un ciclo de capacitaciones gratuitas sobre calibraci\u00f3n de maquinarias de pulverizaci\u00f3n, en el que se instruy\u00f3 a productores y tractoristas c\u00f3mo ajustar estos equipos y cu\u00e1les son  las pastillas adecuadas para la aplicaci\u00f3n de herbicidas, insecticidas, fungicidas, sist\u00e9micos y de contacto. El primer trabajo de campo fue en Jun\u00edn y el segundo, el 1\/7, en Lavalle. La actividad se ampliar\u00e1 por todo el territorio de Mendoza: la \u00faltima semana de agosto, en d\u00eda a confirmar, se realizar\u00e1 en el departamento de San Rafael.<\/strong><\/em><\/h4>\n\n\n\n<div style=\"height:20px\" aria-hidden=\"true\" class=\"wp-block-spacer\"><\/div>\n\n\n\n\n\n<div style=\"height:64px\" aria-hidden=\"true\" class=\"wp-block-spacer\"><\/div>\n\n\n\n<p>Con la finalidad de ofrecer un servicio a los productores de toda la provincia de Mendoza, la <strong>Asociaci\u00f3n de Vi\u00f1ateros de Mendoza (AVM)<\/strong> comenz\u00f3 a fines de junio a dictar capacitaciones en el campo, para la utilizaci\u00f3n de herramientas fundamentales para la pulverizaci\u00f3n.<\/p>\n\n\n\n<p>Estas acciones se desarrollaron de manera gratuita, gracias a las empresas  <strong>SPRAYtec<\/strong>, <strong>Magnojet<\/strong> y el distribuidor de S+D en Mendoza, <strong>Horacio Stacchiola.<\/strong> Por su parte, la ingeniera agr\u00f3noma <strong>Yoana Aliotta<\/strong>, de AVM, comparti\u00f3 sus conocimientos y monitore\u00f3 las reuniones junto al equipo de trabajo de la entidad. <\/p>\n\n\n\n<div style=\"height:20px\" aria-hidden=\"true\" class=\"wp-block-spacer\"><\/div>\n\n\n\n<div class=\"wp-block-image\"><figure class=\"aligncenter size-large is-resized\"><img loading=\"lazy\" decoding=\"async\" src=\"https:\/\/enolife.com.ar\/es\/wp-content\/uploads\/2022\/07\/WhatsApp-Image-2022-06-30-at-8.05.37-PM-1024x768-1.jpeg\" alt=\"\" class=\"wp-image-67541\" width=\"554\" height=\"416\" srcset=\"https:\/\/enolife.com.ar\/es\/wp-content\/uploads\/2022\/07\/WhatsApp-Image-2022-06-30-at-8.05.37-PM-1024x768-1.jpeg 1024w, https:\/\/enolife.com.ar\/es\/wp-content\/uploads\/2022\/07\/WhatsApp-Image-2022-06-30-at-8.05.37-PM-1024x768-1-300x225.jpeg 300w, https:\/\/enolife.com.ar\/es\/wp-content\/uploads\/2022\/07\/WhatsApp-Image-2022-06-30-at-8.05.37-PM-1024x768-1-768x576.jpeg 768w, https:\/\/enolife.com.ar\/es\/wp-content\/uploads\/2022\/07\/WhatsApp-Image-2022-06-30-at-8.05.37-PM-1024x768-1-585x439.jpeg 585w\" sizes=\"auto, (max-width: 554px) 100vw, 554px\" \/><figcaption><em><strong>Algunos de los productores durante la capacitaci\u00f3n.<\/strong><\/em><\/figcaption><\/figure><\/div>\n\n\n\n<div style=\"height:26px\" aria-hidden=\"true\" class=\"wp-block-spacer\"><\/div>\n\n\n\n<p>En los encuentros se conocieron detalles sobre el uso de filtros, presi\u00f3n adecuada de la bomba, chequeo de pulverizaci\u00f3n y adaptaci\u00f3n de tractores para realizar un trabajo eficiente en el uso de productos, ahorrando dinero en el mismo y en mano de obra y por sobre todo cuidando el medio ambiente.<\/p>\n\n\n\n<p>El capacitador, ingeniero <strong>Diego Zabaleta<\/strong>,  ofreci\u00f3 adem\u00e1s aportes sobre el manejo y composici\u00f3n de caldos para su posterior pulverizaci\u00f3n y observ\u00f3 apertura y necesidad de los productores de adquirir nuevos conocimientos y . Al respecto, este tipo de capacitaciones se seguir\u00e1n realizando en todos los oasis productivos de <strong>Mendoza<\/strong> y se planifica a fin de agosto una de ellas en <strong>San Rafael<\/strong>.<\/p>\n\n\n\n<div style=\"height:20px\" aria-hidden=\"true\" class=\"wp-block-spacer\"><\/div>\n\n\n\n<div class=\"wp-block-image\"><figure class=\"aligncenter size-large is-resized\"><img loading=\"lazy\" decoding=\"async\" src=\"https:\/\/enolife.com.ar\/es\/wp-content\/uploads\/2022\/07\/WhatsApp-Image-2022-07-05-at-9.44.41-PM-1024x768-1.jpeg\" alt=\"\" class=\"wp-image-67542\" width=\"538\" height=\"404\" srcset=\"https:\/\/enolife.com.ar\/es\/wp-content\/uploads\/2022\/07\/WhatsApp-Image-2022-07-05-at-9.44.41-PM-1024x768-1.jpeg 1024w, https:\/\/enolife.com.ar\/es\/wp-content\/uploads\/2022\/07\/WhatsApp-Image-2022-07-05-at-9.44.41-PM-1024x768-1-300x225.jpeg 300w, https:\/\/enolife.com.ar\/es\/wp-content\/uploads\/2022\/07\/WhatsApp-Image-2022-07-05-at-9.44.41-PM-1024x768-1-768x576.jpeg 768w, https:\/\/enolife.com.ar\/es\/wp-content\/uploads\/2022\/07\/WhatsApp-Image-2022-07-05-at-9.44.41-PM-1024x768-1-585x439.jpeg 585w\" sizes=\"auto, (max-width: 538px) 100vw, 538px\" \/><figcaption><em><strong>Diego Zabaleta (izq), de Sprytec, y Mat\u00edas Manzanares, de AVM, durante la capacitaci\u00f3n.<\/strong><\/em><\/figcaption><\/figure><\/div>\n\n\n\n<div style=\"height:20px\" aria-hidden=\"true\" class=\"wp-block-spacer\"><\/div>\n\n\n\n<p>El encuentro sirvi\u00f3 adem\u00e1s para dialogar con los productores sobre las necesidades actuales de la viticultura. Temas como el uso eficiente del riego, la mano de obra para la pr\u00f3xima vendimia y los valores del precio de las uvas, fueron temas comunes que encontraron un denominador com\u00fan en los miembros de la AVM.<\/p>\n\n\n\n<p>Desde la entidad, adem\u00e1s, se comentaron las acciones que se vienen desarrollando en defensa de los productores de toda la provincia. Tal es el caso del <strong>Proyecto Pr\u00f3cer<\/strong> en el Sur, como la adquisici\u00f3n del volcador de bines en el Oasis Norte. Tambi\u00e9n la campa\u00f1a de precios sugeridos que tiene dos a\u00f1os buscando una mejora sustancial en los valores de las uvas para vinos y mostos. Se suma la campa\u00f1a <strong>\u00abMi Huerta\u00bb<\/strong>, que entrega semillas de temporadas a numerosos productores para colaborar con la econom\u00eda y la nutrici\u00f3n familiar y la compra conjunta de barbechos.<\/p>\n\n\n\n<div style=\"height:37px\" aria-hidden=\"true\" class=\"wp-block-spacer\"><\/div>\n","protected":false},"excerpt":{"rendered":"<p>El 30 de junio pasado, la Asociaci\u00f3n Vi\u00f1ateros de Mendoza (AVM) comenz\u00f3 un ciclo de&hellip;<\/p>\n","protected":false},"author":3,"featured_media":67547,"comment_status":"open","ping_status":"open","sticky":false,"template":"","format":"standard","meta":{"footnotes":""},"categories":[14],"tags":[],"class_list":["post-67527","post","type-post","status-publish","format-standard","has-post-thumbnail","hentry","category-news"],"_links":{"self":[{"href":"https:\/\/enolife.com.ar\/es\/wp-json\/wp\/v2\/posts\/67527","targetHints":{"allow":["GET"]}}],"collection":[{"href":"https:\/\/enolife.com.ar\/es\/wp-json\/wp\/v2\/posts"}],"about":[{"href":"https:\/\/enolife.com.ar\/es\/wp-json\/wp\/v2\/types\/post"}],"author":[{"embeddable":true,"href":"https:\/\/enolife.com.ar\/es\/wp-json\/wp\/v2\/users\/3"}],"replies":[{"embeddable":true,"href":"https:\/\/enolife.com.ar\/es\/wp-json\/wp\/v2\/comments?post=67527"}],"version-history":[{"count":0,"href":"https:\/\/enolife.com.ar\/es\/wp-json\/wp\/v2\/posts\/67527\/revisions"}],"wp:featuredmedia":[{"embeddable":true,"href":"https:\/\/enolife.com.ar\/es\/wp-json\/wp\/v2\/media\/67547"}],"wp:attachment":[{"href":"https:\/\/enolife.com.ar\/es\/wp-json\/wp\/v2\/media?parent=67527"}],"wp:term":[{"taxonomy":"category","embeddable":true,"href":"https:\/\/enolife.com.ar\/es\/wp-json\/wp\/v2\/categories?post=67527"},{"taxonomy":"post_tag","embeddable":true,"href":"https:\/\/enolife.com.ar\/es\/wp-json\/wp\/v2\/tags?post=67527"}],"curies":[{"name":"wp","href":"https:\/\/api.w.org\/{rel}","templated":true}]}}