{"id":67453,"date":"2022-07-05T00:19:22","date_gmt":"2022-07-05T00:19:22","guid":{"rendered":"http:\/\/enolife.com.ar\/es\/?p=67453"},"modified":"2022-07-07T02:38:07","modified_gmt":"2022-07-07T02:38:07","slug":"poda-de-olivos-y-rejuvenecimiento-de-plantas-en-una-capacitacion-gratuita-el-6-7-en-agrarias","status":"publish","type":"post","link":"https:\/\/enolife.com.ar\/es\/poda-de-olivos-y-rejuvenecimiento-de-plantas-en-una-capacitacion-gratuita-el-6-7-en-agrarias\/","title":{"rendered":"Poda de olivos y rejuvenecimiento de plantas, en una capacitaci\u00f3n gratuita el 6\/7 en Agrarias"},"content":{"rendered":"\n<h4 class=\"wp-block-heading\"><em><strong>La Facultad de Ciencias Agrarias (FCA) de la Universidad Nacional de Cuyo (UNCuyo) ha tenido hist\u00f3ricamente un rol protag\u00f3nico en el desarrollo de la industria oliv\u00edcola de Mendoza. En su f\u00e1brica de aceite de oliva virgen extra (AOVE) elabora la marca \u00abOculto\u00bb (antes, \u00abDe la Facultad\u00bb) con olivos de su propia finca, y adem\u00e1s recibe aceitunas de terceros para elaborar a cambio de un porcentaje de lo producido. En esa l\u00ednea de inserci\u00f3n y colaboraci\u00f3n con la comunidad mendocina, el pr\u00f3ximo mi\u00e9rcoles ofrecen una capacitaci\u00f3n con el objetivo de rescatar olivos deteriorados o abandonados, que en Mendoza por desgracia abundan<\/strong><\/em>. <\/h4>\n\n\n\n<div style=\"height:34px\" aria-hidden=\"true\" class=\"wp-block-spacer\"><\/div>\n\n\n\n\n\n<div style=\"height:68px\" aria-hidden=\"true\" class=\"wp-block-spacer\"><\/div>\n\n\n\n<div class=\"wp-block-image\"><figure class=\"alignleft size-large is-resized\"><img loading=\"lazy\" decoding=\"async\" src=\"https:\/\/enolife.com.ar\/es\/wp-content\/uploads\/2022\/07\/abf5dd4b-06dd-4bb5-9aef-719057b8fe52.jpg\" alt=\"\" class=\"wp-image-67494\" width=\"241\" height=\"327\" srcset=\"https:\/\/enolife.com.ar\/es\/wp-content\/uploads\/2022\/07\/abf5dd4b-06dd-4bb5-9aef-719057b8fe52.jpg 401w, https:\/\/enolife.com.ar\/es\/wp-content\/uploads\/2022\/07\/abf5dd4b-06dd-4bb5-9aef-719057b8fe52-221x300.jpg 221w\" sizes=\"auto, (max-width: 241px) 100vw, 241px\" \/><\/figure><\/div>\n\n\n\n<p>Con el objeto de seguir mejorando la calidad de los aceites y de fortalecer la relaci\u00f3n con los productores oliv\u00edcolas mendocinos, la <strong>Facultad de Ciencias Agrarias<\/strong> de la <strong>Universidad Nacional de Cuyo<\/strong>, junto al <strong>Instituto de Desarrollo Rural (IDR)<\/strong>, el <strong>Instituto Nacional de Tecnolog\u00eda Agropecuaria (INTA)<\/strong> y la <strong>Direcci\u00f3n de Agricultura del Gobierno de Mendoza<\/strong>, han organizado una capacitaci\u00f3n gratuita sobre el tema \u00abPoda de Olivos y Rejuvenecimiento de Plantas\u00bb, pr\u00e1cticas agr\u00edcolas fundamentales en esta \u00e9poca y posterior a la cosecha de aceitunas.<\/p>\n\n\n\n<p>Ser\u00e1 el d\u00eda <strong>mi\u00e9rcoles 6 de julio, de 9 a 12 horas, en el Aula 5<\/strong> del bloque de aulas de la Facultad de Ciencias Agrarias. <\/p>\n\n\n\n<p>La invitaci\u00f3n, realizada p\u00fablicamente por las autoridades de la FCA, es para productores, empresarios, contratistas, operarios y otros colaboradores que trabajan en las fincas.<\/p>\n\n\n\n<p class=\"has-background has-very-light-gray-background-color\"><strong>La capacitaci\u00f3n es gratuita, y los interesados en asistir deben inscribirse previamente <a href=\"https:\/\/forms.gle\/J6pJvaFtaii7nX3C8\">AQU\u00cd <\/a><\/strong><\/p>\n\n\n\n<div style=\"height:40px\" aria-hidden=\"true\" class=\"wp-block-spacer\"><\/div>\n\n\n\n<p><\/p>\n","protected":false},"excerpt":{"rendered":"<p>La Facultad de Ciencias Agrarias (FCA) de la Universidad Nacional de Cuyo (UNCuyo) ha tenido&hellip;<\/p>\n","protected":false},"author":5,"featured_media":67497,"comment_status":"open","ping_status":"open","sticky":false,"template":"","format":"standard","meta":{"footnotes":""},"categories":[47],"tags":[],"class_list":["post-67453","post","type-post","status-publish","format-standard","has-post-thumbnail","hentry","category-agenda"],"_links":{"self":[{"href":"https:\/\/enolife.com.ar\/es\/wp-json\/wp\/v2\/posts\/67453","targetHints":{"allow":["GET"]}}],"collection":[{"href":"https:\/\/enolife.com.ar\/es\/wp-json\/wp\/v2\/posts"}],"about":[{"href":"https:\/\/enolife.com.ar\/es\/wp-json\/wp\/v2\/types\/post"}],"author":[{"embeddable":true,"href":"https:\/\/enolife.com.ar\/es\/wp-json\/wp\/v2\/users\/5"}],"replies":[{"embeddable":true,"href":"https:\/\/enolife.com.ar\/es\/wp-json\/wp\/v2\/comments?post=67453"}],"version-history":[{"count":0,"href":"https:\/\/enolife.com.ar\/es\/wp-json\/wp\/v2\/posts\/67453\/revisions"}],"wp:featuredmedia":[{"embeddable":true,"href":"https:\/\/enolife.com.ar\/es\/wp-json\/wp\/v2\/media\/67497"}],"wp:attachment":[{"href":"https:\/\/enolife.com.ar\/es\/wp-json\/wp\/v2\/media?parent=67453"}],"wp:term":[{"taxonomy":"category","embeddable":true,"href":"https:\/\/enolife.com.ar\/es\/wp-json\/wp\/v2\/categories?post=67453"},{"taxonomy":"post_tag","embeddable":true,"href":"https:\/\/enolife.com.ar\/es\/wp-json\/wp\/v2\/tags?post=67453"}],"curies":[{"name":"wp","href":"https:\/\/api.w.org\/{rel}","templated":true}]}}