{"id":67232,"date":"2022-07-01T16:29:11","date_gmt":"2022-07-01T16:29:11","guid":{"rendered":"http:\/\/enolife.com.ar\/es\/?p=67232"},"modified":"2022-07-02T16:18:18","modified_gmt":"2022-07-02T16:18:18","slug":"el-2-7-verallia-cambia-10-envases-de-vidrio-por-1-entrada-al-cine-para-ayudar-al-hospital-infantil","status":"publish","type":"post","link":"https:\/\/enolife.com.ar\/es\/el-2-7-verallia-cambia-10-envases-de-vidrio-por-1-entrada-al-cine-para-ayudar-al-hospital-infantil\/","title":{"rendered":"El 2\/7, Verallia cambia 10 envases de vidrio por 1 entrada al cine, para ayudar al hospital infantil"},"content":{"rendered":"\n<h4 class=\"wp-block-heading\"><em><strong>Verallia Argentina -empresa dedicada a la fabricaci\u00f3n y comercializaci\u00f3n de envases de vidrio para la industria del vino y el aceite de oliva, con f\u00e1brica en Mendoza- festej\u00f3 en junio 10 a\u00f1os del Programa de Reciclado \u00abVidrio, una acci\u00f3n transparente\u00bb, mediante el cual se recolectan y reciclan envases de vidrio en todo el Gran Mendoza, y con ello se ayuda a la Fundaci\u00f3n del Hospital Materno Infantil H. Notti. Para coronar esta acci\u00f3n, ma\u00f1ana s\u00e1bado 2 de julio, de 10.30 a 13.30 hs. en La Barraca Mall de Guaymall\u00e9n, Mendoza, canjear\u00e1n cada 10 envases de vidrio por una entrada al cine, con un m\u00e1ximo de 2 por persona.<\/strong><\/em><\/h4>\n\n\n\n<div style=\"height:31px\" aria-hidden=\"true\" class=\"wp-block-spacer\"><\/div>\n\n\n<a href=\"https:\/\/ar.verallia.com\/\" aria-label=\"VERALLIA 1700 x 500\"><img loading=\"lazy\" decoding=\"async\" src=\"https:\/\/enolife.com.ar\/es\/wp-content\/uploads\/2021\/04\/VERALLIA-1700-x-500.jpg\" alt=\"\"  srcset=\"https:\/\/enolife.com.ar\/es\/wp-content\/uploads\/2021\/04\/VERALLIA-1700-x-500.jpg 1700w, https:\/\/enolife.com.ar\/es\/wp-content\/uploads\/2021\/04\/VERALLIA-1700-x-500-300x88.jpg 300w, https:\/\/enolife.com.ar\/es\/wp-content\/uploads\/2021\/04\/VERALLIA-1700-x-500-1024x301.jpg 1024w, https:\/\/enolife.com.ar\/es\/wp-content\/uploads\/2021\/04\/VERALLIA-1700-x-500-768x226.jpg 768w, https:\/\/enolife.com.ar\/es\/wp-content\/uploads\/2021\/04\/VERALLIA-1700-x-500-1536x452.jpg 1536w, https:\/\/enolife.com.ar\/es\/wp-content\/uploads\/2021\/04\/VERALLIA-1700-x-500-1170x344.jpg 1170w, https:\/\/enolife.com.ar\/es\/wp-content\/uploads\/2021\/04\/VERALLIA-1700-x-500-585x172.jpg 585w\" sizes=\"auto, (max-width: 1700px) 100vw, 1700px\" width=\"1700\" height=\"500\"   \/><\/a>\n\n\n<div style=\"height:61px\" aria-hidden=\"true\" class=\"wp-block-spacer\"><\/div>\n\n\n\n<p>En el mes del <strong>Medio Ambiente<\/strong> -cuyo D\u00eda Universal se celebr\u00f3 el <strong>5 de junio<\/strong> pasado- <strong>Verallia Argentina<\/strong> tambi\u00e9n festej\u00f3 sus 10 a\u00f1os con el <strong>Programa de Reciclado \u00abVidrio, una acci\u00f3n transparente\u00bb<\/strong>. Como parte de esta campa\u00f1a, para seguir incentivando el reciclado del vidrio, promotores y directivos de la empresa <strong>canjear\u00e1n ma\u00f1ana s\u00e1bado 2 de julio botellas y envases de vidrio por entradas para los cines<\/strong> de La Barraca Mall.<\/p>\n\n\n\n<div style=\"height:20px\" aria-hidden=\"true\" class=\"wp-block-spacer\"><\/div>\n\n\n\n<h4 class=\"has-vivid-red-color has-text-color wp-block-heading\">El canje de botellas y\/o frascos de vidrio por entradas al cine se realizar\u00e1 el s\u00e1bado 2 de julio de 10.30 a 13.30 en la playa de estacionamiento de ese centro comercial de Dorrego, Guaymall\u00e9n.<\/h4>\n\n\n\n<div style=\"height:20px\" aria-hidden=\"true\" class=\"wp-block-spacer\"><\/div>\n\n\n\n<div class=\"wp-block-image\"><figure class=\"alignleft size-large is-resized\"><img loading=\"lazy\" decoding=\"async\" src=\"https:\/\/enolife.com.ar\/es\/wp-content\/uploads\/2022\/07\/IMG-20220621-WA0062-1024x1024.jpg\" alt=\"\" class=\"wp-image-67260\" width=\"342\" height=\"342\" srcset=\"https:\/\/enolife.com.ar\/es\/wp-content\/uploads\/2022\/07\/IMG-20220621-WA0062-1024x1024.jpg 1024w, https:\/\/enolife.com.ar\/es\/wp-content\/uploads\/2022\/07\/IMG-20220621-WA0062-300x300.jpg 300w, https:\/\/enolife.com.ar\/es\/wp-content\/uploads\/2022\/07\/IMG-20220621-WA0062-150x150.jpg 150w, https:\/\/enolife.com.ar\/es\/wp-content\/uploads\/2022\/07\/IMG-20220621-WA0062-768x769.jpg 768w, https:\/\/enolife.com.ar\/es\/wp-content\/uploads\/2022\/07\/IMG-20220621-WA0062-585x586.jpg 585w, https:\/\/enolife.com.ar\/es\/wp-content\/uploads\/2022\/07\/IMG-20220621-WA0062.jpg 1042w\" sizes=\"auto, (max-width: 342px) 100vw, 342px\" \/><\/figure><\/div>\n\n\n\n<p>Quienes se sumen a la acci\u00f3n, deber\u00e1n llevar <strong>10 envases de vidrio para canjearlos por 1 entrada al cine, con un m\u00e1ximo de 2 entradas por persona<\/strong> mayor de 18 a\u00f1os hasta agotar stock. Se canjear\u00e1n un total de 800 entradas.<\/p>\n\n\n\n<p>A trav\u00e9s del prop\u00f3sito del grupo, de <em>\u00abreimaginar el vidrio para un futuro sostenible\u00bb<\/em>, Verallia Argentina promueve una conciencia ambiental en la provincia de Mendoza, con el objetivo de extenderlo a todo el pa\u00eds.<\/p>\n\n\n\n<p><em>\u00abEn Verallia estamos muy comprometidos en incentivar una cultura del cuidado de nuestro planeta y en este sentido, el reciclado de vidrio es clave para comenzar a hacer de la econom\u00eda circular una realidad\u00bb<\/em>, coment\u00f3 al respecto <strong>Walter Formica<\/strong>, director general de Verallia Argentina.<\/p>\n\n\n\n<div style=\"height:20px\" aria-hidden=\"true\" class=\"wp-block-spacer\"><\/div>\n\n\n\n<p class=\"has-medium-font-size\"><strong>En 10 a\u00f1os, 40 contenedores con vidrio<\/strong><\/p>\n\n\n\n<p>El programa \u00abVidrio, una acci\u00f3n transparente\u00bb comenz\u00f3 el 5 de junio de 2012 y lleva ya 10 a\u00f1os de trabajo ininterrumpido, creciendo de 2 a m\u00e1s de 40 contenedores recolectados, cuyo contenido de vidrio se reutiliza y genera recursos para ayudar al hospital infantil de Mendoza.<\/p>\n\n\n\n<p>La recolecci\u00f3n de vidrio se realiza en distintos puntos del Gran Mendoza en contenedores con forma de campana con el logo de Verallia. En ellos se pueden depositar frascos y botellas, que luego se convertir\u00e1n en botellas nuevas en los hornos de la empresa.<\/p>\n\n\n\n<div style=\"height:20px\" aria-hidden=\"true\" class=\"wp-block-spacer\"><\/div>\n\n\n\n<div class=\"wp-block-image\"><figure class=\"aligncenter size-large\"><img loading=\"lazy\" decoding=\"async\" width=\"558\" height=\"379\" src=\"https:\/\/enolife.com.ar\/es\/wp-content\/uploads\/2022\/07\/IMG_0285-1.jpg\" alt=\"\" class=\"wp-image-67258\" srcset=\"https:\/\/enolife.com.ar\/es\/wp-content\/uploads\/2022\/07\/IMG_0285-1.jpg 558w, https:\/\/enolife.com.ar\/es\/wp-content\/uploads\/2022\/07\/IMG_0285-1-300x204.jpg 300w\" sizes=\"auto, (max-width: 558px) 100vw, 558px\" \/><figcaption><em><strong>Walter Formica entregando el cheque en el a\u00f1o 2019<\/strong><\/em><\/figcaption><\/figure><\/div>\n\n\n\n<div style=\"height:20px\" aria-hidden=\"true\" class=\"wp-block-spacer\"><\/div>\n\n\n\n<p>El vidrio se recolecta durante todo el a\u00f1o; Verallia Argentina dona en dinero efectivo el equivalente al vidrio reciclado a la Fundaci\u00f3n Notti, la cual destina esta ayuda a la construcci\u00f3n de un Centro de Hidroterapia para Rehabilitaci\u00f3n Infantil.<\/p>\n\n\n\n<div style=\"height:20px\" aria-hidden=\"true\" class=\"wp-block-spacer\"><\/div>\n\n\n\n<div class=\"wp-block-image\"><figure class=\"aligncenter is-resized\"><img loading=\"lazy\" decoding=\"async\" src=\"https:\/\/www.ecocuyo.com\/wp-content\/uploads\/2020\/01\/TAIPEI-1.jpg\" alt=\"La campa\u00f1a Brindar es Dar fue un \u00e9xito (reciclado + ayuda a la Fundaci\u00f3n  Notti) - ECOCUYO - Diario Digital de Negocios\" width=\"562\" height=\"374\"\/><figcaption><em><strong>Otra de las acciones de Verallia para el reciclado de vidrio<\/strong><\/em><\/figcaption><\/figure><\/div>\n\n\n\n<div style=\"height:20px\" aria-hidden=\"true\" class=\"wp-block-spacer\"><\/div>\n\n\n\n<p>La solidaridad de los mendocinos junto a Verallia Argentina y a las bodegas que aportan su vidrio roto en los Puntos de Reciclado donde se encuentran las campanas, genera a su vez una mayor conciencia social de responsabilidad y compromiso en el cuidado del medio ambiente, ayudando por esa v\u00eda a cubrir las necesidades de salud de los ni\u00f1os y sus familias a trav\u00e9s de la Fundaci\u00f3n Notti.<\/p>\n\n\n\n<div style=\"height:28px\" aria-hidden=\"true\" class=\"wp-block-spacer\"><\/div>\n\n\n\n<p class=\"has-medium-font-size\"><strong>Reimaginar el vidrio para un futuro sostenible<\/strong><\/p>\n\n\n\n<p>El prop\u00f3sito declarado de la empresa Verallia en todo el mundo es <strong>\u00ab<em>reimaginar el vidrio para un futuro sostenible<\/em><\/strong>\u00ab. Seg\u00fan explican desde la firma, quieren redefinir c\u00f3mo se produce, reutiliza y recicla el vidrio, para convertirlo en el material de embalaje m\u00e1s sostenible del mundo.<\/p>\n\n\n\n<div style=\"height:20px\" aria-hidden=\"true\" class=\"wp-block-spacer\"><\/div>\n\n\n\n<h4 class=\"has-vivid-red-color has-text-color wp-block-heading\">En 2020, Verallia produjo m\u00e1s de 16.000 millones de botellas y frascos y obtuvo ingresos por unos 2.500 millones de euros en 2020.<\/h4>\n\n\n\n<div style=\"height:20px\" aria-hidden=\"true\" class=\"wp-block-spacer\"><\/div>\n\n\n\n<p>Aclaran sus directivos que <em>\u00abtrabajamos en una causa com\u00fan con nuestros clientes, proveedores y otros socios a lo largo de la cadena de valor para desarrollar nuevas soluciones saludables y sostenibles para todos<\/em>\u00ab.<\/p>\n\n\n\n<p>Con alrededor de 10.000 colaboradores y 32 plantas de producci\u00f3n de vidrio en 11 pa\u00edses, Verallia es el primer productor europeo y el tercero a nivel mundial de envases de vidrio para alimentos y bebidas. A sus m\u00e1s de 10.000 empresas clientes en todo el mundo les ofrecen soluciones innovadoras, personalizadas y respetuosas con el medio ambiente.<\/p>\n\n\n\n<div style=\"height:34px\" aria-hidden=\"true\" class=\"wp-block-spacer\"><\/div>\n","protected":false},"excerpt":{"rendered":"<p>Verallia Argentina -empresa dedicada a la fabricaci\u00f3n y comercializaci\u00f3n de envases de vidrio para la&hellip;<\/p>\n","protected":false},"author":3,"featured_media":67265,"comment_status":"open","ping_status":"open","sticky":false,"template":"","format":"standard","meta":{"footnotes":""},"categories":[47],"tags":[],"class_list":["post-67232","post","type-post","status-publish","format-standard","has-post-thumbnail","hentry","category-agenda"],"_links":{"self":[{"href":"https:\/\/enolife.com.ar\/es\/wp-json\/wp\/v2\/posts\/67232","targetHints":{"allow":["GET"]}}],"collection":[{"href":"https:\/\/enolife.com.ar\/es\/wp-json\/wp\/v2\/posts"}],"about":[{"href":"https:\/\/enolife.com.ar\/es\/wp-json\/wp\/v2\/types\/post"}],"author":[{"embeddable":true,"href":"https:\/\/enolife.com.ar\/es\/wp-json\/wp\/v2\/users\/3"}],"replies":[{"embeddable":true,"href":"https:\/\/enolife.com.ar\/es\/wp-json\/wp\/v2\/comments?post=67232"}],"version-history":[{"count":0,"href":"https:\/\/enolife.com.ar\/es\/wp-json\/wp\/v2\/posts\/67232\/revisions"}],"wp:featuredmedia":[{"embeddable":true,"href":"https:\/\/enolife.com.ar\/es\/wp-json\/wp\/v2\/media\/67265"}],"wp:attachment":[{"href":"https:\/\/enolife.com.ar\/es\/wp-json\/wp\/v2\/media?parent=67232"}],"wp:term":[{"taxonomy":"category","embeddable":true,"href":"https:\/\/enolife.com.ar\/es\/wp-json\/wp\/v2\/categories?post=67232"},{"taxonomy":"post_tag","embeddable":true,"href":"https:\/\/enolife.com.ar\/es\/wp-json\/wp\/v2\/tags?post=67232"}],"curies":[{"name":"wp","href":"https:\/\/api.w.org\/{rel}","templated":true}]}}