{"id":66624,"date":"2022-06-25T17:21:43","date_gmt":"2022-06-25T17:21:43","guid":{"rendered":"http:\/\/enolife.com.ar\/es\/?p=66624"},"modified":"2022-06-30T02:52:08","modified_gmt":"2022-06-30T02:52:08","slug":"los-vinos-de-familia-morcos-desembarcaron-en-buenos-aires-desde-la-casa-de-mendoza","status":"publish","type":"post","link":"https:\/\/enolife.com.ar\/es\/los-vinos-de-familia-morcos-desembarcaron-en-buenos-aires-desde-la-casa-de-mendoza\/","title":{"rendered":"Los vinos de Familia Morcos desembarcaron en Buenos Aires desde la Casa de Mendoza"},"content":{"rendered":"\n<h4 class=\"wp-block-heading\"><em><strong>El 23 de junio pasado, en el enclave mendocino en pleno centro de la Capital argentina, se presentaron las etiquetas de una familia que lleva m\u00e1s de 50 a\u00f1os y 4 generaciones trabajando y proyect\u00e1ndose desde el Este de esta provincia. Los Morcos, de origen inmigrante liban\u00e9s, con bodegas y vi\u00f1edos en San Mart\u00edn y Jun\u00edn, pusieron en escena sus leg\u00edtimos productos regionales, hoy revitalizados por la mano del joven en\u00f3logo Mat\u00edas Morcos (26). Con merecido apoyo del gobierno de Mendoza y la colaboraci\u00f3n de la sommelier Rosana Di D\u00edo, los invitados probaron los vinos de los m\u00e1s caracter\u00edsticos terroirs de la provincia: Bonarda, Malbec, Cabernet Franc, Blend y Zhara Dulce Natural. <\/strong><\/em><\/h4>\n\n\n\n<div style=\"height:20px\" aria-hidden=\"true\" class=\"wp-block-spacer\"><\/div>\n\n\n<a href=\"https:\/\/www.linkedin.com\/company\/agrinet-sa\/?originalSubdomain=ar\" aria-label=\"1700X500\"><img loading=\"lazy\" decoding=\"async\" src=\"https:\/\/enolife.com.ar\/es\/wp-content\/uploads\/2021\/11\/1700X500.gif\" alt=\"\"  width=\"1700\" height=\"500\"   \/><\/a>\n\n\n<div style=\"height:69px\" aria-hidden=\"true\" class=\"wp-block-spacer\"><\/div>\n\n\n\n<p>La familia Morcos, cuyos vi\u00f1edos y bodegas est\u00e1n emplazados en la zona Este de Mendoza, comenz\u00f3 su actividad en la vitivinicultura hace 4 generaciones, a partir del pionero inmigrante liban\u00e9s que organiz\u00f3 una cooperativa de trabajo para producir vinos. Desde el 2011, <strong>Sharbel Morcos<\/strong>, tercera generaci\u00f3n de la familia, emprendi\u00f3 un nuevo camino enfocado en el fraccionamiento de los vinos, aplicando nuevos conocimientos y tecnolog\u00eda.<\/p>\n\n\n\n<p>Al proyecto se sum\u00f3 su hijo <strong>Mat\u00edas Morcos<\/strong>, un en\u00f3logo que con 26 a\u00f1os ya fue destacado en 2020 como <strong>\u00abEn\u00f3logo Revelaci\u00f3n del A\u00f1o\u00bb<\/strong> por la influyente <strong>Gu\u00eda Descorchados<\/strong>, y que este a\u00f1o 2022 logr\u00f3, por su \u00abTinto del Este 2021\u00bb, la distinci\u00f3n \u00ab<strong>Vino Revelaci\u00f3n\u00bb<\/strong> en la \u00faltima edici\u00f3n de esa misma gu\u00eda.<\/p>\n\n\n\n<p>El jueves 23 de junio pasado, Sharbel Morcos lider\u00f3 en la <strong>Casa de Mendoza en Buenos Aires<\/strong> -ubicada en Callao al 400 de la Ciudad Aut\u00f3noma de Buenos Aires (CABA)-la presentaci\u00f3n de los vinos <strong>Familia Morcos<\/strong>, con una degustaci\u00f3n para periodistas especializados y sommeliers dirigida por la sommelier<strong> Rosana Di D\u00edo<\/strong>.<\/p>\n\n\n\n<div style=\"height:20px\" aria-hidden=\"true\" class=\"wp-block-spacer\"><\/div>\n\n\n\n<p class=\"has-medium-font-size\"><strong>La avanzada de vinos mendocinos en Buenos Aires<\/strong><\/p>\n\n\n\n<div class=\"wp-block-image\"><figure class=\"alignleft size-large is-resized\"><img loading=\"lazy\" decoding=\"async\" src=\"https:\/\/enolife.com.ar\/es\/wp-content\/uploads\/2022\/06\/vinos-bonarda-roble.png\" alt=\"\" class=\"wp-image-66701\" width=\"77\" height=\"146\" srcset=\"https:\/\/enolife.com.ar\/es\/wp-content\/uploads\/2022\/06\/vinos-bonarda-roble.png 401w, https:\/\/enolife.com.ar\/es\/wp-content\/uploads\/2022\/06\/vinos-bonarda-roble-158x300.png 158w\" sizes=\"auto, (max-width: 77px) 100vw, 77px\" \/><\/figure><\/div>\n\n\n\n<p><strong>Familia Morcos Bonarda Roble<\/strong>: La variedad estrella del Este mendocino, que se traduce en este vino con 6 meses en madera, elaborado con uvas de vi\u00f1edos ubicados en San Mart\u00edn, Mendoza. De color&nbsp;rojo rub\u00ed intenso y aromas a&nbsp;frutas rojas, mora, frambuesa, frutillas y cerezas, muestra un&nbsp;fondo especiado. Su paso por roble le otorga aromas integrados de cedro y vainilla. En boca es&nbsp;fresco y de s\u00f3lida estructura, con equilibrio, elegancia y un final persistente. Se recominda servirlo a temperaturas entre 16\u00ba y 18\u00ba.<\/p>\n\n\n\n<div style=\"height:20px\" aria-hidden=\"true\" class=\"wp-block-spacer\"><\/div>\n\n\n\n<div class=\"wp-block-image\"><figure class=\"alignleft size-large is-resized\"><img loading=\"lazy\" decoding=\"async\" src=\"https:\/\/enolife.com.ar\/es\/wp-content\/uploads\/2022\/06\/vinos-malbec-roble.png\" alt=\"\" class=\"wp-image-66702\" width=\"84\" height=\"160\" srcset=\"https:\/\/enolife.com.ar\/es\/wp-content\/uploads\/2022\/06\/vinos-malbec-roble.png 401w, https:\/\/enolife.com.ar\/es\/wp-content\/uploads\/2022\/06\/vinos-malbec-roble-158x300.png 158w\" sizes=\"auto, (max-width: 84px) 100vw, 84px\" \/><\/figure><\/div>\n\n\n\n<p><strong>Familia Morcos Malbec Roble<\/strong>: Este vino est\u00e1 producido con la uva \u00edcono de Argentina, seleccionada de vi\u00f1edos ubicados en Agrelo, Luj\u00e1n de Cuyo, Mendoza. Tiene 6 meses en madera de roble franc\u00e9s. De color rojo rub\u00ed, intenso aroma a frutos rojos, ciruelas y&nbsp;&nbsp;cerezas maduras.&nbsp;El paso por la barrica le aporta aromas tostados, con dejos de cuero, tabaco y vainilla. En boca es equilibrado, con taninos redondos y amables combinados en una agradable acidez. Ideal para acompa\u00f1ar carnes rojas y pastas.<\/p>\n\n\n\n<div style=\"height:20px\" aria-hidden=\"true\" class=\"wp-block-spacer\"><\/div>\n\n\n\n<div class=\"wp-block-image\"><figure class=\"alignleft size-large is-resized\"><img loading=\"lazy\" decoding=\"async\" src=\"https:\/\/enolife.com.ar\/es\/wp-content\/uploads\/2022\/06\/8-home_default-1.jpg\" alt=\"\" class=\"wp-image-66721\" width=\"75\" height=\"168\" srcset=\"https:\/\/enolife.com.ar\/es\/wp-content\/uploads\/2022\/06\/8-home_default-1.jpg 175w, https:\/\/enolife.com.ar\/es\/wp-content\/uploads\/2022\/06\/8-home_default-1-134x300.jpg 134w\" sizes=\"auto, (max-width: 75px) 100vw, 75px\" \/><\/figure><\/div>\n\n\n\n<p><strong>Familia Morcos Cabernet Franc<\/strong>: Producido con uvas seleccionadas de vi\u00f1edos de Agua Amarga, Tunuy\u00e1n, Mendoza, presenta colores rojos maduros, con ciertos matices marrones. Su aroma deja una sensaci\u00f3n fresca, como de frambuesa y frutos rojos, con acidez acorde a esa caracter\u00edstica. Tambi\u00e9n es posible percibir aromas florales y minerales, como de ceniza. Otros descriptores t\u00edpicos son las notas de morr\u00f3n asado y hierbas arom\u00e1ticas. El paso por la barrica le aporta aromas tostados, cuero, tabaco y vainilla. En boca, presenta notas a frutillas, hierbas y ciruela roja. Sus taninos son dulces, bien presentes. La madera le aporta redondez y notas de cacao y caf\u00e9.<\/p>\n\n\n\n<div style=\"height:20px\" aria-hidden=\"true\" class=\"wp-block-spacer\"><\/div>\n\n\n\n<div class=\"wp-block-image\"><figure class=\"alignleft size-large is-resized\"><img loading=\"lazy\" decoding=\"async\" src=\"https:\/\/enolife.com.ar\/es\/wp-content\/uploads\/2022\/06\/WXSYHXH4ZJA5BHHDWKNGAU4NRI-409x1024.jpeg\" alt=\"\" class=\"wp-image-66707\" width=\"68\" height=\"170\" srcset=\"https:\/\/enolife.com.ar\/es\/wp-content\/uploads\/2022\/06\/WXSYHXH4ZJA5BHHDWKNGAU4NRI-409x1024.jpeg 409w, https:\/\/enolife.com.ar\/es\/wp-content\/uploads\/2022\/06\/WXSYHXH4ZJA5BHHDWKNGAU4NRI-120x300.jpeg 120w, https:\/\/enolife.com.ar\/es\/wp-content\/uploads\/2022\/06\/WXSYHXH4ZJA5BHHDWKNGAU4NRI.jpeg 511w\" sizes=\"auto, (max-width: 68px) 100vw, 68px\" \/><\/figure><\/div>\n\n\n\n<p><strong>Familia Morcos Blend:<\/strong> Un vino con 50% malbec, 35% merlot con uvas de Nueva California, San Mart\u00edn, y el restante 15% de cabernet sauvignon. Est\u00e1 dise\u00f1ado y elaborado como un vino de guarda por 10 a\u00f1os.<\/p>\n\n\n\n<div style=\"height:20px\" aria-hidden=\"true\" class=\"wp-block-spacer\"><\/div>\n\n\n\n<div class=\"wp-block-image\"><figure class=\"alignleft size-large is-resized\"><img loading=\"lazy\" decoding=\"async\" src=\"https:\/\/enolife.com.ar\/es\/wp-content\/uploads\/2022\/06\/9-home_default-1.jpg\" alt=\"\" class=\"wp-image-66722\" width=\"67\" height=\"177\" srcset=\"https:\/\/enolife.com.ar\/es\/wp-content\/uploads\/2022\/06\/9-home_default-1.jpg 133w, https:\/\/enolife.com.ar\/es\/wp-content\/uploads\/2022\/06\/9-home_default-1-113x300.jpg 113w\" sizes=\"auto, (max-width: 67px) 100vw, 67px\" \/><\/figure><\/div>\n\n\n\n<p><strong>Zahra<\/strong>: Una amalgama de las dos emblem\u00e1ticas variedades blancas de la zona: chardonnay y sauvignon blanc.&nbsp;De color dorado, sabores frutales, frescos y dulces que perduran en el paladar. Para tomar bien fr\u00edo.<\/p>\n\n\n\n<div style=\"height:20px\" aria-hidden=\"true\" class=\"wp-block-spacer\"><\/div>\n\n\n\n<p>Durante la presentaci\u00f3n Sharbel Morcos realiz\u00f3 un reconocimiento<strong> <\/strong>especial al periodista deportivo de TyC Sports<strong> Leandro \u00abTato\u00bb Aguilera <\/strong>y a la docente, artista pl\u00e1stica y experta en artes visuales <strong>Gabriela Berr\u00edos, <\/strong>ambos destacados personajes oriundos de San Mart\u00edn, Mendoza.<\/p>\n\n\n\n<div style=\"height:20px\" aria-hidden=\"true\" class=\"wp-block-spacer\"><\/div>\n\n\n\n<div class=\"wp-block-image\"><figure class=\"aligncenter size-large is-resized\"><img loading=\"lazy\" decoding=\"async\" src=\"https:\/\/enolife.com.ar\/es\/wp-content\/uploads\/2022\/06\/IMG_9608-700x467-1.jpg\" alt=\"\" class=\"wp-image-66732\" width=\"546\" height=\"363\" srcset=\"https:\/\/enolife.com.ar\/es\/wp-content\/uploads\/2022\/06\/IMG_9608-700x467-1.jpg 700w, https:\/\/enolife.com.ar\/es\/wp-content\/uploads\/2022\/06\/IMG_9608-700x467-1-300x200.jpg 300w, https:\/\/enolife.com.ar\/es\/wp-content\/uploads\/2022\/06\/IMG_9608-700x467-1-585x390.jpg 585w\" sizes=\"auto, (max-width: 546px) 100vw, 546px\" \/><figcaption><em><strong>La sommelier Rosana Di D\u00edo; el bodeguero Sharbel Morcos; la funcionaria de Turismo de Mendoza Claudia Yanz\u00f3n; el director de la Casa de Mendoza en Buenos Aires Jos\u00e9 Sogno; el vicegobernador de la provincia Mario Abed y el intendente de Jun\u00edn de Mendoza, H\u00e9ctor Ruiz.<\/strong><\/em><\/figcaption><\/figure><\/div>\n\n\n\n<div style=\"height:20px\" aria-hidden=\"true\" class=\"wp-block-spacer\"><\/div>\n\n\n\n<p>Entre los presentes estuvieron el vicegobernador de Mendoza Mario Abed; la directora de Promoci\u00f3n Tur\u00edstica de Mendoza, Claudia Yanz\u00f3n; el intendente de la Municipalidad de Jun\u00edn, H\u00e9ctor Ruiz; el senador provincial de Mendoza, Bartolom\u00e9 \u00abBarto\u00bb Robles; el director de la Casa de Mendoza en Buenos Aires, Jos\u00e9 Sogno, y otros directores de diferentes Casas provinciales en la Capital argentina.<\/p>\n\n\n\n<p>Al respecto, <strong>Sharbel Morcos<\/strong> manifest\u00f3 a <strong>Enolife<\/strong>: <em>\u00abLa Casa de Mendoza es el lugar natural donde los productores debemos estar presentando nuestros productos, es el lugar que nos representa, y Mendoza es vino, por eso nos pareci\u00f3 un lugar perfecto\u00bb. <\/em>Y agreg\u00f3:<em> \u00abQueremos agradecer especialmente al vicegobernador, al intendente de Jun\u00edn, al Ministerio de Turismo representado en el evento por Claudia Yanz\u00f3n&#8230; por todas las cosas que hacen para que nosotros, los peque\u00f1os productores del interior profundo de la provincia de Mendoza, podamos llegar a la ciudad con mayor cantidad de consumidores de vino que es Buenos Aires y hacer conocer nuestra producci\u00f3n\u00bb.<\/em><\/p>\n\n\n\n<div style=\"height:40px\" aria-hidden=\"true\" class=\"wp-block-spacer\"><\/div>\n\n\n\n<p><\/p>\n","protected":false},"excerpt":{"rendered":"<p>El 23 de junio pasado, en el enclave mendocino en pleno centro de la Capital&hellip;<\/p>\n","protected":false},"author":3,"featured_media":66735,"comment_status":"open","ping_status":"open","sticky":false,"template":"","format":"standard","meta":{"footnotes":""},"categories":[14],"tags":[],"class_list":["post-66624","post","type-post","status-publish","format-standard","has-post-thumbnail","hentry","category-news"],"_links":{"self":[{"href":"https:\/\/enolife.com.ar\/es\/wp-json\/wp\/v2\/posts\/66624","targetHints":{"allow":["GET"]}}],"collection":[{"href":"https:\/\/enolife.com.ar\/es\/wp-json\/wp\/v2\/posts"}],"about":[{"href":"https:\/\/enolife.com.ar\/es\/wp-json\/wp\/v2\/types\/post"}],"author":[{"embeddable":true,"href":"https:\/\/enolife.com.ar\/es\/wp-json\/wp\/v2\/users\/3"}],"replies":[{"embeddable":true,"href":"https:\/\/enolife.com.ar\/es\/wp-json\/wp\/v2\/comments?post=66624"}],"version-history":[{"count":0,"href":"https:\/\/enolife.com.ar\/es\/wp-json\/wp\/v2\/posts\/66624\/revisions"}],"wp:featuredmedia":[{"embeddable":true,"href":"https:\/\/enolife.com.ar\/es\/wp-json\/wp\/v2\/media\/66735"}],"wp:attachment":[{"href":"https:\/\/enolife.com.ar\/es\/wp-json\/wp\/v2\/media?parent=66624"}],"wp:term":[{"taxonomy":"category","embeddable":true,"href":"https:\/\/enolife.com.ar\/es\/wp-json\/wp\/v2\/categories?post=66624"},{"taxonomy":"post_tag","embeddable":true,"href":"https:\/\/enolife.com.ar\/es\/wp-json\/wp\/v2\/tags?post=66624"}],"curies":[{"name":"wp","href":"https:\/\/api.w.org\/{rel}","templated":true}]}}