{"id":66621,"date":"2022-06-27T14:14:21","date_gmt":"2022-06-27T14:14:21","guid":{"rendered":"http:\/\/enolife.com.ar\/es\/?p=66621"},"modified":"2022-06-28T01:38:06","modified_gmt":"2022-06-28T01:38:06","slug":"visita-y-degustacion-gratuita-hoy-en-la-enoteca-por-sus-27-anos-como-patrimonio-historico-y-cultural","status":"publish","type":"post","link":"https:\/\/enolife.com.ar\/es\/visita-y-degustacion-gratuita-hoy-en-la-enoteca-por-sus-27-anos-como-patrimonio-historico-y-cultural\/","title":{"rendered":"Visita y degustaci\u00f3n gratuita hoy en La Enoteca, por sus 27 a\u00f1os como Patrimonio Hist\u00f3rico y Cultural"},"content":{"rendered":"\n<h4 class=\"wp-block-heading\"><em><strong>Hoy se cumplen 27 a\u00f1os de la declaraci\u00f3n de La Enoteca de Mendoza (Peltier 611, Barrio C\u00edvico de Capital) como Patrimonio Hist\u00f3rico y Cultural de la provincia y para celebrarlo, el Centro Tem\u00e1tico del Vino invita a un recorrido especial para conocer y valorar momentos fundacionales de nuestra historia.&nbsp;Se realizan varios recorridos entre las 10 y las 16 horas, y al final hay degustaci\u00f3n de vinos regionales. No hace falta reserva previa ni tickets.<\/strong><\/em><\/h4>\n\n\n\n<div style=\"height:36px\" aria-hidden=\"true\" class=\"wp-block-spacer\"><\/div>\n\n\n\n\n\n<div style=\"height:62px\" aria-hidden=\"true\" class=\"wp-block-spacer\"><\/div>\n\n\n\n<p>Un 27 de junio de 1995, el gobierno de Mendoza decidi\u00f3 proteger a la bodega modelo de la Quinta Agron\u00f3mica -junto a la Casa de Gobierno-, el Palacio Judicial y a especies naturales del sitio como olivos y casuarinas, como hitos de la historia y la cultura locales. Para resaltar el valor de estos bienes, La Enoteca ha dise\u00f1ado un recorrido abierto a todo p\u00fablico y gratuito. Se trata de un paseo guiado en el que podr\u00e1n apreciarse los edificios mencionados y los \u00e1rboles que fueron plantados por alumnos de la Quinta Agron\u00f3mica entre 1902 y 1904. <\/p>\n\n\n\n<p>Este viaje por la historia tiene d\u00eda y hora: hoy de 10 a 16, cada una hora, saldr\u00e1n los grupos con la gu\u00eda del personal de La Enoteca. El paseo termina con una degustaci\u00f3n de vinos y no es necesario inscribirse previamente. <\/p>\n\n\n\n<p><strong>El punto de encuentro es La Enoteca, Centro&nbsp;Tem\u00e1tico del Vino, en Peltier 611.<br><\/strong>&nbsp;<\/p>\n\n\n\n<p class=\"has-medium-font-size\"><strong>Un patrimonio para conocer y cuidar<\/strong><\/p>\n\n\n\n<p>El pasado tiene un valor fundamental&nbsp;en la identidad de las personas y las sociedades. Conocerlo y comprender los testimonios que lo constituyen permite contextualizar el momento actual y pensar su proyecci\u00f3n futura. Con esta idea, La Enoteca celebra un nuevo aniversario de su declaraci\u00f3n como edificio del Patrimonio hist\u00f3rico y Cultural de Mendoza con este recorrido guiado gratuito para p\u00fablico general y escuelas. El paseo parte desde La Enoteca y recorre el Barrio C\u00edvico, con paradas en el Paseo de las Casuarinas, la Casa de Gobierno, el Palacio Judicial y la Fuente de Cinco R\u00edos, para volver a la antigua bodega modelo de la Quinta Agron\u00f3mica.<\/p>\n\n\n\n<div style=\"height:20px\" aria-hidden=\"true\" class=\"wp-block-spacer\"><\/div>\n\n\n\n<figure class=\"wp-block-embed-youtube aligncenter wp-block-embed is-type-video is-provider-youtube wp-embed-aspect-16-9 wp-has-aspect-ratio\"><div class=\"wp-block-embed__wrapper\">\n<iframe loading=\"lazy\" title=\"La Enoteca, Patrimonio Hist\u00f3rico y Cultural de Mendoza\" width=\"1170\" height=\"658\" src=\"https:\/\/www.youtube.com\/embed\/2Vk29RkMxNE?feature=oembed\" frameborder=\"0\" allow=\"accelerometer; autoplay; clipboard-write; encrypted-media; gyroscope; picture-in-picture\" allowfullscreen><\/iframe>\n<\/div><\/figure>\n\n\n\n<div style=\"height:20px\" aria-hidden=\"true\" class=\"wp-block-spacer\"><\/div>\n\n\n\n<p><em>\u00abLa invitaci\u00f3n es a viajar por nuestra historia y reconocer esos testigos del tiempo que a\u00fan permanecen vigentes y que hablan de momentos en los que se consolid\u00f3 el modelo educativo agr\u00edcola junto al dise\u00f1o urbano y el trazado de la ciudad como expresi\u00f3n de la ciudad que ya se proyectaba como polo de desarrollo vitivin\u00edcola\u00bb<\/em>, comenta Mar\u00eda del Valle Herrera, integrante del equipo del Fondo Vitivin\u00edcola, quien junto a La Enoteca desarrolla la agenda de actividades destinadas a poner en valor el car\u00e1cter hist\u00f3rico de esta edificio patrimonial.<\/p>\n\n\n\n<p>Este recorrido se sumar\u00e1 a las actividades que propone La Enoteca y en el futuro podr\u00e1 solicitarse con previa reserva a:&nbsp;<a href=\"mailto:visitas@laenoteca.com.ar\"><strong>visitas@laenoteca.com.ar<\/strong><\/a>. La informaci\u00f3n de toda la agenda puede consultarse en<strong>&nbsp;<a href=\"https:\/\/elvinonosune.us15.list-manage.com\/track\/click?u=893404577f149ca331e36a99b&amp;id=7afef82630&amp;e=c8feb6be5f\" target=\"_blank\" rel=\"noreferrer noopener\">www.laenoteca.com.ar<\/a><\/strong>&nbsp;y en sus redes&nbsp;<a href=\"https:\/\/elvinonosune.us15.list-manage.com\/track\/click?u=893404577f149ca331e36a99b&amp;id=ad959dc9d2&amp;e=c8feb6be5f\" target=\"_blank\" rel=\"noreferrer noopener\"><strong>@LaEnoteca1902<\/strong><\/a>.<\/p>\n\n\n\n<div style=\"height:20px\" aria-hidden=\"true\" class=\"wp-block-spacer\"><\/div>\n\n\n\n<p><strong>Para agendar<\/strong><\/p>\n\n\n\n<ul class=\"wp-block-list\"><li>Hoy lunes 27 de junio, de 10 a 16 hs.<\/li><li>Punto de encuentro: La Enoteca, Peltier 611.<\/li><li>Duraci\u00f3n del recorrido: 45 minutos. Incluye degustaci\u00f3n de vino al finalizar el paseo.<\/li><li><strong>M\u00e1s info:&nbsp;<a href=\"mailto:visitas@laenoteca.com.ar\">visitas@laenoteca.com.ar<\/a>&nbsp;\/ 2616595405<\/strong><\/li><\/ul>\n\n\n\n<div style=\"height:32px\" aria-hidden=\"true\" class=\"wp-block-spacer\"><\/div>\n","protected":false},"excerpt":{"rendered":"<p>Hoy se cumplen 27 a\u00f1os de la declaraci\u00f3n de La Enoteca de Mendoza (Peltier 611,&hellip;<\/p>\n","protected":false},"author":3,"featured_media":66783,"comment_status":"open","ping_status":"open","sticky":false,"template":"","format":"standard","meta":{"footnotes":""},"categories":[47],"tags":[],"class_list":["post-66621","post","type-post","status-publish","format-standard","has-post-thumbnail","hentry","category-agenda"],"_links":{"self":[{"href":"https:\/\/enolife.com.ar\/es\/wp-json\/wp\/v2\/posts\/66621","targetHints":{"allow":["GET"]}}],"collection":[{"href":"https:\/\/enolife.com.ar\/es\/wp-json\/wp\/v2\/posts"}],"about":[{"href":"https:\/\/enolife.com.ar\/es\/wp-json\/wp\/v2\/types\/post"}],"author":[{"embeddable":true,"href":"https:\/\/enolife.com.ar\/es\/wp-json\/wp\/v2\/users\/3"}],"replies":[{"embeddable":true,"href":"https:\/\/enolife.com.ar\/es\/wp-json\/wp\/v2\/comments?post=66621"}],"version-history":[{"count":0,"href":"https:\/\/enolife.com.ar\/es\/wp-json\/wp\/v2\/posts\/66621\/revisions"}],"wp:featuredmedia":[{"embeddable":true,"href":"https:\/\/enolife.com.ar\/es\/wp-json\/wp\/v2\/media\/66783"}],"wp:attachment":[{"href":"https:\/\/enolife.com.ar\/es\/wp-json\/wp\/v2\/media?parent=66621"}],"wp:term":[{"taxonomy":"category","embeddable":true,"href":"https:\/\/enolife.com.ar\/es\/wp-json\/wp\/v2\/categories?post=66621"},{"taxonomy":"post_tag","embeddable":true,"href":"https:\/\/enolife.com.ar\/es\/wp-json\/wp\/v2\/tags?post=66621"}],"curies":[{"name":"wp","href":"https:\/\/api.w.org\/{rel}","templated":true}]}}