{"id":6660,"date":"2020-01-21T15:12:42","date_gmt":"2020-01-21T15:12:42","guid":{"rendered":"http:\/\/enolife.com.ar\/es\/?p=6660"},"modified":"2020-01-25T15:22:31","modified_gmt":"2020-01-25T15:22:31","slug":"la-crisis-hidrica-es-extrema-pero-irrigacion-no-restringira-el-agua","status":"publish","type":"post","link":"https:\/\/enolife.com.ar\/es\/la-crisis-hidrica-es-extrema-pero-irrigacion-no-restringira-el-agua\/","title":{"rendered":"La crisis h\u00eddrica es extrema pero Irrigaci\u00f3n asegura que no restringir\u00e1 el agua"},"content":{"rendered":"\n<h4 class=\"wp-block-heading\"><em><strong>El \u00faltimo invierno cay\u00f3 menos nieve y, respecto a un a\u00f1o promedio, hay un 30% menos de agua. Aun as\u00ed, el Departamento General de Irrigaci\u00f3n comunic\u00f3 que no afectar\u00e1 la provisi\u00f3n de agua para el agro, para potabilizar y para otros usos. Sin embargo, no explica c\u00f3mo repartir\u00e1 menos agua para la misma cantidad de tierras y usuarios.  <\/strong><\/em><\/h4>\n\n\n\n<div style=\"height:20px\" aria-hidden=\"true\" class=\"wp-block-spacer\"><\/div>\n\n\n\n<p>Durante la semana entre el 6 y el 12 de enero, el superintendente de Irrigaci\u00f3n, Sergio Marinelli, encabez\u00f3 diversas reuniones t\u00e9cnicas con  funcionarios y personal en las Subdelegaciones de Aguas (que son las encargadas de manejar los embalses) con el objetivo de tomar medidas ante la crisis h\u00eddrica que afecta a Mendoza. En cada caso espec\u00edfico, se consider\u00f3 la situaci\u00f3n del \u00e1rea evaluada y de los cauces que de ella dependen, para, seg\u00fan el comunicado de Irrigaci\u00f3n, \u00abllegar lo mejor posible a la primavera\u00bb.<\/p>\n\n\n\n<p>\u201cEl embalse Potrerillos, que se encuentra a un 60%, es el que mejor est\u00e1 en su nivel de agua. Pero el alto porcentaje de demanda de agua para el uso poblacional es muy preocupante. En el r\u00edo Mendoza, que abastece al \u00c1rea Metropolitana, el agua potable se est\u00e1 llevando casi el 40% del total del volumen del r\u00edo y \u00e9sto genera que se haya considerado aplicar restricciones en otros usos, como el agro\u00bb, afirm\u00f3 Marinelli.<\/p>\n\n\n\n<p class=\"has-background has-light-green-cyan-background-color\">Ayer, 20 de enero, el Departamento General de Irrigaci\u00f3n emiti\u00f3 un comunicado donde anuncia que, frente a la escasez de agua, el organismo \u00abeval\u00faa\u00bb de qu\u00e9 manera hacerle frente a esta cr\u00edtica situaci\u00f3n, pero descarta que se restrinja m\u00e1s de lo que se est\u00e1 restringiendo en este momento el agua para el agro. Ni para el agro, ni para ninguno de los otros usos. <\/p>\n\n\n\n<div style=\"height:20px\" aria-hidden=\"true\" class=\"wp-block-spacer\"><\/div>\n\n\n\n<p>Tras la divulgaci\u00f3n del comunicado de Irrigaci\u00f3n del 20 de enero, asegurando que no se restringir\u00eda el agua, se conoci\u00f3 que las autoridades del organismo regulador del agua est\u00e1n reunidos de urgencia hoy 21\/01 con los Inspectores de Cauce del r\u00edo Mendoza para decidir c\u00f3mo redistribuir el agua del dique Potrerillos. Este dato de la reconsideraci\u00f3n de posibles medidas para remediar la situaci\u00f3n, as\u00ed como otros de inter\u00e9s sobre el tema, fueron divulgados y analizados hoy en una nota de <strong>mendozapost.com<\/strong>, firmada por su director period\u00edstico, <strong>Ricardo Montacuto<\/strong>. <\/p>\n\n\n\n<div style=\"height:29px\" aria-hidden=\"true\" class=\"wp-block-spacer\"><\/div>\n\n\n\n<p class=\"has-medium-font-size\"><strong>Distribuci\u00f3n del agua en Mendoza<\/strong><\/p>\n\n\n\n<div style=\"height:20px\" aria-hidden=\"true\" class=\"wp-block-spacer\"><\/div>\n\n\n\n<div class=\"wp-block-image\"><figure class=\"aligncenter\"><img decoding=\"async\" src=\"http:\/\/www.irrigacion.gov.ar\/dgi\/sites\/default\/files\/2020-01\/usos%20del%20agua%20en%20Mendoza.png\" alt=\"\"\/><\/figure><\/div>\n\n\n\n<div style=\"height:20px\" aria-hidden=\"true\" class=\"wp-block-spacer\"><\/div>\n\n\n\n<p class=\"has-medium-font-size\"><strong>Situaci\u00f3n en cada r\u00edo<\/strong><\/p>\n\n\n\n<div style=\"height:20px\" aria-hidden=\"true\" class=\"wp-block-spacer\"><\/div>\n\n\n\n<div class=\"wp-block-image\"><figure class=\"aligncenter\"><img decoding=\"async\" src=\"http:\/\/www.irrigacion.gov.ar\/dgi\/sites\/default\/files\/2020-01\/distribuci%C3%B3n%20estimada%20de%20agua%20superficial%20en%20los%20r%C3%ADos%20de%20Mendoza.png\" alt=\"\"\/><\/figure><\/div>\n\n\n\n<div style=\"height:20px\" aria-hidden=\"true\" class=\"wp-block-spacer\"><\/div>\n\n\n\n<p class=\"has-medium-font-size\"><strong>\u00abHay un treinta por ciento menos de agua\u00bb<\/strong><\/p>\n\n\n\n<p>\u201cEstamos m\u00e1s complicados de lo que cre\u00edmos en octubre de 2019, cuando anunciamos el pron\u00f3stico de caudales de los r\u00edos; hay un treinta por ciento menos de agua&#8230;. Los caudales no han subido, y cuando lo han hecho, ha sido muy poco. Hoy estamos con caudales similares a los de noviembre. La situaci\u00f3n de los embalses es bastante cr\u00edtica\u201d, asegur\u00f3 a su turno el director de Gesti\u00f3n H\u00eddrica de Irrigaci\u00f3n, Rub\u00e9n Villodas.<\/p>\n\n\n\n<p>\u201cEstamos en una situaci\u00f3n extrema. No hay registros similares a estos caudales en la historia de registros que tenemos. El pron\u00f3stico que hacemos desde Irrigaci\u00f3n es algo estad\u00edstico, y no hay estad\u00edstica de estos niveles, ni del volumen de nieve, que son los datos en los que se basa el pron\u00f3stico. Esto explica que se puedan tener errores mayores a los que se ten\u00edan hist\u00f3ricamente. Cuando se pronostica un a\u00f1o normal, el error va de un 5% a un 10%. Ahora, el margen de error es el doble, un 20%\u201d, explic\u00f3 el funcionario.<\/p>\n\n\n\n<p>El registro de datos de los r\u00edos que administra Irrigaci\u00f3n var\u00eda seg\u00fan el r\u00edo. En el r\u00edo Atuel, por ejemplo, el registro empez\u00f3 en 1907, mientras que en el r\u00edo Mendoza, en 1957. En cada r\u00edo se empez\u00f3 a trabajar desde la Secretar\u00eda de Recursos H\u00eddricos de la Naci\u00f3n o desde Irrigaci\u00f3n, en distintas \u00e9pocas.<\/p>\n\n\n\n<p>\u201cAhora nos encontramos con que lo que hab\u00edamos previsto, que era malo, ahora es peor. En cualquier a\u00f1o medianamente normal, a fines de noviembre los caudales aumentan y se equiparan los ingresos de los embalses con las salidas\u201d, dijo tambi\u00e9n Villodas.<\/p>\n\n\n\n<p>\u201cSe riega desde agosto hasta noviembre, cuando el nivel de los embalses baja. Nuevamente, a fines de ese mismo mes, empiezan a subir los caudales y los embalses a recuperarse. No obstante, en 2019 eso no sucedi\u00f3. En diciembre levantaron un poco y bajaron de vuelta. En enero, lo mismo. No hay nieve. No creo que vuelvan a subir significativamente\u201d, asegur\u00f3 Villodas, ampliando este panorama poco alentador que muestran los embalses.<\/p>\n\n\n\n<div style=\"height:20px\" aria-hidden=\"true\" class=\"wp-block-spacer\"><\/div>\n\n\n\n<div class=\"wp-block-image\"><figure class=\"aligncenter is-resized\"><img loading=\"lazy\" decoding=\"async\" src=\"http:\/\/www.irrigacion.gov.ar\/dgi\/sites\/default\/files\/2020-01\/usos%20del%20agua%20en%20Atuel.png\" alt=\"\" width=\"458\" height=\"324\"\/><\/figure><\/div>\n\n\n\n<div class=\"wp-block-image\"><figure class=\"aligncenter is-resized\"><img loading=\"lazy\" decoding=\"async\" src=\"http:\/\/www.irrigacion.gov.ar\/dgi\/sites\/default\/files\/2020-01\/usos%20del%20agua%20en%20Tunuy%C3%A1n%20Superior.png\" alt=\"\" width=\"473\" height=\"334\"\/><\/figure><\/div>\n\n\n\n<div class=\"wp-block-image\"><figure class=\"aligncenter is-resized\"><img loading=\"lazy\" decoding=\"async\" src=\"http:\/\/www.irrigacion.gov.ar\/dgi\/sites\/default\/files\/2020-01\/usos%20del%20agua%20r%C3%ADo%20malarg%C3%BCe.png\" alt=\"\" width=\"476\" height=\"337\"\/><\/figure><\/div>\n\n\n\n<div class=\"wp-block-image\"><figure class=\"aligncenter is-resized\"><img loading=\"lazy\" decoding=\"async\" src=\"http:\/\/www.irrigacion.gov.ar\/dgi\/sites\/default\/files\/2020-01\/Usos%20del%20agua%20r%C3%ADo%20Diamante.png\" alt=\"\" width=\"479\" height=\"339\"\/><\/figure><\/div>\n\n\n\n<div class=\"wp-block-image\"><figure class=\"aligncenter is-resized\"><img loading=\"lazy\" decoding=\"async\" src=\"http:\/\/www.irrigacion.gov.ar\/dgi\/sites\/default\/files\/2020-01\/usos%20del%20agua%20r%C3%ADo%20mendoza.png\" alt=\"\" width=\"484\" height=\"342\"\/><\/figure><\/div>\n\n\n\n<div class=\"wp-block-image\"><figure class=\"aligncenter is-resized\"><img loading=\"lazy\" decoding=\"async\" src=\"http:\/\/www.irrigacion.gov.ar\/dgi\/sites\/default\/files\/2020-01\/usos%20del%20agua%20tunuy%C3%A1n%20inferior.png\" alt=\"\" width=\"486\" height=\"344\"\/><figcaption><br><\/figcaption><\/figure><\/div>\n\n\n\n<p class=\"has-small-font-size\"><strong><em>Fuente: Departamento General de Irrigaci\u00f3n<\/em><\/strong><\/p>\n","protected":false},"excerpt":{"rendered":"<p>El \u00faltimo invierno cay\u00f3 menos nieve y, respecto a un a\u00f1o promedio, hay un 30%&hellip;<\/p>\n","protected":false},"author":3,"featured_media":6677,"comment_status":"open","ping_status":"open","sticky":false,"template":"","format":"standard","meta":{"footnotes":""},"categories":[14],"tags":[],"class_list":["post-6660","post","type-post","status-publish","format-standard","has-post-thumbnail","hentry","category-news"],"_links":{"self":[{"href":"https:\/\/enolife.com.ar\/es\/wp-json\/wp\/v2\/posts\/6660","targetHints":{"allow":["GET"]}}],"collection":[{"href":"https:\/\/enolife.com.ar\/es\/wp-json\/wp\/v2\/posts"}],"about":[{"href":"https:\/\/enolife.com.ar\/es\/wp-json\/wp\/v2\/types\/post"}],"author":[{"embeddable":true,"href":"https:\/\/enolife.com.ar\/es\/wp-json\/wp\/v2\/users\/3"}],"replies":[{"embeddable":true,"href":"https:\/\/enolife.com.ar\/es\/wp-json\/wp\/v2\/comments?post=6660"}],"version-history":[{"count":0,"href":"https:\/\/enolife.com.ar\/es\/wp-json\/wp\/v2\/posts\/6660\/revisions"}],"wp:featuredmedia":[{"embeddable":true,"href":"https:\/\/enolife.com.ar\/es\/wp-json\/wp\/v2\/media\/6677"}],"wp:attachment":[{"href":"https:\/\/enolife.com.ar\/es\/wp-json\/wp\/v2\/media?parent=6660"}],"wp:term":[{"taxonomy":"category","embeddable":true,"href":"https:\/\/enolife.com.ar\/es\/wp-json\/wp\/v2\/categories?post=6660"},{"taxonomy":"post_tag","embeddable":true,"href":"https:\/\/enolife.com.ar\/es\/wp-json\/wp\/v2\/tags?post=6660"}],"curies":[{"name":"wp","href":"https:\/\/api.w.org\/{rel}","templated":true}]}}