{"id":66476,"date":"2022-06-23T17:02:20","date_gmt":"2022-06-23T17:02:20","guid":{"rendered":"http:\/\/enolife.com.ar\/es\/?p=66476"},"modified":"2022-06-25T17:22:10","modified_gmt":"2022-06-25T17:22:10","slug":"nacion-promete-665-m-y-mendoza-aportaria-835-m-para-combatir-este-ano-la-polilla-de-la-vid","status":"publish","type":"post","link":"https:\/\/enolife.com.ar\/es\/nacion-promete-665-m-y-mendoza-aportaria-835-m-para-combatir-este-ano-la-polilla-de-la-vid\/","title":{"rendered":"Naci\u00f3n promete $665 M y Mendoza aportar\u00eda $835 M  para combatir este a\u00f1o la polilla de la vid"},"content":{"rendered":"\n<h4 class=\"wp-block-heading\"><em><strong>El ministro de Econom\u00eda y Energ\u00eda de Mendoza, Enrique Vaqui\u00e9, se reuni\u00f3 con el ministro de Agricultura de la Naci\u00f3n, Juli\u00e1n Dom\u00ednguez, quien se comprometi\u00f3 a enviar los fondos a esta provincia para la campa\u00f1a 2022 contra la plaga lobesia botrana. Adem\u00e1s, llegar\u00edan $150 millones para fortalecer el Seguro Agr\u00edcola y $300 millones m\u00e1s para obras h\u00eddricas.<\/strong><\/em><\/h4>\n\n\n\n<div style=\"height:29px\" aria-hidden=\"true\" class=\"wp-block-spacer\"><\/div>\n\n\n<a href=\"https:\/\/www.instagram.com\/agroconciencia_\" aria-label=\"BANNER AGROCONCIENCIA 1700X500\"><img loading=\"lazy\" decoding=\"async\" src=\"https:\/\/enolife.com.ar\/es\/wp-content\/uploads\/2019\/07\/BANNER-AGROCONCIENCIA-1700X500-1.jpg\" alt=\"\"  srcset=\"https:\/\/enolife.com.ar\/es\/wp-content\/uploads\/2019\/07\/BANNER-AGROCONCIENCIA-1700X500-1.jpg 1700w, https:\/\/enolife.com.ar\/es\/wp-content\/uploads\/2019\/07\/BANNER-AGROCONCIENCIA-1700X500-1-300x88.jpg 300w, https:\/\/enolife.com.ar\/es\/wp-content\/uploads\/2019\/07\/BANNER-AGROCONCIENCIA-1700X500-1-1024x301.jpg 1024w, https:\/\/enolife.com.ar\/es\/wp-content\/uploads\/2019\/07\/BANNER-AGROCONCIENCIA-1700X500-1-768x226.jpg 768w, https:\/\/enolife.com.ar\/es\/wp-content\/uploads\/2019\/07\/BANNER-AGROCONCIENCIA-1700X500-1-1536x452.jpg 1536w, https:\/\/enolife.com.ar\/es\/wp-content\/uploads\/2019\/07\/BANNER-AGROCONCIENCIA-1700X500-1-1170x344.jpg 1170w, https:\/\/enolife.com.ar\/es\/wp-content\/uploads\/2019\/07\/BANNER-AGROCONCIENCIA-1700X500-1-585x172.jpg 585w\" sizes=\"auto, (max-width: 1700px) 100vw, 1700px\" width=\"1700\" height=\"500\"   \/><\/a>\n\n\n<div style=\"height:58px\" aria-hidden=\"true\" class=\"wp-block-spacer\"><\/div>\n\n\n\n<p>Tras gestiones realizadas por el ministro de Econom\u00eda y Energ\u00eda local, <strong>Enrique Vaqui\u00e9<\/strong>, el gobierno de Mendoza podr\u00eda reunir un total de <strong>$1.500 millones<\/strong> para avanzar en la lucha contra la <strong>lobesia botrana<\/strong> en el transcurso de este a\u00f1o. Seg\u00fan adelant\u00f3 el funcionario provincial, ser\u00edan $665 millones que se sumar\u00edan a aportes provinciales para contrarrestar el impacto negativo de esta plaga en los cultivos de vid. Adem\u00e1s, el gobierno central prometi\u00f3 fondos para fortalecer el Seguro Agr\u00edcola y peque\u00f1as obras h\u00eddricas. &nbsp;<\/p>\n\n\n\n<p>Vaqui\u00e9 ampli\u00f3: <em>\u00abLa reuni\u00f3n con el ministro me permiti\u00f3 charlar sobre varios temas que son de suma importancia para los mendocinos. Uno de ellos tuvo que ver con la colaboraci\u00f3n de Naci\u00f3n contra la lucha de la lobesia y, en este sentido, Dom\u00ednguez me hizo entrega de los papeles firmados para un aporte de $665 millones\u00bb. <\/em>&nbsp;<\/p>\n\n\n\n<p>Esta cifra, junto al&nbsp;aporte provincial de $835 millones, permitir\u00eda contar con $1.500 millones para el programa de lucha. Sobre este punto, Vaqui\u00e9 a\u00f1adi\u00f3: <em>\u00abSi bien necesitamos m\u00e1s fondos, con esta cifra vamos a poder combatir esta problem\u00e1tica de una manera significativa\u00bb. <\/em>&nbsp;<\/p>\n\n\n\n<p>En otro orden, el funcionario destac\u00f3: <em>\u00abEl encuentro nos permiti\u00f3, por otro lado, trabajar en un subsidio nacional que oscila en los&nbsp;<strong>$150 millones<\/strong> para fortalecer el <strong>Seguro Agr\u00edcola<\/strong>. Es un programa que en Mendoza est\u00e1 funcionando muy bien y desde el gobierno nacional se ha decidido colaborar este a\u00f1o\u201d.<\/em> &nbsp;<\/p>\n\n\n\n<p>Por \u00faltimo, Vaqui\u00e9, adelant\u00f3 que desde el gobierno nacional entregar\u00edan un subsidio de 300 millones de pesos para peque\u00f1as obras h\u00eddricas: <em>\u00abEste es un tema en el que estamos trabajando junto al superintendente de Irrigaci\u00f3n <strong>Sergio Marinelli<\/strong>, para ver qu\u00e9 obras son las que vamos a incluir ah\u00ed. Se trata de obras, en principio, chicas, y el lunes tendremos una reuni\u00f3n para delinear los pasos a seguir en este sentido\u00bb.<\/em> &nbsp;<\/p>\n\n\n\n<p>Es conocido el impacto que genera sobre la producci\u00f3n vitivin\u00edcola de Mendoza la plaga de la polilla de la vid, afectando la cantidad y calidad de la producci\u00f3n de uvas, mostos y vinos. Compromete, adem\u00e1s, las fuentes de trabajo de miles de productores y familias que dependen econ\u00f3micamente de la actividad agr\u00edcola y de la industria enol\u00f3gica local. &nbsp;<\/p>\n\n\n\n<p>El cultivo de la vid representa la principal actividad agr\u00edcola de la provincia, con <strong>151.000 hect\u00e1reas de vi\u00f1edos<\/strong>. Adem\u00e1s, existen cultivos de frutales susceptibles al ataque de la polilla de la vid, por lo que evitar la diseminaci\u00f3n del insecto hacia los mismos resulta primordial.&nbsp;<\/p>\n","protected":false},"excerpt":{"rendered":"<p>El ministro de Econom\u00eda y Energ\u00eda de Mendoza, Enrique Vaqui\u00e9, se reuni\u00f3 con el ministro&hellip;<\/p>\n","protected":false},"author":3,"featured_media":66516,"comment_status":"open","ping_status":"open","sticky":false,"template":"","format":"standard","meta":{"footnotes":""},"categories":[14],"tags":[],"class_list":["post-66476","post","type-post","status-publish","format-standard","has-post-thumbnail","hentry","category-news"],"_links":{"self":[{"href":"https:\/\/enolife.com.ar\/es\/wp-json\/wp\/v2\/posts\/66476","targetHints":{"allow":["GET"]}}],"collection":[{"href":"https:\/\/enolife.com.ar\/es\/wp-json\/wp\/v2\/posts"}],"about":[{"href":"https:\/\/enolife.com.ar\/es\/wp-json\/wp\/v2\/types\/post"}],"author":[{"embeddable":true,"href":"https:\/\/enolife.com.ar\/es\/wp-json\/wp\/v2\/users\/3"}],"replies":[{"embeddable":true,"href":"https:\/\/enolife.com.ar\/es\/wp-json\/wp\/v2\/comments?post=66476"}],"version-history":[{"count":0,"href":"https:\/\/enolife.com.ar\/es\/wp-json\/wp\/v2\/posts\/66476\/revisions"}],"wp:featuredmedia":[{"embeddable":true,"href":"https:\/\/enolife.com.ar\/es\/wp-json\/wp\/v2\/media\/66516"}],"wp:attachment":[{"href":"https:\/\/enolife.com.ar\/es\/wp-json\/wp\/v2\/media?parent=66476"}],"wp:term":[{"taxonomy":"category","embeddable":true,"href":"https:\/\/enolife.com.ar\/es\/wp-json\/wp\/v2\/categories?post=66476"},{"taxonomy":"post_tag","embeddable":true,"href":"https:\/\/enolife.com.ar\/es\/wp-json\/wp\/v2\/tags?post=66476"}],"curies":[{"name":"wp","href":"https:\/\/api.w.org\/{rel}","templated":true}]}}