{"id":66383,"date":"2022-06-23T01:37:19","date_gmt":"2022-06-23T01:37:19","guid":{"rendered":"http:\/\/enolife.com.ar\/es\/?p=66383"},"modified":"2022-06-24T21:01:21","modified_gmt":"2022-06-24T21:01:21","slug":"segun-coninagro-de-abril-21-a-abril-22-solo-3-de-19-economias-regionales-crecieron-y-una-es-el-vino","status":"publish","type":"post","link":"https:\/\/enolife.com.ar\/es\/segun-coninagro-de-abril-21-a-abril-22-solo-3-de-19-economias-regionales-crecieron-y-una-es-el-vino\/","title":{"rendered":"Seg\u00fan Coninagro, de abril 21 a abril 22, s\u00f3lo 3 de 19 econom\u00edas regionales crecieron y una es el vino"},"content":{"rendered":"\n<h4 class=\"wp-block-heading\"><em><strong>Como cada mes, la Confederaci\u00f3n Intercooperativa Agropecuaria (Coninagro) de Argentina difundi\u00f3 el \u00abSem\u00e1foro de Econom\u00edas Regionales\u00bb correspondiente a abril. Se trata de una herramienta para que el productor agropecuario pueda hacer un seguimiento de indicadores tales como precios, costos, stock, producci\u00f3n, exportaciones, importaciones y consumo. De los resultados de este informe surge que las econom\u00edas regionales est\u00e1n en rojo en lo que se refiere a la suba de costos y la inestabilidad de los mercados. De las 19 econom\u00edas regionales analizadas, s\u00f3lo 3 han registrado crecimiento (interanual entre abril de 2021 y abril de 2022): algod\u00f3n, forestal y vino y mosto. Seg\u00fan explic\u00f3 el productor mendocino Carlos Groselj -de la Cooperativa Altas Cumbres-Fecovita), la merma en la producci\u00f3n y la baja cosecha han equilibrado el mercado, dejando los stocks m\u00e1s reducidos, provocando una marcada suba en el precio del vino y del mosto.<\/strong><\/em><\/h4>\n\n\n\n<div style=\"height:20px\" aria-hidden=\"true\" class=\"wp-block-spacer\"><\/div>\n\n\n\n<p><em><strong>Foto principal: Daniela Mansilla Galdeano \u00abTerminando el d\u00eda\u00bb, participante del concurso de foto \u00abTiempo de Cosecha 2022\u00bb<\/strong><\/em><\/p>\n\n\n\n<div style=\"height:48px\" aria-hidden=\"true\" class=\"wp-block-spacer\"><\/div>\n\n\n<a href=\"https:\/\/sudafilt.com\/\" aria-label=\"SUDAFILT 1700X500 NOV25\"><img loading=\"lazy\" decoding=\"async\" src=\"https:\/\/enolife.com.ar\/es\/wp-content\/uploads\/2020\/07\/SUDAFILT-1700X500-NOV25.gif\" alt=\"\"  width=\"1700\" height=\"500\"   \/><\/a>\n\n\n<div style=\"height:56px\" aria-hidden=\"true\" class=\"wp-block-spacer\"><\/div>\n\n\n\n<p>El <strong>Sem\u00e1foro de Econom\u00edas Regionales<\/strong>, elaborado por <strong>Coninagro<\/strong>, tiene como objetivo simplificar la complejidad y heterogeneidad de la producci\u00f3n en el campo con una herramienta visual de an\u00e1lisis. El relevamiento de los indicadores se hace en base a 19 econom\u00edas regionales: <strong>algod\u00f3n, aves, bovinos, c\u00edtricos dulces, forestal, granos, hortalizas, leche, mandioca, man\u00ed, miel, ovinos, papa, peras y manzanas, porcinos, vino y mosto, tabaco y yerba mate<\/strong>.<\/p>\n\n\n\n<p>El resultado del an\u00e1lisis del mes de abril de 2022 se\u00f1ala que 7 de esos sectores est\u00e1n en crisis, 4 comienzan a tener signos de crisis, 5 est\u00e1n en situaci\u00f3n de advertencia, s\u00f3lo hay 3 en crecimiento y ninguno en prosperidad.<\/p>\n\n\n\n<div style=\"height:20px\" aria-hidden=\"true\" class=\"wp-block-spacer\"><\/div>\n\n\n\n<div class=\"wp-block-image\"><figure class=\"aligncenter is-resized\"><img loading=\"lazy\" decoding=\"async\" src=\"https:\/\/www.coninagro.org.ar\/wp-content\/uploads\/2022\/06\/Diapositiva1-1024x576.jpg\" alt=\"\" class=\"wp-image-64541\" width=\"849\" height=\"477\"\/><\/figure><\/div>\n\n\n\n<div style=\"height:25px\" aria-hidden=\"true\" class=\"wp-block-spacer\"><\/div>\n\n\n\n<p class=\"has-medium-font-size\"><strong>Costos por las nubes en las econom\u00edas regionales<\/strong><\/p>\n\n\n\n<p>En este informe, las econom\u00edas regionales que est\u00e1n en rojo refieren a la suba de costos a trav\u00e9s de los insumos y la inestabilidad de los mercados, especialmente de la exportaci\u00f3n.<\/p>\n\n\n\n<p>Por otro lado, hay dos actividades que se recuperaron&nbsp;levemente, pero resta que esos valores se traduzcan en se\u00f1ales concretas a la cadena productiva.<br>Adem\u00e1s, la incertidumbre por el acceso al combustible y su precio es transversal a todas las producciones.<\/p>\n\n\n\n<p>Y la guerra entre Rusia y Ucrania ha afectado nuevamente la log\u00edstica internacional, tanto para exportar productos de nuestras econom\u00edas regionales como las manzanas y peras, como para importar insumos necesarios, como botellas.<\/p>\n\n\n\n<div style=\"height:20px\" aria-hidden=\"true\" class=\"wp-block-spacer\"><\/div>\n\n\n\n<p class=\"has-medium-font-size\"><strong>Se equilibra el mercado de vinos con un gui\u00f1o al productor<\/strong><\/p>\n\n\n\n<p>Al respecto se expres\u00f3&nbsp;<strong>Carlos Groselj<\/strong>, productor de vinos en Mendoza, secretario de la cooperativa <strong>Altas Cumbres<\/strong> y consejero de Coninagro por Fecovita: <em>\u00abHubo una merma en la producci\u00f3n y una cosecha a la baja, puesto en n\u00fameros es casi el 20% menos en relaci\u00f3n al a\u00f1o pasado, esto ha equilibrado el mercado y ha dejado los stocks mas reducidos, lo que ha provocado una subida en el precio del vino y del mosto de manera marcada\u00bb<\/em>. Y agreg\u00f3 sobre las buenas perspectivas: <em>\u00abEsto en una primera instancia marc\u00f3 una p\u00e9rdida de consumo en mayo pero ahora est\u00e1 recomponi\u00e9ndose un poco, y el productor vitivin\u00edcola percibe esa suba en su renta y ha sido un alivio\u00bb.<\/em><\/p>\n\n\n\n<p><em>\u00abEn contraposici\u00f3n, los costos han aumentado considerablemente, ya sea lo vinculado a insumos, combustible y fertilizantes en algunos casos en subas de m\u00e1s del 100%, sumado a la dificultad para conseguir algunos productos por restricciones a las importaciones, pero aun as\u00ed el panorama es positivo para el productor, solo juega un poco en contra el stock acotado para competir en el mercado externo\u00bb<\/em>,  a\u00f1adi\u00f3 Groselj.<\/p>\n\n\n\n<p>En tanto, en lo referido a exportaciones, Groselj indic\u00f3 que <em>\u00abel precio en el mercado interno es elevado y esos valores llegan a un techo debido a que el precio internacional est\u00e1 emparejado y eso complica la competitividad con el d\u00f3lar atrasado&#8230; El precio del mosto ha subido, el mosto principalmente se exporta y esto acompa\u00f1a la suba del vino en el mercado interno\u00bb<\/em>.<\/p>\n\n\n\n<p>Asimismo, el productor y cooperativista expres\u00f3 la preocupaci\u00f3n del sector por los elevados aranceles en los pa\u00edses de destino, que por ejemplo en Europa rondan el 20%, en China el 25% y en Sud\u00e1frica el 20%; y en el caso del mosto a EEUU, que paga 150 d\u00f3lares por tonelada, el valor del arancel representa casi un 15% del precio. <\/p>\n\n\n\n<p><em>\u00abEnfrentamos dificultades para conseguir contenedores, y la log\u00edstica tiene altos costos. Un tema que preocupa es una demanda de una empresa mostera de EEUU que importa nuestros productos, y est\u00e1 pidiendo al gobierno de su pa\u00eds que interceda como compensaci\u00f3n de lo que ellos consideran una supuesta competencia desleal del mosto argentino en el mercado de EEUU; ahora este tema est\u00e1 en una incipiente etapa judicial, hemos pedido a Coninagro y al ministro Dom\u00ednguez que interceda porque creemos que esa demanda no tiene lugar\u00bb<\/em>, cont\u00f3 con preocupaci\u00f3n finalmente Groselj.<\/p>\n\n\n\n<div style=\"height:20px\" aria-hidden=\"true\" class=\"wp-block-spacer\"><\/div>\n\n\n\n<div class=\"wp-block-image\"><figure class=\"aligncenter is-resized\"><img loading=\"lazy\" decoding=\"async\" src=\"https:\/\/www.coninagro.org.ar\/wp-content\/uploads\/2022\/06\/Diapositiva2-1024x576.jpg\" alt=\"\" width=\"869\" height=\"488\"\/><\/figure><\/div>\n\n\n\n<div style=\"height:20px\" aria-hidden=\"true\" class=\"wp-block-spacer\"><\/div>\n\n\n\n<h4 class=\"wp-block-heading\">Frutas y hortalizas en una realidad compleja<\/h4>\n\n\n\n<p>El cuadro de situaci\u00f3n que configura la realidad de la producci\u00f3n frutihort\u00edcola fue abordado por&nbsp;<strong>Ricardo Vitale,<\/strong>&nbsp;quien se autodescribi\u00f3 contando:<em> \u00abLlevo m\u00e1s de 50 a\u00f1os ininterrumpidos en el cooperativismo, hace 48 a\u00f1os consecutivos que soy tesorero de la Cooperativa de horticultores de Bah\u00eda Blanca, soy presidente de Alcohofar y por ello vocal de Coninagro y de Fenafrut\u00bb.<\/em><\/p>\n\n\n\n<p>A la hora de describir el panorama productivo en su zona, Vitale enunci\u00f3: <em>\u00abEn Bah\u00eda Blanca fue un a\u00f1o hort\u00edcola medio desparejo por el factor clim\u00e1tico, ven\u00edamos bien con precios razonables y buena producci\u00f3n pero nos peg\u00f3 duro el calor del mes de enero. Cost\u00f3 reponerse de ese calor y comenzamos a cultivar pero con producci\u00f3n no tan buena y con ello aparecieron problemas para vender esos productos; adem\u00e1s empez\u00f3 a aparecer mercader\u00eda de otros lugares y Bah\u00eda Blanca como plaza productora comenz\u00f3 a atorarse, al fin cost\u00f3 m\u00e1s pero igualmente se pudo colocar la producci\u00f3n hort\u00edcola y frut\u00edcola\u00bb.<\/em><\/p>\n\n\n\n<p>Y redonde\u00f3 el experimentado productor: <em>\u00abDonde el calor no golpe\u00f3 tanto hubo buena producci\u00f3n y eso baj\u00f3 el precio regulado por la ley del mercado, regido por la oferta y la demanda. Hay que tener compromiso en poner precios e intentar fijarlos porque de un da para el otro todo cambia muy r\u00e1pido; Mar del plata, La Plata y otras zonas productivas muy grandes han tenido vaivenes de precio, por ejemplo el precio del tomate estuvo muchos meses por debajo de los costos de producci\u00f3n y s\u00f3lo a cuentagotas tuvo buen rendimiento desde el punto de vista comercial\u00bb.<\/em><\/p>\n\n\n\n<div style=\"height:47px\" aria-hidden=\"true\" class=\"wp-block-spacer\"><\/div>\n","protected":false},"excerpt":{"rendered":"<p>Como cada mes, la Confederaci\u00f3n Intercooperativa Agropecuaria (Coninagro) de Argentina difundi\u00f3 el \u00abSem\u00e1foro de Econom\u00edas&hellip;<\/p>\n","protected":false},"author":3,"featured_media":66422,"comment_status":"open","ping_status":"open","sticky":false,"template":"","format":"standard","meta":{"footnotes":""},"categories":[9],"tags":[],"class_list":["post-66383","post","type-post","status-publish","format-standard","has-post-thumbnail","hentry","category-negocios"],"_links":{"self":[{"href":"https:\/\/enolife.com.ar\/es\/wp-json\/wp\/v2\/posts\/66383","targetHints":{"allow":["GET"]}}],"collection":[{"href":"https:\/\/enolife.com.ar\/es\/wp-json\/wp\/v2\/posts"}],"about":[{"href":"https:\/\/enolife.com.ar\/es\/wp-json\/wp\/v2\/types\/post"}],"author":[{"embeddable":true,"href":"https:\/\/enolife.com.ar\/es\/wp-json\/wp\/v2\/users\/3"}],"replies":[{"embeddable":true,"href":"https:\/\/enolife.com.ar\/es\/wp-json\/wp\/v2\/comments?post=66383"}],"version-history":[{"count":0,"href":"https:\/\/enolife.com.ar\/es\/wp-json\/wp\/v2\/posts\/66383\/revisions"}],"wp:featuredmedia":[{"embeddable":true,"href":"https:\/\/enolife.com.ar\/es\/wp-json\/wp\/v2\/media\/66422"}],"wp:attachment":[{"href":"https:\/\/enolife.com.ar\/es\/wp-json\/wp\/v2\/media?parent=66383"}],"wp:term":[{"taxonomy":"category","embeddable":true,"href":"https:\/\/enolife.com.ar\/es\/wp-json\/wp\/v2\/categories?post=66383"},{"taxonomy":"post_tag","embeddable":true,"href":"https:\/\/enolife.com.ar\/es\/wp-json\/wp\/v2\/tags?post=66383"}],"curies":[{"name":"wp","href":"https:\/\/api.w.org\/{rel}","templated":true}]}}