{"id":6637,"date":"2020-01-20T16:35:30","date_gmt":"2020-01-20T16:35:30","guid":{"rendered":"http:\/\/enolife.com.ar\/es\/?p=6637"},"modified":"2020-01-22T16:58:14","modified_gmt":"2020-01-22T16:58:14","slug":"habemus-cuatro-reinas","status":"publish","type":"post","link":"https:\/\/enolife.com.ar\/es\/habemus-cuatro-reinas\/","title":{"rendered":"Habemus cuatro reinas"},"content":{"rendered":"\n<h4 class=\"wp-block-heading\"><em><strong>Las fiestas departamentales de la Vendimia 2020 comenzaron en La Paz y siguieron por Las Heras, Guaymall\u00e9n y Jun\u00edn. Ahora, las reinas y virreinas elegidas esperan su gran d\u00eda en la Fiesta central, el 7 de marzo en el Anfiteatro Frank Romero Day.<\/strong><\/em><\/h4>\n\n\n\n<div style=\"height:20px\" aria-hidden=\"true\" class=\"wp-block-spacer\"><\/div>\n\n\n\n<p>El jueves 18\/1\/2020 comenz\u00f3 la grilla de Fiestas de la Vendimia departamentales con<em>&nbsp;Coronadas de Surco<\/em>&nbsp;y Parras, el espect\u00e1culo de La Paz, en el cual se coron\u00f3 a Anabella Carreras, representante del Club Centro Cultural y Recreativo La Paz. <\/p>\n\n\n\n<p>Al d\u00eda siguiente, fue el turno de Las Heras, que con&nbsp;<em>Retazos de historia<\/em>, un espect\u00e1culo que emocion\u00f3 a vecinos y visitantes, coron\u00f3 a Candela Oriana \u00c1vila, soberana de Uspallata y Alta Monta\u00f1a.<\/p>\n\n\n\n<div style=\"height:20px\" aria-hidden=\"true\" class=\"wp-block-spacer\"><\/div>\n\n\n\n<figure class=\"wp-block-gallery columns-1 is-cropped wp-block-gallery-1 is-layout-flex wp-block-gallery-is-layout-flex\"><ul class=\"blocks-gallery-grid\"><li class=\"blocks-gallery-item\"><figure><img loading=\"lazy\" decoding=\"async\" width=\"945\" height=\"532\" src=\"https:\/\/enolife.com.ar\/es\/wp-content\/uploads\/2020\/01\/reinas-la-paz.jpeg\" alt=\"\" data-id=\"6648\" data-link=\"https:\/\/enolife.com.ar\/es\/?attachment_id=6648\" class=\"wp-image-6648\" srcset=\"https:\/\/enolife.com.ar\/es\/wp-content\/uploads\/2020\/01\/reinas-la-paz.jpeg 945w, https:\/\/enolife.com.ar\/es\/wp-content\/uploads\/2020\/01\/reinas-la-paz-300x169.jpeg 300w, https:\/\/enolife.com.ar\/es\/wp-content\/uploads\/2020\/01\/reinas-la-paz-768x432.jpeg 768w, https:\/\/enolife.com.ar\/es\/wp-content\/uploads\/2020\/01\/reinas-la-paz-585x329.jpeg 585w\" sizes=\"auto, (max-width: 945px) 100vw, 945px\" \/><figcaption class=\"blocks-gallery-item__caption\"><strong><em>Anabella Ludmila Carreras y Malena Moreno, reina y virreina de La Paz<\/em><\/strong>.<\/figcaption><\/figure><\/li><\/ul><\/figure>\n\n\n\n<figure class=\"wp-block-gallery columns-1 is-cropped wp-block-gallery-2 is-layout-flex wp-block-gallery-is-layout-flex\"><ul class=\"blocks-gallery-grid\"><li class=\"blocks-gallery-item\"><figure><img loading=\"lazy\" decoding=\"async\" width=\"608\" height=\"342\" src=\"https:\/\/enolife.com.ar\/es\/wp-content\/uploads\/2020\/01\/las-heras-reina-y-virreina.jpg\" alt=\"\" data-id=\"6652\" data-full-url=\"https:\/\/enolife.com.ar\/es\/wp-content\/uploads\/2020\/01\/las-heras-reina-y-virreina.jpg\" data-link=\"https:\/\/enolife.com.ar\/es\/?attachment_id=6652\" class=\"wp-image-6652\" srcset=\"https:\/\/enolife.com.ar\/es\/wp-content\/uploads\/2020\/01\/las-heras-reina-y-virreina.jpg 608w, https:\/\/enolife.com.ar\/es\/wp-content\/uploads\/2020\/01\/las-heras-reina-y-virreina-300x169.jpg 300w, https:\/\/enolife.com.ar\/es\/wp-content\/uploads\/2020\/01\/las-heras-reina-y-virreina-585x329.jpg 585w\" sizes=\"auto, (max-width: 608px) 100vw, 608px\" \/><figcaption class=\"blocks-gallery-item__caption\"> <strong><em>Candela Oriana Avila y Romina Agostina, reina y virreina de Las Heras<\/em><\/strong>. <\/figcaption><\/figure><\/li><\/ul><\/figure>\n\n\n\n<div style=\"height:20px\" aria-hidden=\"true\" class=\"wp-block-spacer\"><\/div>\n\n\n\n<p>El 18\/1 le toc\u00f3 a Jun\u00edn, con su espect\u00e1culo <em>Hermano de vides y de sue\u00f1os<\/em>, bajo la direcci\u00f3n de Pedro Marabini y Omar Escales. All\u00ed coronaron a  Melisa Estefan\u00eda Sim\u00f3n de 18 a\u00f1os, quien represent\u00f3 a Algarrobo Grande.<\/p>\n\n\n\n<p> Mientras esto suced\u00eda, la misma noche en Guaymall\u00e9n el espect\u00e1culo que llev\u00f3 por nombre&nbsp;<em>Vendimia de la voz latinoamericana<\/em>&nbsp; eligi\u00f3 como reina a  Sof\u00eda Grangetto, representante de Dorrego.<\/p>\n\n\n\n<div style=\"height:20px\" aria-hidden=\"true\" class=\"wp-block-spacer\"><\/div>\n\n\n\n<figure class=\"wp-block-gallery aligncenter columns-2 is-cropped wp-block-gallery-3 is-layout-flex wp-block-gallery-is-layout-flex\"><ul class=\"blocks-gallery-grid\"><li class=\"blocks-gallery-item\"><figure><img loading=\"lazy\" decoding=\"async\" width=\"682\" height=\"1024\" src=\"https:\/\/enolife.com.ar\/es\/wp-content\/uploads\/2020\/01\/reina-junin.jpeg\" alt=\"\" data-id=\"6642\" data-link=\"https:\/\/enolife.com.ar\/es\/?attachment_id=6642\" class=\"wp-image-6642\" srcset=\"https:\/\/enolife.com.ar\/es\/wp-content\/uploads\/2020\/01\/reina-junin.jpeg 682w, https:\/\/enolife.com.ar\/es\/wp-content\/uploads\/2020\/01\/reina-junin-200x300.jpeg 200w, https:\/\/enolife.com.ar\/es\/wp-content\/uploads\/2020\/01\/reina-junin-585x878.jpeg 585w\" sizes=\"auto, (max-width: 682px) 100vw, 682px\" \/><figcaption class=\"blocks-gallery-item__caption\"><em><strong>Melisa Estefan\u00eda Sim\u00f3n, reina de Jun\u00edn.<\/strong><\/em><\/figcaption><\/figure><\/li><li class=\"blocks-gallery-item\"><figure><img loading=\"lazy\" decoding=\"async\" width=\"682\" height=\"1024\" src=\"https:\/\/enolife.com.ar\/es\/wp-content\/uploads\/2020\/01\/virreina-junin.jpeg\" alt=\"\" data-id=\"6641\" data-link=\"https:\/\/enolife.com.ar\/es\/?attachment_id=6641\" class=\"wp-image-6641\" srcset=\"https:\/\/enolife.com.ar\/es\/wp-content\/uploads\/2020\/01\/virreina-junin.jpeg 682w, https:\/\/enolife.com.ar\/es\/wp-content\/uploads\/2020\/01\/virreina-junin-200x300.jpeg 200w, https:\/\/enolife.com.ar\/es\/wp-content\/uploads\/2020\/01\/virreina-junin-585x878.jpeg 585w\" sizes=\"auto, (max-width: 682px) 100vw, 682px\" \/><figcaption class=\"blocks-gallery-item__caption\"><strong><em>Candela Magistretti, virreina de Jun\u00edn.<\/em><\/strong><\/figcaption><\/figure><\/li><\/ul><\/figure>\n\n\n\n<figure class=\"wp-block-gallery columns-1 is-cropped wp-block-gallery-4 is-layout-flex wp-block-gallery-is-layout-flex\"><ul class=\"blocks-gallery-grid\"><li class=\"blocks-gallery-item\"><figure><img loading=\"lazy\" decoding=\"async\" width=\"768\" height=\"563\" src=\"https:\/\/enolife.com.ar\/es\/wp-content\/uploads\/2020\/01\/Vendimia-Guaymall\u00e9n-2020-4-1-2.jpg\" alt=\"\" data-id=\"6649\" class=\"wp-image-6649\" srcset=\"https:\/\/enolife.com.ar\/es\/wp-content\/uploads\/2020\/01\/Vendimia-Guaymall\u00e9n-2020-4-1-2.jpg 768w, https:\/\/enolife.com.ar\/es\/wp-content\/uploads\/2020\/01\/Vendimia-Guaymall\u00e9n-2020-4-1-2-300x220.jpg 300w, https:\/\/enolife.com.ar\/es\/wp-content\/uploads\/2020\/01\/Vendimia-Guaymall\u00e9n-2020-4-1-2-585x429.jpg 585w\" sizes=\"auto, (max-width: 768px) 100vw, 768px\" \/><figcaption class=\"blocks-gallery-item__caption\"><strong><em>Sof\u00eda Grangetto y Florencia Mois\u00e1, reina y virreina de Guaymall\u00e9n.<\/em><\/strong><\/figcaption><\/figure><\/li><\/ul><\/figure>\n\n\n\n<div style=\"height:20px\" aria-hidden=\"true\" class=\"wp-block-spacer\"><\/div>\n\n\n\n<p>El calendario de Fiestas departamentales contin\u00faa por toda la provincia. Mendocinos y turistas podr\u00e1n disfrutar del talento de nuestros artistas y propuestas que suman a la experiencia vendimial. As\u00ed, artistas, artesanos, comerciantes y el sector tur\u00edstico se ve beneficiado por uno de los hechos m\u00e1s relevantes de nuestra cultura.<\/p>\n\n\n\n<div style=\"height:20px\" aria-hidden=\"true\" class=\"wp-block-spacer\"><\/div>\n\n\n\n<p class=\"has-medium-font-size\"><strong>Las Vendimias que vienen<\/strong><\/p>\n\n\n\n<div style=\"height:20px\" aria-hidden=\"true\" class=\"wp-block-spacer\"><\/div>\n\n\n\n<ul class=\"wp-block-list\"><li>25 de enero: Lavalle<\/li><li>31 de enero: Tunuy\u00e1n<\/li><li>1 de febrero: Godoy Cruz<\/li><li>1 de febrero: General Alvear<\/li><li>1 de febrero: San Rafael<\/li><li>2 de febrero: Rivadavia<\/li><li>8 de febrero: San Carlos<\/li><li>14 de febrero: Luj\u00e1n de Cuyo<\/li><li>14 de febrero: Santa Rosa<\/li><li>15 de febrero: Maip\u00fa<\/li><li>21 de febrero: Ciudad de Mendoza<\/li><li>22 de febrero: Tupungato<\/li><li>22 de febrero: San Mart\u00edn<\/li><\/ul>\n\n\n\n<p><\/p>\n","protected":false},"excerpt":{"rendered":"<p>Las fiestas departamentales de la Vendimia 2020 comenzaron en La Paz y siguieron por Las&hellip;<\/p>\n","protected":false},"author":3,"featured_media":6674,"comment_status":"open","ping_status":"open","sticky":false,"template":"","format":"standard","meta":{"footnotes":""},"categories":[34],"tags":[],"class_list":["post-6637","post","type-post","status-publish","format-standard","has-post-thumbnail","hentry","category-cultura1"],"_links":{"self":[{"href":"https:\/\/enolife.com.ar\/es\/wp-json\/wp\/v2\/posts\/6637","targetHints":{"allow":["GET"]}}],"collection":[{"href":"https:\/\/enolife.com.ar\/es\/wp-json\/wp\/v2\/posts"}],"about":[{"href":"https:\/\/enolife.com.ar\/es\/wp-json\/wp\/v2\/types\/post"}],"author":[{"embeddable":true,"href":"https:\/\/enolife.com.ar\/es\/wp-json\/wp\/v2\/users\/3"}],"replies":[{"embeddable":true,"href":"https:\/\/enolife.com.ar\/es\/wp-json\/wp\/v2\/comments?post=6637"}],"version-history":[{"count":0,"href":"https:\/\/enolife.com.ar\/es\/wp-json\/wp\/v2\/posts\/6637\/revisions"}],"wp:featuredmedia":[{"embeddable":true,"href":"https:\/\/enolife.com.ar\/es\/wp-json\/wp\/v2\/media\/6674"}],"wp:attachment":[{"href":"https:\/\/enolife.com.ar\/es\/wp-json\/wp\/v2\/media?parent=6637"}],"wp:term":[{"taxonomy":"category","embeddable":true,"href":"https:\/\/enolife.com.ar\/es\/wp-json\/wp\/v2\/categories?post=6637"},{"taxonomy":"post_tag","embeddable":true,"href":"https:\/\/enolife.com.ar\/es\/wp-json\/wp\/v2\/tags?post=6637"}],"curies":[{"name":"wp","href":"https:\/\/api.w.org\/{rel}","templated":true}]}}