{"id":66342,"date":"2022-06-23T15:23:36","date_gmt":"2022-06-23T15:23:36","guid":{"rendered":"http:\/\/enolife.com.ar\/es\/?p=66342"},"modified":"2022-06-24T22:49:46","modified_gmt":"2022-06-24T22:49:46","slug":"un-diputado-propone-unificar-los-4-entes-del-agua-en-irrigacion-para-un-manejo-integral-del-recurso","status":"publish","type":"post","link":"https:\/\/enolife.com.ar\/es\/un-diputado-propone-unificar-los-4-entes-del-agua-en-irrigacion-para-un-manejo-integral-del-recurso\/","title":{"rendered":"Un diputado propone unificar los 4 entes del agua en Irrigaci\u00f3n, para un manejo integral del recurso"},"content":{"rendered":"\n<h4 class=\"wp-block-heading\"><em><strong>En Mendoza el tema del recurso h\u00eddrico es cr\u00edtico, ya que las escasas nevadas por el cambio clim\u00e1tico han provocado una ya larga sequ\u00eda. La poca agua que hay debe repartirse cuidadosamente entre el riego agr\u00edcola y las plantas potabilizadoras. Y cada vez cobran mayor importancia el re\u00faso agr\u00edcola, el tratamiento de efluentes y el control del gasto dom\u00e9stico. <\/strong><\/em><\/h4>\n\n\n\n<hr class=\"wp-block-separator\"\/>\n\n\n\n<h4 class=\"wp-block-heading\"><em><strong>Para administrar y cuidar el recurso, en la provincia hay 4 organismos: el Departamento General de Irrigaci\u00f3n (DGI), Agua y Saneamiento Mendoza (Aysam), Ente Provincial del Agua y Saneamiento (EPAS) y el Departamento General de Hidr\u00e1ulica (DGH). Frente al problema, el legislador de origen dem\u00f3crata Jorge Difonso (Uni\u00f3n Popular-Frente Renovador) sorprendi\u00f3 con un proyecto para unir esas 4 entidades bajo la conducci\u00f3n del DGI, idea que el actual superintendente Sergio Marinelli calific\u00f3 como una \u00abexcelente iniciativa\u00bb.<\/strong><\/em><\/h4>\n\n\n\n<div style=\"height:20px\" aria-hidden=\"true\" class=\"wp-block-spacer\"><\/div>\n\n\n<a href=\"https:\/\/www.irrigacion.gov.ar\/web\/\" aria-label=\"irrigaci\u00f3n-1700X500\"><img loading=\"lazy\" decoding=\"async\" src=\"https:\/\/enolife.com.ar\/es\/wp-content\/uploads\/2021\/02\/irrigacion-1700X500.gif\" alt=\"\"  width=\"1700\" height=\"500\"   \/><\/a>\n\n\n<div style=\"height:57px\" aria-hidden=\"true\" class=\"wp-block-spacer\"><\/div>\n\n\n\n<p>El superintendente general de <strong>Irrigaci\u00f3n<\/strong>,<strong> Sergio Marinelli,<\/strong> fue recibido por la comisi\u00f3n de Legislaci\u00f3n y Asuntos Constitucionales (LAC) de la Legislatura de Mendoza, para iniciar el estudio de un proyecto de Jorge Difonso (UP-FR), que busca un <em>\u00abenfoque ecosist\u00e9mico del abastecimiento poblacional y productivo, asegurando as\u00ed sustentabilidad, transparencia, equidad y eficiencia en la distribuci\u00f3n del agua en el \u00e1mbito de la provincia de Mendoza\u00bb.<\/em><\/p>\n\n\n\n<p>Mediante este proyecto, se otorgar\u00eda a Irrigaci\u00f3n, <em>\u00abla funci\u00f3n de ser la Autoridad \u00danica del Agua en la provincia de Mendoza\u00bb<\/em>, y ese organismo ser\u00eda responsable de la gesti\u00f3n integrada del recurso h\u00eddrico, coordinando con los diferentes niveles de gobierno seg\u00fan sus \u00e1mbitos de competencia.<\/p>\n\n\n\n<p>Seg\u00fan explic\u00f3 el autor de la iniciativa, <em>\u00abhoy en Mendoza tienen el manejo del agua cuatro entidades; una con rango constitucional como es el Departamento General de Irrigaci\u00f3n, Aysam, el EPAS y el Departamento General de Hidr\u00e1ulica. La idea es una sola autoridad del agua centrada en Irrigaci\u00f3n, con una sola estrategia tanto para el agua de consumo humano como el riego agr\u00edcola o el uso industrial\u00bb.<\/em><\/p>\n\n\n\n<div style=\"height:20px\" aria-hidden=\"true\" class=\"wp-block-spacer\"><\/div>\n\n\n\n<blockquote class=\"wp-block-quote is-layout-flow wp-block-quote-is-layout-flow\"><p>Es una excelente iniciativa, como idea la rescato&#8230; Pero el primer paso, como ocurri\u00f3 en Israel, es el entendimiento de que nos estamos quedando sin agua y la toma de conciencia por parte de la poblaci\u00f3n&#8230; Ac\u00e1 todav\u00eda no se comprende que la sequ\u00eda es permanente, m\u00e1s all\u00e1 de que puedan haber a\u00f1os mejores o peores\u00bb.<\/p><cite>Sergio Marinelli, superintendente general de Irrigaci\u00f3n<\/cite><\/blockquote>\n\n\n\n<div style=\"height:20px\" aria-hidden=\"true\" class=\"wp-block-spacer\"><\/div>\n\n\n\n<p>Al respecto, Marinelli evalu\u00f3 que <em>\u00abes una excelente iniciativa, como idea la rescato\u00bb, poniendo como ejemplo la gesti\u00f3n del agua en Israel. \u00abEs un pa\u00eds chico, con una conducci\u00f3n unitaria en su forma de manejo y una realidad completamente distinta, pero s\u00ed se puede tomar en cuenta los conceptos y procesos que han seguido ellos para llegar a ser hoy uno de los pa\u00edses que provee de agua a pa\u00edses fronterizos\u00bb<\/em>, dijo el superintendente.<\/p>\n\n\n\n<p>Luego el funcionario inform\u00f3 que <em>\u00abel primer paso dado en Israel, fue un entendimiento que el pa\u00eds se&nbsp; estaba quedando sin agua y la toma de conciencia por parte de la poblaci\u00f3n. Lo primero fue el cambio cultural. Ac\u00e1 todav\u00eda no se est\u00e1 dando la comprensi\u00f3n de que la sequ\u00eda es permanente m\u00e1s all\u00e1 de que pueden haber a\u00f1os mejores o peores\u00bb.<\/em><\/p>\n\n\n\n<p><em>\u00abNuestro pa\u00eds<\/em> -advirti\u00f3 Marinelli- <em>en lugar de encarar una autoridad \u00fanica del agua deber\u00eda estudiar alternativas, estrategias para que ning\u00fan sector productivo se quede sin agua. Son proyectos gigantescos y tremendamente caros, hay que encararlos con el tiempo preciso y una planificaci\u00f3n macro de pa\u00eds\u00bb.<\/em><\/p>\n\n\n\n<p><em>\u00abMientras tanto<\/em> -apunt\u00f3 a continuaci\u00f3n-, <em>en lo local, a partir de ese cambio de cabeza, tenemos que empezar a producir los cambios institucionales, de inversiones y el uso que hacemos del agua en la provincia. Lo principal es la gesti\u00f3n, ni siquiera la tecnolog\u00eda. La gesti\u00f3n es casi todo. &nbsp;Analizar los distintos usos y priorizar, pensar qu\u00e9 queremos hacer a futuro. Y la otra pata, es que el agua fuera p\u00fablica, con un inter\u00e9s superior<\/em>\u00ab.<\/p>\n\n\n\n<div style=\"height:20px\" aria-hidden=\"true\" class=\"wp-block-spacer\"><\/div>\n\n\n\n<div class=\"wp-block-image\"><figure class=\"aligncenter size-large is-resized\"><img loading=\"lazy\" decoding=\"async\" src=\"https:\/\/enolife.com.ar\/es\/wp-content\/uploads\/2022\/06\/HCD_0726-1024x683.jpg\" alt=\"\" class=\"wp-image-66458\" width=\"578\" height=\"384\" srcset=\"https:\/\/enolife.com.ar\/es\/wp-content\/uploads\/2022\/06\/HCD_0726-300x200.jpg 300w, https:\/\/enolife.com.ar\/es\/wp-content\/uploads\/2022\/06\/HCD_0726-768x512.jpg 768w, https:\/\/enolife.com.ar\/es\/wp-content\/uploads\/2022\/06\/HCD_0726-1536x1024.jpg 1536w, https:\/\/enolife.com.ar\/es\/wp-content\/uploads\/2022\/06\/HCD_0726-1170x780.jpg 1170w, https:\/\/enolife.com.ar\/es\/wp-content\/uploads\/2022\/06\/HCD_0726-585x390.jpg 585w, https:\/\/enolife.com.ar\/es\/wp-content\/uploads\/2022\/06\/HCD_0726.jpg 1800w\" sizes=\"auto, (max-width: 578px) 100vw, 578px\" \/><figcaption><em><strong>Los funcionarios reunidos en la legislatura<\/strong><\/em>.<\/figcaption><\/figure><\/div>\n\n\n\n<div style=\"height:20px\" aria-hidden=\"true\" class=\"wp-block-spacer\"><\/div>\n\n\n\n<p>Explic\u00f3 que en Israel <em>\u00abhay una autoridad ministerial que define la pol\u00edtica y luego una agencia independiente llamada por concurso y antecedente, que hace el control del cumplimiento del plan a diez, veinte y treinta a\u00f1os con una planificaci\u00f3n de la oferta y la demanda, y un esquema tarifario para los distintos usos. El cambio abrupto de costos no se pod\u00eda hacer de una sola vez, pero s\u00ed a trav\u00e9s de un plazo en el que hoy la tarifa se compone por la operaci\u00f3n y mantenimiento y un 30% de los proyectos futuros. Es decir que los usuarios pagan la operaci\u00f3n y mantenimiento, la amortizaci\u00f3n y la inversi\u00f3n a futuro y tienen una cantidad de metros c\u00fabicos por conexi\u00f3n que es el equivalente a 120 litros de agua por d\u00eda, algo razonable\u00bb.<\/em><\/p>\n\n\n\n<div style=\"height:20px\" aria-hidden=\"true\" class=\"wp-block-spacer\"><\/div>\n\n\n\n<p class=\"has-medium-font-size\"><strong>\u00abTenemos que abrir la cabeza\u00bb<\/strong><\/p>\n\n\n\n<p>En Mendoza, sostuvo, <em>\u00abtenemos que abrir la cabeza. Tratamos desde esta gesti\u00f3n de dar una visi\u00f3n distinta porque esto no es una emergencia, esto es lo que va a pasar siempre, por eso el planificar para tomar medidas preventivas de largo plazo\u00bb.<\/em><\/p>\n\n\n\n<p>En ese sentido, se\u00f1al\u00f3 Marinelli que en Mendoza <em>\u00abtenemos un organismo constitucional, un ordenamiento legal, pero usos y costumbres que ni siquiera se condicen con las leyes de 1904, donde ya estaba estipulado que el agua ten\u00eda que darse en funci\u00f3n de las necesidades. Ahora que hay escasez, prevalece a\u00fan m\u00e1s el concepto de la inherencia del agua a la tierra, que permite consolidar los oasis y que es el gran problema cuando se quiere modificar la Ley de Aguas, es un grave problema que hay que resolverlo de alguna manera. Hoy tenemos menos cantidad de agua &nbsp;y necesitamos una planificaci\u00f3n a futuro\u00bb.<\/em><\/p>\n\n\n\n<p>Al respecto, indic\u00f3 que este proyecto <em>\u00abes el inicio para empezar una buena discusi\u00f3n sobre el tema\u00bb<\/em>. Y manifest\u00f3 que en el caso del EPAS, fue creado en la \u00e9poca de las privatizaciones para regulaci\u00f3n y control. <em>\u00abHoy tiene que ser regulado, s\u00ed<\/em> -asegur\u00f3-, <em>pero el control tiene que ser diferente al de un ente privado. Las \u00e1reas de expansi\u00f3n debieran ser producto de planificaci\u00f3n y eso deber\u00eda responder a Irrigaci\u00f3n. Hay que fijar pol\u00edtica, regular y controlar, administrar el recurso. Hoy hay dos autoridades, es un gasto burocr\u00e1tico, porque la regulaci\u00f3n real la terminamos haciendo nosotros. Las dos tareas del EPAS, controlar y regular, no tienen sentido porque la regulaci\u00f3n la hacemos nosotros y el control, no tiene nada que controlar porque eso qued\u00f3 de la privatizaci\u00f3n\u00bb.<\/em><\/p>\n\n\n\n<p>Desde la comisi\u00f3n legislativa acordaron continuar trabajando el proyecto, recibiendo aportes y opiniones de especialistas.<\/p>\n","protected":false},"excerpt":{"rendered":"<p>En Mendoza el tema del recurso h\u00eddrico es cr\u00edtico, ya que las escasas nevadas por&hellip;<\/p>\n","protected":false},"author":3,"featured_media":66461,"comment_status":"open","ping_status":"open","sticky":false,"template":"","format":"standard","meta":{"footnotes":""},"categories":[14],"tags":[],"class_list":["post-66342","post","type-post","status-publish","format-standard","has-post-thumbnail","hentry","category-news"],"_links":{"self":[{"href":"https:\/\/enolife.com.ar\/es\/wp-json\/wp\/v2\/posts\/66342","targetHints":{"allow":["GET"]}}],"collection":[{"href":"https:\/\/enolife.com.ar\/es\/wp-json\/wp\/v2\/posts"}],"about":[{"href":"https:\/\/enolife.com.ar\/es\/wp-json\/wp\/v2\/types\/post"}],"author":[{"embeddable":true,"href":"https:\/\/enolife.com.ar\/es\/wp-json\/wp\/v2\/users\/3"}],"replies":[{"embeddable":true,"href":"https:\/\/enolife.com.ar\/es\/wp-json\/wp\/v2\/comments?post=66342"}],"version-history":[{"count":0,"href":"https:\/\/enolife.com.ar\/es\/wp-json\/wp\/v2\/posts\/66342\/revisions"}],"wp:featuredmedia":[{"embeddable":true,"href":"https:\/\/enolife.com.ar\/es\/wp-json\/wp\/v2\/media\/66461"}],"wp:attachment":[{"href":"https:\/\/enolife.com.ar\/es\/wp-json\/wp\/v2\/media?parent=66342"}],"wp:term":[{"taxonomy":"category","embeddable":true,"href":"https:\/\/enolife.com.ar\/es\/wp-json\/wp\/v2\/categories?post=66342"},{"taxonomy":"post_tag","embeddable":true,"href":"https:\/\/enolife.com.ar\/es\/wp-json\/wp\/v2\/tags?post=66342"}],"curies":[{"name":"wp","href":"https:\/\/api.w.org\/{rel}","templated":true}]}}