{"id":6610,"date":"2020-01-20T16:05:54","date_gmt":"2020-01-20T16:05:54","guid":{"rendered":"http:\/\/enolife.com.ar\/es\/?p=6610"},"modified":"2020-01-25T03:25:11","modified_gmt":"2020-01-25T03:25:11","slug":"la-cantidad-de-afiliados-al-seguro-agricola-aumento-un-20-con-respecto-a-la-temporada-anterior","status":"publish","type":"post","link":"https:\/\/enolife.com.ar\/es\/la-cantidad-de-afiliados-al-seguro-agricola-aumento-un-20-con-respecto-a-la-temporada-anterior\/","title":{"rendered":"La cantidad de afiliados al Seguro Agr\u00edcola de Mendoza creci\u00f3 un 20% el \u00faltimo a\u00f1o"},"content":{"rendered":"\n<h4 class=\"wp-block-heading\"><em><strong>En la temporada 2018-2019, unos 3.800 productores de uva, frutas, hortalizas y ma\u00edz para forraje estaban beneficiados por el sistema que compensa econ\u00f3micamente los perjuicios del granizo y las heladas. En la actual temporada, la cifra ascendi\u00f3 a 4.500. En 2018-2019, el seguro desembols\u00f3 $125 millones en indemnizaciones por da\u00f1os. <\/strong><\/em><\/h4>\n\n\n\n<div style=\"height:20px\" aria-hidden=\"true\" class=\"wp-block-spacer\"><\/div>\n\n\n\n<p>Luego de las tormentas graniceras que afectaron a varios municipios en los distintos oasis productivos de la provincia, Sergio Moralejo, subsecretario de Agricultura y Ganader\u00eda, recorri\u00f3 parte de las zonas alcanzadas por la tormenta en Las Heras y Lavalle, para constatar los da\u00f1os ocasionados.<\/p>\n\n\n\n<p>Las \u00e1reas m\u00e1s afectadas fueron fincas de los distritos Costa de Araujo, El Plumero y El Carmen, en Lavalle. Los due\u00f1os de los cultivos se\u00f1alaron han podido compensar en parte el perjuicio gracias a que estaban asociados al seguro agr\u00edcola. \u201cEs el tercer a\u00f1o consecutivo que el mal tiempo se lleva parte de nuestra cosecha. El contar con el seguro nos permite al menos preparar nuestros cultivos para la pr\u00f3xima temporada. Si no fuera por esto, no tendr\u00edamos la posibilidad de comenzar con las labores culturales para la siguiente temporada\u201d, remarc\u00f3 uno de los damnificados.<\/p>\n\n\n\n<p>En tanto, desde el gobierno provincial se\u00f1alaron que actualmente son cerca de 4.500 los productores asociados a esta herramienta, de los cuales el 63% corresponde al Sur provincial, el 26% al Este, mientras que el 11% restante est\u00e1n en los oasis Centro y Norte.<\/p>\n\n\n\n<div style=\"height:20px\" aria-hidden=\"true\" class=\"wp-block-spacer\"><\/div>\n\n\n\n<p class=\"has-background has-very-light-gray-background-color\">El Seguro Agr\u00edcola fue creado hace 3 a\u00f1os. Es una herramienta que administra el gobierno de Mendoza a trav\u00e9s de la Direcci\u00f3n de Contingencias Clim\u00e1ticas. La cobertura de los adheridos est\u00e1 garantizada por un grupo de aseguradoras que contrata el Ejecutivo provincial.<br><br>Los productores adheridos, propietarios de superficies menores a 20 hect\u00e1reas, reciben los fondos cuando el da\u00f1o causado por granizo y\/o heladas es superior al 50% de la producci\u00f3n.<br><br>El beneficio alcanza a quienes se dedican a la producci\u00f3n de vid, frutales, hortaliza y ma\u00edz para forraje. Por vid y frutales se paga un costo y por hortaliza y ma\u00edz para forraje otro distinto.<br><br>Vale aclarar que el pago del seguro est\u00e1 subsidiado en casi un 80% por el Gobierno de Mendoza. Los interesados en adherirse s\u00f3lo necesitan tener inscriptas sus propiedades en el RUT.<br><br>En tanto, para los productores que tienen propiedades de m\u00e1s de 20 hect\u00e1reas, la Provincia cuenta con el Fondo Compensador Agr\u00edcola, que es un fideicomiso que coordina enteramente el Gobierno a trav\u00e9s de la Direcci\u00f3n de Contingencias Clim\u00e1ticas, sin servicios de las aseguradoras.<br><br>En la actualidad, son m\u00e1s de 200 los productores adheridos. La mayor\u00eda de ellos (93) se encuentran en el Este provincial. Le siguen los del oasis Sur (79), Norte (22) y Centro (15).<br><br>En ambos casos, la ley establece que, para acceder al beneficio de la cobertura, los adheridos deber\u00e1n cancelar los pagos antes del 31 de mayo de cada a\u00f1o.<\/p>\n\n\n\n<div style=\"height:20px\" aria-hidden=\"true\" class=\"wp-block-spacer\"><\/div>\n\n\n\n<p class=\"has-medium-font-size\"><strong>Pagos y primas de la temporada 2019-2020<\/strong><\/p>\n\n\n\n<div style=\"height:20px\" aria-hidden=\"true\" class=\"wp-block-spacer\"><\/div>\n\n\n\n<p>Seg\u00fan lo anunciado en setiembre 2019 por el Gobierno, el Seguro Agr\u00edcola para la temporada 2019-2020  abonar\u00e1 pagos compensatorios de hasta $20.000 por hect\u00e1reas para los productores de vid y\/o frutales, que hayan adherido y que tengan p\u00e9rdidas del 100% en la producci\u00f3n. En tanto, los productores de hortalizas, ma\u00edz y forrajeras cobrar\u00e1n $3.900 por hect\u00e1rea da\u00f1ada al 100%.<\/p>\n\n\n\n<p>La cobertura del Seguro apunta a productores de hasta 20 hect\u00e1reas de vid, frutales, hortalizas de verano y cereales para forraje de toda la provincia. Se compensar\u00e1n las p\u00e9rdidas superiores o iguales al 50% de da\u00f1o en cada cultivo.<\/p>\n\n\n\n<p>La prima que deber\u00e1n abonar los productores, al igual que las campa\u00f1as anteriores, estar\u00e1 diferenciada por zona productiva. En la zona Sur, el aporte por hect\u00e1rea ser\u00e1 de $1.329; en el Este, de $1.108, y en el Valle de Uco, de $886.<\/p>\n\n\n\n<p>En cuanto al Fondo Compensador, el Gobierno provincial, a trav\u00e9s de la Direcci\u00f3n de Agricultura y Contingencias Clim\u00e1ticas (DACC), firm\u00f3 un acuerdo con el Sindicato \u00danico de Trabajadores Contratistas de Vi\u00f1as y Frutales de Mendoza que establece la adhesi\u00f3n al Fondo Compensador Agr\u00edcola (FCA) para la campa\u00f1a 2019-2020. En ese documento se establece que, en caso de p\u00e9rdidas totales, los que adhieran cobrar\u00e1n $3.960 por hect\u00e1rea. Hasta el 26 de setiembre tendr\u00e1n tiempo para adherir.<\/p>\n\n\n\n<p>El convenio establece que los contratistas de vi\u00f1as y frutales percibir\u00e1n los beneficios del fideicomiso bajo el reglamento establecido. Es decir, se los considerar\u00e1 adheridos cuando hayan abonado el aporte total y contar\u00e1n con las compensaciones econ\u00f3micas correspondientes cuando sus establecimientos hayan sufrido p\u00e9rdidas por granizo y\/o helada en la producci\u00f3n iguales o mayores al 50%.<\/p>\n\n\n\n<p>En ese marco, se estableci\u00f3 que los pagos compensatorios y las primas ser\u00e1n equivalentes al 20% de los montos que el FCA establece para los productores de m\u00e1s de 20 hect\u00e1reas.<\/p>\n\n\n\n<p>Las compensaciones ser\u00e1n de $3.960 por hect\u00e1rea en caso de que las p\u00e9rdidas sean equivalentes al 100% de la producci\u00f3n. En cuanto a las primas, deber\u00e1n abonar los siguientes montos: $177 por hect\u00e1rea en la zona Norte y Centro, $222 por hect\u00e1rea en la zona Este y $262 por hect\u00e1rea en la zona Sur.<\/p>\n\n\n\n<p>El plazo que tienen los contratistas para adherir se extiende hasta el 26 de setiembre.&nbsp;&nbsp;La cancelaci\u00f3n de la p\u00f3liza se podr\u00e1 realizar en cinco cuotas. El calendario establecido para abonar es el siguiente: primera cuota, 30 de setiembre; segunda cuota, 11 de octubre; tercera cuota, 15 de noviembre; cuarta cuota, 13 de diciembre y quinta cuota, 10 de enero de 2020.<\/p>\n\n\n\n<p class=\"has-small-font-size\"><em><strong>Fuente: Gobierno de Mendoza<\/strong><\/em><\/p>\n","protected":false},"excerpt":{"rendered":"<p>En la temporada 2018-2019, unos 3.800 productores de uva, frutas, hortalizas y ma\u00edz para forraje&hellip;<\/p>\n","protected":false},"author":3,"featured_media":6616,"comment_status":"open","ping_status":"open","sticky":false,"template":"","format":"standard","meta":{"footnotes":""},"categories":[14],"tags":[],"class_list":["post-6610","post","type-post","status-publish","format-standard","has-post-thumbnail","hentry","category-news"],"_links":{"self":[{"href":"https:\/\/enolife.com.ar\/es\/wp-json\/wp\/v2\/posts\/6610","targetHints":{"allow":["GET"]}}],"collection":[{"href":"https:\/\/enolife.com.ar\/es\/wp-json\/wp\/v2\/posts"}],"about":[{"href":"https:\/\/enolife.com.ar\/es\/wp-json\/wp\/v2\/types\/post"}],"author":[{"embeddable":true,"href":"https:\/\/enolife.com.ar\/es\/wp-json\/wp\/v2\/users\/3"}],"replies":[{"embeddable":true,"href":"https:\/\/enolife.com.ar\/es\/wp-json\/wp\/v2\/comments?post=6610"}],"version-history":[{"count":0,"href":"https:\/\/enolife.com.ar\/es\/wp-json\/wp\/v2\/posts\/6610\/revisions"}],"wp:featuredmedia":[{"embeddable":true,"href":"https:\/\/enolife.com.ar\/es\/wp-json\/wp\/v2\/media\/6616"}],"wp:attachment":[{"href":"https:\/\/enolife.com.ar\/es\/wp-json\/wp\/v2\/media?parent=6610"}],"wp:term":[{"taxonomy":"category","embeddable":true,"href":"https:\/\/enolife.com.ar\/es\/wp-json\/wp\/v2\/categories?post=6610"},{"taxonomy":"post_tag","embeddable":true,"href":"https:\/\/enolife.com.ar\/es\/wp-json\/wp\/v2\/tags?post=6610"}],"curies":[{"name":"wp","href":"https:\/\/api.w.org\/{rel}","templated":true}]}}