{"id":66009,"date":"2022-06-17T02:20:28","date_gmt":"2022-06-17T02:20:28","guid":{"rendered":"http:\/\/enolife.com.ar\/es\/?p=66009"},"modified":"2022-06-17T02:20:28","modified_gmt":"2022-06-17T02:20:28","slug":"vuelve-a-la-peatonal-la-feria-accesible-con-regalos-vinos-y-arte-para-ayudar-a-escuelas-especiales","status":"publish","type":"post","link":"https:\/\/enolife.com.ar\/es\/vuelve-a-la-peatonal-la-feria-accesible-con-regalos-vinos-y-arte-para-ayudar-a-escuelas-especiales\/","title":{"rendered":"Vuelve a la Peatonal la Feria Accesible, con regalos, vinos y arte para ayudar a escuelas especiales"},"content":{"rendered":"\n<h4 class=\"wp-block-heading\"><em><strong>Los d\u00edas viernes 17 y s\u00e1bado 18 de junio, de 10 a 19.30 hs, se vuelve a montar en la Peatonal de Mendoza, entre calles Patricias Mendocinas y Espa\u00f1a, la Feria de Arte Accesible, un encuentro inclusivo con fines solidarios organizado por Encuentro INDI y Misi\u00f3n Verde Soluciones Sustentables, con el apoyo del \u00c1rea de Inclusi\u00f3n y Accesibilidad de la Municipalidad de Mendoza, escuelas especiales y ONGs de emprendedores locales.<\/strong><\/em><\/h4>\n\n\n\n<hr class=\"wp-block-separator\"\/>\n\n\n\n<h4 class=\"wp-block-heading\"><em><strong>Esta exposici\u00f3n y venta de artesan\u00edas, vinos, aceites, cosm\u00e9tica, utensilios y decoraci\u00f3n est\u00e1 tambi\u00e9n orientada a personas con discapacidades, y contar\u00e1 con colaboradores que pueden describir e interpretar los productos en venta para quienes lo soliciten. La asistencia es libre y gratuita.<\/strong><\/em><\/h4>\n\n\n\n<div style=\"height:30px\" aria-hidden=\"true\" class=\"wp-block-spacer\"><\/div>\n\n\n<a href=\"https:\/\/estanciamendoza.com.ar\/es\/\" aria-label=\"Copia de BEM &#8211; Banner adaptaciones diario digital_BEM &#8211; Banner Enolife &#8211; 1700&#215;500\"><img loading=\"lazy\" decoding=\"async\" src=\"https:\/\/enolife.com.ar\/es\/wp-content\/uploads\/2019\/07\/Copia-de-BEM-Banner-adaptaciones-diario-digital_BEM-Banner-Enolife-1700x500-1.jpg\" alt=\"\"  srcset=\"https:\/\/enolife.com.ar\/es\/wp-content\/uploads\/2019\/07\/Copia-de-BEM-Banner-adaptaciones-diario-digital_BEM-Banner-Enolife-1700x500-1.jpg 1700w, https:\/\/enolife.com.ar\/es\/wp-content\/uploads\/2019\/07\/Copia-de-BEM-Banner-adaptaciones-diario-digital_BEM-Banner-Enolife-1700x500-1-300x88.jpg 300w, https:\/\/enolife.com.ar\/es\/wp-content\/uploads\/2019\/07\/Copia-de-BEM-Banner-adaptaciones-diario-digital_BEM-Banner-Enolife-1700x500-1-1024x301.jpg 1024w, https:\/\/enolife.com.ar\/es\/wp-content\/uploads\/2019\/07\/Copia-de-BEM-Banner-adaptaciones-diario-digital_BEM-Banner-Enolife-1700x500-1-768x226.jpg 768w, https:\/\/enolife.com.ar\/es\/wp-content\/uploads\/2019\/07\/Copia-de-BEM-Banner-adaptaciones-diario-digital_BEM-Banner-Enolife-1700x500-1-1536x452.jpg 1536w, https:\/\/enolife.com.ar\/es\/wp-content\/uploads\/2019\/07\/Copia-de-BEM-Banner-adaptaciones-diario-digital_BEM-Banner-Enolife-1700x500-1-1170x344.jpg 1170w, https:\/\/enolife.com.ar\/es\/wp-content\/uploads\/2019\/07\/Copia-de-BEM-Banner-adaptaciones-diario-digital_BEM-Banner-Enolife-1700x500-1-585x172.jpg 585w\" sizes=\"auto, (max-width: 1700px) 100vw, 1700px\" width=\"1700\" height=\"500\"   \/><\/a>\n\n\n<div style=\"height:64px\" aria-hidden=\"true\" class=\"wp-block-spacer\"><\/div>\n\n\n\n<div class=\"wp-block-image\"><figure class=\"alignleft size-large is-resized\"><img loading=\"lazy\" decoding=\"async\" src=\"https:\/\/enolife.com.ar\/es\/wp-content\/uploads\/2022\/06\/777e381c-7101-4728-8152-c56b6780ee5d-1024x1024.jpg\" alt=\"\" class=\"wp-image-66019\" width=\"252\" height=\"252\" srcset=\"https:\/\/enolife.com.ar\/es\/wp-content\/uploads\/2022\/06\/777e381c-7101-4728-8152-c56b6780ee5d-1024x1024.jpg 1024w, https:\/\/enolife.com.ar\/es\/wp-content\/uploads\/2022\/06\/777e381c-7101-4728-8152-c56b6780ee5d-300x300.jpg 300w, https:\/\/enolife.com.ar\/es\/wp-content\/uploads\/2022\/06\/777e381c-7101-4728-8152-c56b6780ee5d-150x150.jpg 150w, https:\/\/enolife.com.ar\/es\/wp-content\/uploads\/2022\/06\/777e381c-7101-4728-8152-c56b6780ee5d-768x768.jpg 768w, https:\/\/enolife.com.ar\/es\/wp-content\/uploads\/2022\/06\/777e381c-7101-4728-8152-c56b6780ee5d-1170x1170.jpg 1170w, https:\/\/enolife.com.ar\/es\/wp-content\/uploads\/2022\/06\/777e381c-7101-4728-8152-c56b6780ee5d-585x585.jpg 585w, https:\/\/enolife.com.ar\/es\/wp-content\/uploads\/2022\/06\/777e381c-7101-4728-8152-c56b6780ee5d.jpg 1280w\" sizes=\"auto, (max-width: 252px) 100vw, 252px\" \/><\/figure><\/div>\n\n\n\n<p>Este viernes 17 y s\u00e1bado 18 de junio, de 10 a 19.30 horas en Peatonal Sarmiento (entre Espa\u00f1a y Patricias Mendocinas de la Capital mendocina) se desarrollar\u00e1 el ciclo de arte y dise\u00f1o <strong>Arte Accesible<\/strong>. Organizado por <strong>Encuentro INDI<\/strong> y <strong>Misi\u00f3n Verde Soluciones Sustentables<\/strong>, este ciclo ha sido declarado de inter\u00e9s por la C\u00e1mara de Diputados de Mendoza y es apoyado por la Municipalidad de Mendoza. La feria incluye entre sus expositores a personas don discapacidad.<\/p>\n\n\n\n<p>En la Feria, los visitantes podr\u00e1n adquirir a precios razonables libros, indumentaria de dise\u00f1o, cuadros, tazas, cuchillos, vinos, dulces, aceite de oliva, cartucheras, ilustraciones, mochilas, cer\u00e1mica, cosm\u00e9tica, con precios accesibles al alcance de todos. Tambi\u00e9n podr\u00e1n ponerse en contacto directo con los artesanos y emprendedores que ofrecen su mercader\u00eda.<\/p>\n\n\n\n<p>Los interesados en sumarse a este encuentro, este fin de semana y en futuras ferias, pueden ponerse en contacto con Natacha  Acebedo al tel\u00e9fono 2614851758 (@encuentroindi).<\/p>\n\n\n\n<div style=\"height:25px\" aria-hidden=\"true\" class=\"wp-block-spacer\"><\/div>\n","protected":false},"excerpt":{"rendered":"<p>Los d\u00edas viernes 17 y s\u00e1bado 18 de junio, de 10 a 19.30 hs, se&hellip;<\/p>\n","protected":false},"author":3,"featured_media":66018,"comment_status":"open","ping_status":"open","sticky":false,"template":"","format":"standard","meta":{"footnotes":""},"categories":[47],"tags":[],"class_list":["post-66009","post","type-post","status-publish","format-standard","has-post-thumbnail","hentry","category-agenda"],"_links":{"self":[{"href":"https:\/\/enolife.com.ar\/es\/wp-json\/wp\/v2\/posts\/66009","targetHints":{"allow":["GET"]}}],"collection":[{"href":"https:\/\/enolife.com.ar\/es\/wp-json\/wp\/v2\/posts"}],"about":[{"href":"https:\/\/enolife.com.ar\/es\/wp-json\/wp\/v2\/types\/post"}],"author":[{"embeddable":true,"href":"https:\/\/enolife.com.ar\/es\/wp-json\/wp\/v2\/users\/3"}],"replies":[{"embeddable":true,"href":"https:\/\/enolife.com.ar\/es\/wp-json\/wp\/v2\/comments?post=66009"}],"version-history":[{"count":0,"href":"https:\/\/enolife.com.ar\/es\/wp-json\/wp\/v2\/posts\/66009\/revisions"}],"wp:featuredmedia":[{"embeddable":true,"href":"https:\/\/enolife.com.ar\/es\/wp-json\/wp\/v2\/media\/66018"}],"wp:attachment":[{"href":"https:\/\/enolife.com.ar\/es\/wp-json\/wp\/v2\/media?parent=66009"}],"wp:term":[{"taxonomy":"category","embeddable":true,"href":"https:\/\/enolife.com.ar\/es\/wp-json\/wp\/v2\/categories?post=66009"},{"taxonomy":"post_tag","embeddable":true,"href":"https:\/\/enolife.com.ar\/es\/wp-json\/wp\/v2\/tags?post=66009"}],"curies":[{"name":"wp","href":"https:\/\/api.w.org\/{rel}","templated":true}]}}