{"id":65884,"date":"2022-06-17T01:40:25","date_gmt":"2022-06-17T01:40:25","guid":{"rendered":"http:\/\/enolife.com.ar\/es\/?p=65884"},"modified":"2022-06-18T19:00:34","modified_gmt":"2022-06-18T19:00:34","slug":"yoga-por-los-caminos-del-vino-invita-a-una-jornada-gratis-en-la-enoteca-el-21-6","status":"publish","type":"post","link":"https:\/\/enolife.com.ar\/es\/yoga-por-los-caminos-del-vino-invita-a-una-jornada-gratis-en-la-enoteca-el-21-6\/","title":{"rendered":"Yoga por los Caminos del Vino invita a una jornada gratis en La Enoteca el 21\/6"},"content":{"rendered":"\n<h4 class=\"wp-block-heading\"><em><strong>El martes 21\/6 es el D\u00eda Internacional del Yoga, y para celebrarlo, el circuito que propone experiencias de bienestar integrando esta disciplina con el universo del vino, \u00abYoga por los Caminos del Vino\u00bb, realizar\u00e1 un encuentro a las 18 hs en La Enoteca. Este espacio, cuna de la educaci\u00f3n vitivin\u00edcola, estar\u00e1 ambientado para la ocasi\u00f3n con aromas y velas para compartir una clase que incluir\u00e1 meditaci\u00f3n, sonidos de cuenco y gong. Luego, la tarde finalizar\u00e1 con una copa de vino para el brindis. La actividad es gratuita con inscripci\u00f3n previa y cupos limitados.<\/strong><\/em><\/h4>\n\n\n\n<div style=\"height:31px\" aria-hidden=\"true\" class=\"wp-block-spacer\"><\/div>\n\n\n\n\n\n<div style=\"height:69px\" aria-hidden=\"true\" class=\"wp-block-spacer\"><\/div>\n\n\n\n<div class=\"wp-block-image\"><figure class=\"alignleft size-large is-resized\"><img loading=\"lazy\" decoding=\"async\" src=\"https:\/\/enolife.com.ar\/es\/wp-content\/uploads\/2022\/06\/YogaCaminosVino-ENOTECA-1024x1024.jpg\" alt=\"\" class=\"wp-image-65889\" width=\"372\" height=\"372\" srcset=\"https:\/\/enolife.com.ar\/es\/wp-content\/uploads\/2022\/06\/YogaCaminosVino-ENOTECA-1024x1024.jpg 1024w, https:\/\/enolife.com.ar\/es\/wp-content\/uploads\/2022\/06\/YogaCaminosVino-ENOTECA-300x300.jpg 300w, https:\/\/enolife.com.ar\/es\/wp-content\/uploads\/2022\/06\/YogaCaminosVino-ENOTECA-150x150.jpg 150w, https:\/\/enolife.com.ar\/es\/wp-content\/uploads\/2022\/06\/YogaCaminosVino-ENOTECA-768x768.jpg 768w, https:\/\/enolife.com.ar\/es\/wp-content\/uploads\/2022\/06\/YogaCaminosVino-ENOTECA-1170x1170.jpg 1170w, https:\/\/enolife.com.ar\/es\/wp-content\/uploads\/2022\/06\/YogaCaminosVino-ENOTECA-585x585.jpg 585w, https:\/\/enolife.com.ar\/es\/wp-content\/uploads\/2022\/06\/YogaCaminosVino-ENOTECA.jpg 1210w\" sizes=\"auto, (max-width: 372px) 100vw, 372px\" \/><\/figure><\/div>\n\n\n\n<p>En reconocimiento a su popularidad universal, en el a\u00f1o 2014 las Naciones Unidas proclamaron el&nbsp;21 de junio&nbsp;como el&nbsp;<strong>D\u00eda&nbsp;Internacional del&nbsp;Yoga<\/strong>. La celebraci\u00f3n de este&nbsp;d\u00eda&nbsp;sirve para poner en escena los beneficios de practicar&nbsp;esta milenaria disciplina.<\/p>\n\n\n\n<p>Adhiri\u00e9ndose a los festejos que se realizan en todo el mundo, <strong>Yoga por los Caminos del Vino<\/strong> compartir\u00e1 una pr\u00e1ctica que incluir\u00e1 meditaci\u00f3n, sonidos de cuenco y gong. La clase ser\u00e1 guiada por la profesora<strong> Mariana Franchetti<\/strong>, especializada en hatha, vinyasa y ashtanga yoga.<\/p>\n\n\n\n<p>Seg\u00fan expresaron los organizadores, <em>\u00abesta propuesta est\u00e1 dirigida a todas aquellas personas que quieran brindarse un espacio para la conexi\u00f3n interior&#8230; A trav\u00e9s de posturas f\u00edsicas, se busca entrar en la mente para concentrarla y calmarla; guiada por la respiraci\u00f3n conciente en un encuentro m\u00edstico del ser, se busca la uni\u00f3n del cuerpo, la mente y el esp\u00edritu, y la movilizaci\u00f3n y fluidez de emociones y energ\u00eda\u00bb.<\/em><\/p>\n\n\n\n<div style=\"height:20px\" aria-hidden=\"true\" class=\"wp-block-spacer\"><\/div>\n\n\n\n<p class=\"has-background has-very-light-gray-background-color\"><strong>Fecha<\/strong>: martes 21\/6 a las 18 hs<br><strong>Lugar<\/strong>: Sala mayor de La Enoteca, Peltier 611 de Ciudad, Mendoza.<br><strong>Inscripciones: <a href=\"https:\/\/www.eventbrite.com.ar\/e\/dia-internacional-del-yoga-tickets-367112512407\">AQU\u00cd<\/a><\/strong><br><strong>Informes<\/strong>: +54 9 261 508 5438<\/p>\n\n\n\n<div style=\"height:20px\" aria-hidden=\"true\" class=\"wp-block-spacer\"><\/div>\n\n\n\n<p>Como en ocasiones anteriores, el espacio para practicar yoga en <strong>La Enoteca<\/strong> estar\u00e1 ambientado con aromas e iluminado con las velas de cera de soja de \u00abEssentia de Luz\u00bb, elaboradas de la emprendedora <strong>Tatiana Lugones<\/strong>. Se sugiere asistir con ropa c\u00f3moda, llevar yogamat o esterilla de yoga, botellita de agua y una manta para abrigarse durante la relajaci\u00f3n. La jornada finalizar\u00e1 compartiendo una copa de vino.<\/p>\n\n\n\n<p class=\"has-background has-very-light-gray-background-color\">Yoga por los Caminos del Vino cuenta con el aval del Gobierno de Mendoza, Fondo Vitivin\u00edcola, Bodegas de Argentina, Wine in Moderation y caminosdelvino.org.<\/p>\n\n\n\n<div style=\"height:35px\" aria-hidden=\"true\" class=\"wp-block-spacer\"><\/div>\n","protected":false},"excerpt":{"rendered":"<p>El martes 21\/6 es el D\u00eda Internacional del Yoga, y para celebrarlo, el circuito que&hellip;<\/p>\n","protected":false},"author":3,"featured_media":65890,"comment_status":"open","ping_status":"open","sticky":false,"template":"","format":"standard","meta":{"footnotes":""},"categories":[47],"tags":[],"class_list":["post-65884","post","type-post","status-publish","format-standard","has-post-thumbnail","hentry","category-agenda"],"_links":{"self":[{"href":"https:\/\/enolife.com.ar\/es\/wp-json\/wp\/v2\/posts\/65884","targetHints":{"allow":["GET"]}}],"collection":[{"href":"https:\/\/enolife.com.ar\/es\/wp-json\/wp\/v2\/posts"}],"about":[{"href":"https:\/\/enolife.com.ar\/es\/wp-json\/wp\/v2\/types\/post"}],"author":[{"embeddable":true,"href":"https:\/\/enolife.com.ar\/es\/wp-json\/wp\/v2\/users\/3"}],"replies":[{"embeddable":true,"href":"https:\/\/enolife.com.ar\/es\/wp-json\/wp\/v2\/comments?post=65884"}],"version-history":[{"count":0,"href":"https:\/\/enolife.com.ar\/es\/wp-json\/wp\/v2\/posts\/65884\/revisions"}],"wp:featuredmedia":[{"embeddable":true,"href":"https:\/\/enolife.com.ar\/es\/wp-json\/wp\/v2\/media\/65890"}],"wp:attachment":[{"href":"https:\/\/enolife.com.ar\/es\/wp-json\/wp\/v2\/media?parent=65884"}],"wp:term":[{"taxonomy":"category","embeddable":true,"href":"https:\/\/enolife.com.ar\/es\/wp-json\/wp\/v2\/categories?post=65884"},{"taxonomy":"post_tag","embeddable":true,"href":"https:\/\/enolife.com.ar\/es\/wp-json\/wp\/v2\/tags?post=65884"}],"curies":[{"name":"wp","href":"https:\/\/api.w.org\/{rel}","templated":true}]}}