{"id":65165,"date":"2022-06-10T18:43:38","date_gmt":"2022-06-10T18:43:38","guid":{"rendered":"http:\/\/enolife.com.ar\/es\/?p=65165"},"modified":"2022-06-14T13:38:37","modified_gmt":"2022-06-14T13:38:37","slug":"mendoza-ofrece-creditos-para-sistemas-de-riego-antiheladas-por-hasta-73-m-a-devolver-en-10-anos","status":"publish","type":"post","link":"https:\/\/enolife.com.ar\/es\/mendoza-ofrece-creditos-para-sistemas-de-riego-antiheladas-por-hasta-73-m-a-devolver-en-10-anos\/","title":{"rendered":"Mendoza ofrece cr\u00e9ditos para sistemas de riego antiheladas por hasta $73 M a devolver en 10 a\u00f1os"},"content":{"rendered":"\n<h4 class=\"wp-block-heading\"><em><strong>Los ministerios de Econom\u00eda y Energ\u00eda y Hacienda y Finanzas del gobierno provincial lanzaron una l\u00ednea de pr\u00e9stamos para que los productores puedan enfrentar las da\u00f1inas heladas que diezman los cultivos. El financiamiento se otorgar\u00e1 a trav\u00e9s del&nbsp;Fondo para la Transformaci\u00f3n y el Crecimiento (FTyC) y est\u00e1 destinado a&nbsp;la adquisici\u00f3n e instalaci\u00f3n de equipos de riego. Se financiar\u00e1 el 100% de la inversi\u00f3n a 10 a\u00f1os, con 2 a\u00f1os de gracia. Las tasas van del 16,74% al 39,06% anual, seg\u00fan la cantidad de hect\u00e1reas. Tendr\u00e1n prioridad los productores declarados en emergencia, en al menos tres ciclos agr\u00edcolas durante los \u00faltimos cinco a\u00f1os. Los agricultores afectados y registrados pueden acceder con beneficios especiales a esta posibilidad hasta el 15\/7\/22. Luego, la opci\u00f3n se abrira a productores en general<\/strong><\/em>.<\/h4>\n\n\n\n<div style=\"height:20px\" aria-hidden=\"true\" class=\"wp-block-spacer\"><\/div>\n\n\n\n\n\n<div style=\"height:63px\" aria-hidden=\"true\" class=\"wp-block-spacer\"><\/div>\n\n\n\n<p>El ministro de <strong>Econom\u00eda y Energ\u00eda<\/strong>, <strong>Enrique Vaqui\u00e9<\/strong>, y su par de <strong>Hacienda y Finanzas<\/strong>, <strong>V\u00edctor Fayad<\/strong>, presentaron una l\u00ednea de cr\u00e9dito para combatir el da\u00f1o por heladas.<\/p>\n\n\n\n<p>El financiamiento se podr\u00e1 amortizar en un plazo total de 10 a\u00f1os, con los 2 primeros a\u00f1os de gracia, en los cuales s\u00f3lo se abonar\u00e1n intereses compensatorios. Las cuotas de capital e intereses podr\u00e1n tener periodicidad semestral o anual, a elecci\u00f3n del solicitante.<\/p>\n\n\n\n<p>Los intereses compensatorios aplicables al cr\u00e9dito var\u00edan seg\u00fan la categor\u00eda del solicitante. As\u00ed, si se trata de un Micro Agro productor se aplicar\u00e1 una Tasa Nominal Anual del 16,74%; para un Micro Productor la tasa aplicable ser\u00e1 del 27,90%, para la categor\u00eda Peque\u00f1o Tramo&nbsp; ser\u00e1 de&nbsp; 33,48% y para el productor Mediano ser\u00e1 del 39,06%<\/p>\n\n\n\n<div style=\"height:20px\" aria-hidden=\"true\" class=\"wp-block-spacer\"><\/div>\n\n\n\n<div class=\"wp-block-image\"><figure class=\"aligncenter size-large is-resized\"><img loading=\"lazy\" decoding=\"async\" src=\"https:\/\/enolife.com.ar\/es\/wp-content\/uploads\/2022\/06\/image-4.png\" alt=\"\" class=\"wp-image-65190\" width=\"513\" height=\"282\" srcset=\"https:\/\/enolife.com.ar\/es\/wp-content\/uploads\/2022\/06\/image-4.png 758w, https:\/\/enolife.com.ar\/es\/wp-content\/uploads\/2022\/06\/image-4-300x165.png 300w, https:\/\/enolife.com.ar\/es\/wp-content\/uploads\/2022\/06\/image-4-585x322.png 585w\" sizes=\"auto, (max-width: 513px) 100vw, 513px\" \/><\/figure><\/div>\n\n\n\n<div style=\"height:20px\" aria-hidden=\"true\" class=\"wp-block-spacer\"><\/div>\n\n\n\n<p>Seg\u00fan detall\u00f3 por su parte el subsecretario de <strong>Agricultura y Ganader\u00eda<\/strong>, <strong>Sergio Moralejo<\/strong>, el financiamiento deber\u00e1 tener como destino la adquisici\u00f3n e instalaci\u00f3n de equipos de riego, incluidas obras complementarias, y las ampliaciones necesarias para protecci\u00f3n contra heladas. Podr\u00e1 financiarse hasta el 100% de la inversi\u00f3n neta a realizar, teniendo en cuenta la categor\u00eda del solicitante.<\/p>\n\n\n\n<p>En su asignaci\u00f3n se priorizar\u00e1 a los productores agr\u00edcolas que acrediten, mediante los correspondientes certificados de da\u00f1os, haberse encontrado en estado de emergencia y\/o desastre agropecuario por heladas en, al menos, 3 ciclos agr\u00edcolas de los \u00faltimos 5.<\/p>\n\n\n\n<div style=\"height:20px\" aria-hidden=\"true\" class=\"wp-block-spacer\"><\/div>\n\n\n\n<blockquote class=\"wp-block-quote is-layout-flow wp-block-quote-is-layout-flow\"><p>Pretendemos tener una protecci\u00f3n que permita recuperar entre 800 y 1.000 hect\u00e1reas por a\u00f1o; es un plan ambicioso, pero si calculamos las p\u00e9rdidas de una cosecha de un finca de 20 hect\u00e1reas, las p\u00e9rdidas solas al 100% pagar\u00edan el sistema de protecci\u00f3n en un a\u00f1o.\u00bb<\/p><cite>Sergio Moralejo, subsecretario de Agricultura y Ganader\u00eda del gobierno de Mendoza<\/cite><\/blockquote>\n\n\n\n<div style=\"height:20px\" aria-hidden=\"true\" class=\"wp-block-spacer\"><\/div>\n\n\n\n<p>Hasta el d\u00eda 15 de julio de 2022 se recibir\u00e1n solicitudes de productores afectados por heladas, habilit\u00e1ndose el ingreso con car\u00e1cter general con posterioridad a esa fecha.<\/p>\n\n\n\n<p>Desde el <strong>Fondo para la Transformaci\u00f3n y el Crecimiento (FTyC)<\/strong> explicaron que el solicitante podr\u00e1 requerir un monto superior al previsto para su categor\u00eda, pero en ese caso se aplicar\u00e1 al cr\u00e9dito la tasa de inter\u00e9s del tramo correspondiente.<\/p>\n\n\n\n<p>En la reuni\u00f3n estuvieron presentes representantes de las <strong>C\u00e1maras de Comercio de General Alvear<\/strong>, <strong>San Rafael<\/strong>,<strong> Bodegas de Argentina<\/strong>, <strong>Sociedad Rural del Valle de Uco<\/strong> y la Federaci\u00f3n Plan Estrat\u00e9gico de Durazno (Fepedi), entre otras entidades.<\/p>\n\n\n\n<p><em>\u00abLas heladas generan la mayor p\u00e9rdida de hect\u00e1reas cultivadas en la provincia, por eso trabajamos junto al sector privado, para generar esta l\u00ednea que por sus tasas y sus plazos, es muy conveniente, principalmente para los peque\u00f1os productores\u201d<\/em> sostuvo el ministro <em><strong>Enrique Vaqui\u00e9.<\/strong><\/em><\/p>\n\n\n\n<p>Por su parte, <strong>Sergio Moralejo, subsecretario de Agricultura y Ganader\u00eda <\/strong>explic\u00f3: <em>\u00abEsta l\u00ednea es novedosa porque en primer lugar financia el 100% de lo invertido y permite mejorar los sistemas de riego para mitigar el impacto de la mayor contingencia clim\u00e1tica que tenemos en la provincia, que son las heladas\u00bb.<\/em><\/p>\n\n\n\n<p>\u00ab<em>Con 10 a\u00f1os de plazo y los dos primeros de gracia &#8211;<\/em>agreg\u00f3 el funcionario<em>-, la tasa para los peque\u00f1os productores est\u00e1 alrededor del 16% anual frente a una tasa de mercado que no baja del 72%. Estamos haciendo un gran esfuerzo como Estado, con 50 puntos menos, para acompa\u00f1ar a los productores, incluso tambi\u00e9n ofrecemos mediante Mendoza Activa diversas l\u00edneas de fomento a la inversi\u00f3n&#8230;<\/em> <em>Pretendemos comenzar a tener una protecci\u00f3n que permita recuperar entre 800 y 1.000 hect\u00e1reas por a\u00f1o, es ambicioso, pero si calculamos las p\u00e9rdidas de una cosecha de un finca de 20 hect\u00e1reas, las perdidas solas al 100% pagar\u00edan el sistema de protecci\u00f3n en un a\u00f1o. Es decir que con un a\u00f1o se puede resolver un problema hacia adelante\u00bb<\/em>.<\/p>\n\n\n\n<div style=\"height:27px\" aria-hidden=\"true\" class=\"wp-block-spacer\"><\/div>\n\n\n\n<p class=\"has-small-font-size\"><em><strong>Fuente: Gobierno de Mendoza<\/strong><\/em><\/p>\n\n\n\n<div style=\"height:30px\" aria-hidden=\"true\" class=\"wp-block-spacer\"><\/div>\n","protected":false},"excerpt":{"rendered":"<p>Los ministerios de Econom\u00eda y Energ\u00eda y Hacienda y Finanzas del gobierno provincial lanzaron una&hellip;<\/p>\n","protected":false},"author":3,"featured_media":65200,"comment_status":"open","ping_status":"open","sticky":false,"template":"","format":"standard","meta":{"footnotes":""},"categories":[14],"tags":[],"class_list":["post-65165","post","type-post","status-publish","format-standard","has-post-thumbnail","hentry","category-news"],"_links":{"self":[{"href":"https:\/\/enolife.com.ar\/es\/wp-json\/wp\/v2\/posts\/65165","targetHints":{"allow":["GET"]}}],"collection":[{"href":"https:\/\/enolife.com.ar\/es\/wp-json\/wp\/v2\/posts"}],"about":[{"href":"https:\/\/enolife.com.ar\/es\/wp-json\/wp\/v2\/types\/post"}],"author":[{"embeddable":true,"href":"https:\/\/enolife.com.ar\/es\/wp-json\/wp\/v2\/users\/3"}],"replies":[{"embeddable":true,"href":"https:\/\/enolife.com.ar\/es\/wp-json\/wp\/v2\/comments?post=65165"}],"version-history":[{"count":0,"href":"https:\/\/enolife.com.ar\/es\/wp-json\/wp\/v2\/posts\/65165\/revisions"}],"wp:featuredmedia":[{"embeddable":true,"href":"https:\/\/enolife.com.ar\/es\/wp-json\/wp\/v2\/media\/65200"}],"wp:attachment":[{"href":"https:\/\/enolife.com.ar\/es\/wp-json\/wp\/v2\/media?parent=65165"}],"wp:term":[{"taxonomy":"category","embeddable":true,"href":"https:\/\/enolife.com.ar\/es\/wp-json\/wp\/v2\/categories?post=65165"},{"taxonomy":"post_tag","embeddable":true,"href":"https:\/\/enolife.com.ar\/es\/wp-json\/wp\/v2\/tags?post=65165"}],"curies":[{"name":"wp","href":"https:\/\/api.w.org\/{rel}","templated":true}]}}