{"id":64524,"date":"2022-06-09T03:01:38","date_gmt":"2022-06-09T03:01:38","guid":{"rendered":"http:\/\/enolife.com.ar\/es\/?p=64524"},"modified":"2022-06-10T17:31:52","modified_gmt":"2022-06-10T17:31:52","slug":"inta-la-consulta-invita-a-productores-y-tecnicos-a-conocer-nuevas-tecnologias-para-la-vitivinicultura","status":"publish","type":"post","link":"https:\/\/enolife.com.ar\/es\/inta-la-consulta-invita-a-productores-y-tecnicos-a-conocer-nuevas-tecnologias-para-la-vitivinicultura\/","title":{"rendered":"INTA La Consulta invita a productores y t\u00e9cnicos a conocer nuevas tecnolog\u00edas para la vitivinicultura"},"content":{"rendered":"\n<h4 class=\"wp-block-heading\"><em><strong>Los d\u00edas 10 y 11\/6 se llevar\u00e1n a cabo las primeras \u00abJornadas Provinciales de Mecanizaci\u00f3n en Viticultura y Horticultura\u00bb en la sede de la EEA INTA La Consulta, en el departamento de San Carlos, Mendoza. La actividad est\u00e1 destinada a productores y t\u00e9cnicos y la desarrollar\u00e1 el equipo del Centro de Desarrollo Vit\u00edcola. Se abordar\u00e1n diferentes tem\u00e1ticas como: agricultura de precisi\u00f3n, energ\u00eda renovable, sistemas de riego y muestras din\u00e1micas. Y se presentar\u00e1n las novedades tecnol\u00f3gicas de 30 empresas del rubro. La participaci\u00f3n es gratuita previa inscripci\u00f3n.<\/strong><\/em><\/h4>\n\n\n\n<div style=\"height:20px\" aria-hidden=\"true\" class=\"wp-block-spacer\"><\/div>\n\n\n\n\n\n<div style=\"height:50px\" aria-hidden=\"true\" class=\"wp-block-spacer\"><\/div>\n\n\n\n<p>Las 1as <strong>\u00abJornadas provinciales de mecanizaci\u00f3n en vitivinicultura y horticultura\u00bb<\/strong> est\u00e1n organizadas por la Corporaci\u00f3n Vitivin\u00edcola Argentina (Coviar), Producci\u00f3n Primaria, INTA y Cambio Rural, entidades que invitan a participar a productores y t\u00e9cnicos del Valle de Uco. El d\u00eda viernes 10\/6 la tem\u00e1tica estar\u00e1 dirigida a la horticultura y el s\u00e1bado 11\/6 a la vitivinicultura, el horario para ambos d\u00edas es de 10 a 17 hs.<\/p>\n\n\n\n<div class=\"wp-block-image\"><figure class=\"alignleft size-large is-resized\"><img loading=\"lazy\" decoding=\"async\" src=\"https:\/\/enolife.com.ar\/es\/wp-content\/uploads\/2022\/06\/FULlvAuWUAEi1W5-1024x1024.jpg\" alt=\"\" class=\"wp-image-64525\" width=\"321\" height=\"321\" srcset=\"https:\/\/enolife.com.ar\/es\/wp-content\/uploads\/2022\/06\/FULlvAuWUAEi1W5-1024x1024.jpg 1024w, https:\/\/enolife.com.ar\/es\/wp-content\/uploads\/2022\/06\/FULlvAuWUAEi1W5-300x300.jpg 300w, https:\/\/enolife.com.ar\/es\/wp-content\/uploads\/2022\/06\/FULlvAuWUAEi1W5-150x150.jpg 150w, https:\/\/enolife.com.ar\/es\/wp-content\/uploads\/2022\/06\/FULlvAuWUAEi1W5-768x768.jpg 768w, https:\/\/enolife.com.ar\/es\/wp-content\/uploads\/2022\/06\/FULlvAuWUAEi1W5-1170x1170.jpg 1170w, https:\/\/enolife.com.ar\/es\/wp-content\/uploads\/2022\/06\/FULlvAuWUAEi1W5-585x585.jpg 585w, https:\/\/enolife.com.ar\/es\/wp-content\/uploads\/2022\/06\/FULlvAuWUAEi1W5.jpg 1280w\" sizes=\"auto, (max-width: 321px) 100vw, 321px\" \/><\/figure><\/div>\n\n\n\n<p>Durante los dos d\u00edas se podr\u00e1 participar de charlas t\u00e9cnicas y muestras din\u00e1micas, con un patio de comidas para los intervalos. Se estima la asistencia de numerosos productores y t\u00e9cnicos vinculados a estas actividades econ\u00f3micas de la provincia. La participaci\u00f3n es gratuita, con entrada libre, previa inscripci\u00f3n.<\/p>\n\n\n\n<p>Las tem\u00e1ticas ser\u00e1n abordadas por m\u00e1s de 30 empresas proveedoras que presentar\u00e1n productos y servicios de:<\/p>\n\n\n\n<ul class=\"wp-block-list\"><li>Agricultura de precisi\u00f3n.<\/li><li>Energ\u00eda renovable.<\/li><li>Sistema de riego.<\/li><li>Muestras din\u00e1micas.<\/li><\/ul>\n\n\n\n<p class=\"has-background has-very-light-gray-background-color\"><strong>Inscripci\u00f3n: <a href=\"https:\/\/forms.gle\/Re2sYWSK2CWN53Zf8?fbclid=IwAR3tM9ZiEyqjLR-l21Ail1yHujEIxCobtY-7hxFwzZ63sps00J_W47Rbd4c\" rel=\"noreferrer noopener\" target=\"_blank\">https:\/\/forms.gle\/Re2sYWSK2CWN53Zf8<\/a><\/strong><br><strong>Para mayor informaci\u00f3n comunicarse al:&nbsp;2616055603<\/strong><\/p>\n\n\n\n<div style=\"height:20px\" aria-hidden=\"true\" class=\"wp-block-spacer\"><\/div>\n\n\n\n<p><\/p>\n","protected":false},"excerpt":{"rendered":"<p>Los d\u00edas 10 y 11\/6 se llevar\u00e1n a cabo las primeras \u00abJornadas Provinciales de Mecanizaci\u00f3n&hellip;<\/p>\n","protected":false},"author":3,"featured_media":64974,"comment_status":"open","ping_status":"open","sticky":false,"template":"","format":"standard","meta":{"footnotes":""},"categories":[47],"tags":[],"class_list":["post-64524","post","type-post","status-publish","format-standard","has-post-thumbnail","hentry","category-agenda"],"_links":{"self":[{"href":"https:\/\/enolife.com.ar\/es\/wp-json\/wp\/v2\/posts\/64524","targetHints":{"allow":["GET"]}}],"collection":[{"href":"https:\/\/enolife.com.ar\/es\/wp-json\/wp\/v2\/posts"}],"about":[{"href":"https:\/\/enolife.com.ar\/es\/wp-json\/wp\/v2\/types\/post"}],"author":[{"embeddable":true,"href":"https:\/\/enolife.com.ar\/es\/wp-json\/wp\/v2\/users\/3"}],"replies":[{"embeddable":true,"href":"https:\/\/enolife.com.ar\/es\/wp-json\/wp\/v2\/comments?post=64524"}],"version-history":[{"count":0,"href":"https:\/\/enolife.com.ar\/es\/wp-json\/wp\/v2\/posts\/64524\/revisions"}],"wp:featuredmedia":[{"embeddable":true,"href":"https:\/\/enolife.com.ar\/es\/wp-json\/wp\/v2\/media\/64974"}],"wp:attachment":[{"href":"https:\/\/enolife.com.ar\/es\/wp-json\/wp\/v2\/media?parent=64524"}],"wp:term":[{"taxonomy":"category","embeddable":true,"href":"https:\/\/enolife.com.ar\/es\/wp-json\/wp\/v2\/categories?post=64524"},{"taxonomy":"post_tag","embeddable":true,"href":"https:\/\/enolife.com.ar\/es\/wp-json\/wp\/v2\/tags?post=64524"}],"curies":[{"name":"wp","href":"https:\/\/api.w.org\/{rel}","templated":true}]}}