{"id":64482,"date":"2022-06-02T16:46:41","date_gmt":"2022-06-02T16:46:41","guid":{"rendered":"http:\/\/enolife.com.ar\/es\/?p=64482"},"modified":"2022-06-04T13:16:30","modified_gmt":"2022-06-04T13:16:30","slug":"concluyo-la-green-wine-future-con-el-urgente-reclamo-de-hacer-mas-sostenible-la-industria-del-vino","status":"publish","type":"post","link":"https:\/\/enolife.com.ar\/es\/concluyo-la-green-wine-future-con-el-urgente-reclamo-de-hacer-mas-sostenible-la-industria-del-vino\/","title":{"rendered":"Concluy\u00f3 la Green Wine Future con el urgente reclamo de hacer m\u00e1s sostenible la industria del vino"},"content":{"rendered":"\n<h4 class=\"wp-block-heading\"><em><strong>Del 23 al 26 de mayo pasado se llev\u00f3 a cabo la Green Wine Future 2022, un encuentro global virtual entre los l\u00edderes de la vitivinicultura que se consolida como la conferencia medio ambiental m\u00e1s importante del sector en el mundo. Durante el evento, que se transmiti\u00f3 desde sedes en los principales pa\u00edses productores de vino, disertaron 16 conferenciantes, en 24 mesas redondas, con 170 ponentes. Se analizaron los desaf\u00edos a los que se enfrenta el sector: la necesidad de practicar una agricultura m\u00e1s sustentable en el tiempo para no agotar los recursos del planeta, el cambio clim\u00e1tico, la conservaci\u00f3n del agua y la responsabilidad corporativa. Los protagonistas de la industria coincidieron en advertir que si no hay una \u00abr\u00e1pida descarbonizaci\u00f3n de la vitivinicultura y otras industrias, no lograremos detener el cambio clim\u00e1tico\u00bb.<\/strong><\/em><\/h4>\n\n\n\n<div style=\"height:32px\" aria-hidden=\"true\" class=\"wp-block-spacer\"><\/div>\n\n\n<a href=\"https:\/\/www.instagram.com\/vinventions.sudamerica\/\" aria-label=\"Banner_Subr_1700x500\"><img loading=\"lazy\" decoding=\"async\" src=\"https:\/\/enolife.com.ar\/es\/wp-content\/uploads\/2019\/07\/Banner_Subr_1700x500.gif\" alt=\"\"  width=\"1700\" height=\"501\"   \/><\/a>\n\n\n<div style=\"height:65px\" aria-hidden=\"true\" class=\"wp-block-spacer\"><\/div>\n\n\n\n<p>El <strong>Congreso Green Wine Future 2022<\/strong> concluy\u00f3 el 26 de mayo pasado con una transmisi\u00f3n en vivo desde varios puntos de <strong>Nueva Zelanda<\/strong> y <strong>Australia<\/strong>, pa\u00edses considerados del \u00abNuevo Mundo\u00bb vitivin\u00edcola. Como expresi\u00f3n del tono ecum\u00e9nico del evento, todas las comunicaciones estuvieron datadas con la fecha y la leyenda <strong>\u00abPlaneta Tierra\u00bb<\/strong>, sin especificar el nombre de la ciudad.<\/p>\n\n\n\n<p>Green Wine Future 2022 fue organizado por la empresa <strong>Chrand Events<\/strong> y auspiciado por <strong>Wineally<\/strong>, con apoyo de <strong>Balzac Communications<\/strong>, <strong>Chrands Events <\/strong>y <strong>DF Consults<\/strong>, entre cuyos principales directivos se encuentran <strong>David Furer<\/strong> y el propio presentador, anfitri\u00f3n, explorador y ambientalista <strong>Pancho Campo<\/strong>. Entre los medios de comunicaci\u00f3n asociados para la difusi\u00f3n a nivel global del evento se cont\u00f3 <strong>Enolife<\/strong>, media partner de Green Wine Future para Am\u00e9rica Latina.<\/p>\n\n\n\n<p>El contenido del Congreso se centr\u00f3 en los diversos desaf\u00edos a los que se enfrenta el sector del vino con respecto a la agricultura sostenible, el <strong>cambio clim\u00e1tico<\/strong>, la <strong>conservaci\u00f3n del agua<\/strong>, la <strong>responsabilidad corporativa<\/strong>, la <strong>viticultura sostenible<\/strong> y mucho m\u00e1s. Abarc\u00f3 siete zonas horarias diferentes, desde <strong>Nueva Zelanda<\/strong> hasta <strong>California<\/strong>, y ha sido considerado por la prensa de varios pa\u00edses como <em>\u00abla iniciativa medioambiental m\u00e1s ambiciosa del sector vitivin\u00edcola\u00bb<\/em>. Es que, como ninguna otra conferencia de esta industria, ha logrado llegar y unir a todo el planeta en un mismo evento.<\/p>\n\n\n\n<p><strong>New Zealand Winegrowers<\/strong> y <strong>Barossa Australia<\/strong> fueron las organizaciones y regiones anfitrionas del cuarto d\u00eda. <strong>Wines of Chile, California Wines, Wines of South Africa, Wines of Portugal, Interprofesional del Vino de Espa\u00f1a y Cave de Juran\u00e7on (Francia)<\/strong> fueron los anfitriones de los tres d\u00edas anteriores.<\/p>\n\n\n\n<p>A lo largo de la conferencia, se hizo m\u00e1s evidente que el modelo tradicional de producci\u00f3n, venta y comercializaci\u00f3n de vino es insostenible a largo plazo. El negocio debe cambiar si desea sobrevivir.<\/p>\n\n\n\n<p><em>\u00abPuedes ser un hombre de negocios y tambi\u00e9n respetar el medio ambiente\u00bb<\/em>, afirm\u00f3 <strong>Clarence Louie<\/strong>, jefe de la tribu de los Osoyoos en la Columbia Brit\u00e1nica, Canad\u00e1. <em>\u00abNo vamos a desarrollar m\u00e1s nuestras tierras porque queremos preservar sus ecosistemas naturales\u00bb<\/em>, afirm\u00f3 el cacique.<\/p>\n\n\n\n<div class=\"wp-block-image\"><figure class=\"aligncenter size-large\"><img loading=\"lazy\" decoding=\"async\" width=\"428\" height=\"424\" src=\"https:\/\/enolife.com.ar\/es\/wp-content\/uploads\/2022\/06\/jefeclarencelouie.jpg\" alt=\"\" class=\"wp-image-64487\" srcset=\"https:\/\/enolife.com.ar\/es\/wp-content\/uploads\/2022\/06\/jefeclarencelouie.jpg 428w, https:\/\/enolife.com.ar\/es\/wp-content\/uploads\/2022\/06\/jefeclarencelouie-300x297.jpg 300w, https:\/\/enolife.com.ar\/es\/wp-content\/uploads\/2022\/06\/jefeclarencelouie-150x150.jpg 150w\" sizes=\"auto, (max-width: 428px) 100vw, 428px\" \/><figcaption><em><strong>Clarence Louie<\/strong><\/em><\/figcaption><\/figure><\/div>\n\n\n\n<div style=\"height:31px\" aria-hidden=\"true\" class=\"wp-block-spacer\"><\/div>\n\n\n\n<p><em>\u00abEs importante tener en cuenta los aspectos sociales y ambientales para ser una bodega sostenible\u00bb<\/em>, se\u00f1al\u00f3 por su parte <strong>Sandra Carv\u00e3o<\/strong>, jefa de Inteligencia de Mercado y Competitividad de la Organizaci\u00f3n Mundial del Turismo de las Naciones Unidas.<\/p>\n\n\n\n<div class=\"wp-block-image\"><figure class=\"aligncenter size-large\"><img loading=\"lazy\" decoding=\"async\" width=\"399\" height=\"319\" src=\"https:\/\/enolife.com.ar\/es\/wp-content\/uploads\/2022\/06\/descarga.jpg\" alt=\"\" class=\"wp-image-64488\" srcset=\"https:\/\/enolife.com.ar\/es\/wp-content\/uploads\/2022\/06\/descarga.jpg 399w, https:\/\/enolife.com.ar\/es\/wp-content\/uploads\/2022\/06\/descarga-300x240.jpg 300w\" sizes=\"auto, (max-width: 399px) 100vw, 399px\" \/><figcaption><em><strong>Sandra Carv\u00e3o<\/strong><\/em><\/figcaption><\/figure><\/div>\n\n\n\n<div style=\"height:20px\" aria-hidden=\"true\" class=\"wp-block-spacer\"><\/div>\n\n\n\n<p><em>\u00abLa industria del vino debe aprender de otros sectores y enfocarse m\u00e1s en la mitigaci\u00f3n que en la adaptaci\u00f3n\u00bb<\/em>, dijo <strong>Pancho Campo<\/strong>, fundador de Green Wine Future. El tambi\u00e9n explorador y ambientalista advirti\u00f3: <em>\u00abLas emisiones de gases de efecto invernadero contin\u00faan aumentando, por lo que la adaptaci\u00f3n no ayudar\u00e1 a resolver la crisis clim\u00e1tica. Sin mitigaci\u00f3n y esfuerzos claros para descarbonizar la industria, no lograremos detener el cambio clim\u00e1tico\u00bb.<\/em><\/p>\n\n\n\n<div class=\"wp-block-image\"><figure class=\"aligncenter size-large is-resized\"><img loading=\"lazy\" decoding=\"async\" src=\"https:\/\/enolife.com.ar\/es\/wp-content\/uploads\/2022\/06\/maxresdefault.jpg\" alt=\"\" class=\"wp-image-64489\" width=\"427\" height=\"399\" srcset=\"https:\/\/enolife.com.ar\/es\/wp-content\/uploads\/2022\/06\/maxresdefault.jpg 767w, https:\/\/enolife.com.ar\/es\/wp-content\/uploads\/2022\/06\/maxresdefault-300x281.jpg 300w, https:\/\/enolife.com.ar\/es\/wp-content\/uploads\/2022\/06\/maxresdefault-585x548.jpg 585w\" sizes=\"auto, (max-width: 427px) 100vw, 427px\" \/><figcaption><em><strong>Pancho Campo<\/strong><\/em><\/figcaption><\/figure><\/div>\n\n\n\n<p>A su turno, <strong>Sylvia Earle<\/strong>, legendaria bi\u00f3loga marina, exploradora de National Geographic y pionera de la exploraci\u00f3n oce\u00e1nica, destac\u00f3 que todos estamos conectados en este planeta a trav\u00e9s de sus oc\u00e9anos: <em>\u00abSin un oc\u00e9ano saludable, el planeta ser\u00eda una tierra est\u00e9ril. La protecci\u00f3n de la naturaleza proteger\u00e1 nuestros vi\u00f1edos y la industria del vino prosperar\u00e1. \u00a1Saber es la clave del cuidado y con el cuidado hay esperanza!\u00bb<\/em>.<\/p>\n\n\n\n<div class=\"wp-block-image\"><figure class=\"aligncenter size-large is-resized\"><img loading=\"lazy\" decoding=\"async\" src=\"https:\/\/enolife.com.ar\/es\/wp-content\/uploads\/2022\/06\/searle-1024x865.jpg\" alt=\"\" class=\"wp-image-64490\" width=\"433\" height=\"364\" srcset=\"https:\/\/enolife.com.ar\/es\/wp-content\/uploads\/2022\/06\/searle-300x253.jpg 300w, https:\/\/enolife.com.ar\/es\/wp-content\/uploads\/2022\/06\/searle-768x648.jpg 768w\" sizes=\"auto, (max-width: 433px) 100vw, 433px\" \/><figcaption><em><strong>Sylvia Earle<\/strong><\/em><\/figcaption><\/figure><\/div>\n\n\n\n<div style=\"height:35px\" aria-hidden=\"true\" class=\"wp-block-spacer\"><\/div>\n\n\n\n<p class=\"has-medium-font-size\"><strong>Cierre desde el Nuevo Mundo vitivin\u00edcola<\/strong> <\/p>\n\n\n\n<p>El cuarto y \u00faltimo d\u00eda de la conferencia comenz\u00f3 a las 8 AM en la zona horaria de Nueva Zelanda, con la bienvenida a cargo de <strong>Damien O&#8217;Connor<\/strong>, ministro de Agricultura del pa\u00eds, y de <strong>Charlotte Read<\/strong>, de New Zealand Winegrowers, anfitriones de la sesi\u00f3n de la ma\u00f1ana. <\/p>\n\n\n\n<p><strong>Barossa Australia<\/strong> fue el anfitri\u00f3n de las sesiones de la tarde, con <strong>James March<\/strong>, CEO de la Asociaci\u00f3n y <strong>Pauly Vanderbergh<\/strong>, en representaci\u00f3n de la Comunidad Aborigen y como propietario de <strong>Munda Wines<\/strong>.<\/p>\n\n\n\n<p>Los invitados especiales del d\u00eda incluyeron a <strong>Carlo de Biasi<\/strong>, vicepresidente de la <strong>Asociaci\u00f3n Lien de la Vigne<\/strong>, quien present\u00f3 un informe sobre la Vinelink International 2022. IvanEskildsen, ministro de Turismo del Gobierno de Panam\u00e1, cerr\u00f3 las sesiones de la ma\u00f1ana con una presentaci\u00f3n sobre el modelo de turismo sostenible de Panam\u00e1.<\/p>\n\n\n\n<p>La tarde comenz\u00f3 a las 2 PM hora de Adelaida con una conferencia magistral de<strong> Miguel Soto<\/strong>, portavoz de <strong>Greenpeace<\/strong>, quien se refiri\u00f3 al marketing verde y a c\u00f3mo algunas empresas internacionales enga\u00f1an al p\u00fablico. <\/p>\n\n\n\n<div style=\"height:20px\" aria-hidden=\"true\" class=\"wp-block-spacer\"><\/div>\n\n\n\n<figure class=\"wp-block-gallery aligncenter columns-2 is-cropped wp-block-gallery-1 is-layout-flex wp-block-gallery-is-layout-flex\"><ul class=\"blocks-gallery-grid\"><li class=\"blocks-gallery-item\"><figure><img loading=\"lazy\" decoding=\"async\" width=\"345\" height=\"267\" src=\"https:\/\/enolife.com.ar\/es\/wp-content\/uploads\/2022\/06\/hqdefault.jpg\" alt=\"\" data-id=\"64492\" class=\"wp-image-64492\" srcset=\"https:\/\/enolife.com.ar\/es\/wp-content\/uploads\/2022\/06\/hqdefault.jpg 345w, https:\/\/enolife.com.ar\/es\/wp-content\/uploads\/2022\/06\/hqdefault-300x232.jpg 300w\" sizes=\"auto, (max-width: 345px) 100vw, 345px\" \/><figcaption class=\"blocks-gallery-item__caption\"><em><strong>Miguel Soto<\/strong><\/em><\/figcaption><\/figure><\/li><li class=\"blocks-gallery-item\"><figure><img loading=\"lazy\" decoding=\"async\" width=\"565\" height=\"550\" src=\"https:\/\/enolife.com.ar\/es\/wp-content\/uploads\/2022\/06\/8d2c1dae254ccc2f31ff0f712b8c0d7a.jpg\" alt=\"\" data-id=\"64496\" data-full-url=\"https:\/\/enolife.com.ar\/es\/wp-content\/uploads\/2022\/06\/8d2c1dae254ccc2f31ff0f712b8c0d7a.jpg\" data-link=\"https:\/\/enolife.com.ar\/es\/?attachment_id=64496\" class=\"wp-image-64496\" srcset=\"https:\/\/enolife.com.ar\/es\/wp-content\/uploads\/2022\/06\/8d2c1dae254ccc2f31ff0f712b8c0d7a.jpg 565w, https:\/\/enolife.com.ar\/es\/wp-content\/uploads\/2022\/06\/8d2c1dae254ccc2f31ff0f712b8c0d7a-300x292.jpg 300w\" sizes=\"auto, (max-width: 565px) 100vw, 565px\" \/><figcaption class=\"blocks-gallery-item__caption\"><em><strong>Carlo de Biasi<\/strong><\/em><\/figcaption><\/figure><\/li><\/ul><\/figure>\n\n\n\n<div style=\"height:20px\" aria-hidden=\"true\" class=\"wp-block-spacer\"><\/div>\n\n\n\n<p><strong>Gerard Bertrand<\/strong>, presidente y CEO de <strong>Gerard Bertrand Wines<\/strong> fue el invitado especial, quien describi\u00f3 c\u00f3mo \u00e9l y su empresa act\u00faan por el planeta y c\u00f3mo la industria deber\u00eda seguir su ejemplo. El d\u00eda termin\u00f3 con una mesa redonda sobre las conclusiones m\u00e1s importantes vertidas dentro de la conferencia y sobre cu\u00e1les son las estrategias que se deber\u00edan seguir.<\/p>\n\n\n\n<div style=\"height:20px\" aria-hidden=\"true\" class=\"wp-block-spacer\"><\/div>\n\n\n\n<p class=\"has-medium-font-size\"><strong>Los temas de las sesiones del d\u00eda de cierre<\/strong><\/p>\n\n\n\n<ul class=\"wp-block-list\"><li><strong>Navegando las aguas de las pol\u00edticas gubernamentales<\/strong><\/li><li><strong>El valor de lo org\u00e1nico y biodin\u00e1mico<\/strong><\/li><li><strong>Regiones emergentes y el futuro del sector vin\u00edcola<\/strong><\/li><li><strong>\u00bfQu\u00e9 es la viticultura regenerativa?<\/strong><\/li><li><strong>Los beneficios de una Econom\u00eda Circular<\/strong><\/li><\/ul>\n\n\n\n<div style=\"height:20px\" aria-hidden=\"true\" class=\"wp-block-spacer\"><\/div>\n\n\n\n<p>Tambi\u00e9n se realizaron algunas adiciones al programa, incluidos testimonios y grabaciones con bodegueros y viticultores del <strong>Okanagan<\/strong> y <strong>Napa Valley.<\/strong><\/p>\n\n\n\n<p>El evento cont\u00f3 con el apoyo de la <strong>Organizaci\u00f3n Internacional de la Vid y el Vino (OIV)<\/strong>, <strong>California Wines<\/strong>, <strong>Wines of Chile<\/strong>, <strong>Barossa Australia<\/strong>, <strong>Thompson Okanagan Tourism Organisation<\/strong>, <strong>Interprofesional del Vino<\/strong> <strong>de Espa\u00f1a<\/strong>, <strong>Viniportugal<\/strong>, <strong>Wines of South Africa<\/strong> y muchas de las principales bodegas del mundo.<\/p>\n\n\n\n<p>Todas las mesas redondas y todas las ponencias estar\u00e1n disponibles para verlas en diferido hasta finales de junio, para cualquiera que no haya podido asistir al evento en directo. Quienes no se hayan inscrito antes del Congreso, podr\u00e1n hacerlo pagando un derecho de U$S 45, para lo cual hay que visitar la web <strong><a href=\"http:\/\/www.greenwinefuture.com\">http:\/\/www.greenwinefuture.com<\/a> <\/strong><\/p>\n\n\n\n<div style=\"height:33px\" aria-hidden=\"true\" class=\"wp-block-spacer\"><\/div>\n","protected":false},"excerpt":{"rendered":"<p>Del 23 al 26 de mayo pasado se llev\u00f3 a cabo la Green Wine Future&hellip;<\/p>\n","protected":false},"author":3,"featured_media":64502,"comment_status":"open","ping_status":"open","sticky":false,"template":"","format":"standard","meta":{"footnotes":""},"categories":[14],"tags":[],"class_list":["post-64482","post","type-post","status-publish","format-standard","has-post-thumbnail","hentry","category-news"],"_links":{"self":[{"href":"https:\/\/enolife.com.ar\/es\/wp-json\/wp\/v2\/posts\/64482","targetHints":{"allow":["GET"]}}],"collection":[{"href":"https:\/\/enolife.com.ar\/es\/wp-json\/wp\/v2\/posts"}],"about":[{"href":"https:\/\/enolife.com.ar\/es\/wp-json\/wp\/v2\/types\/post"}],"author":[{"embeddable":true,"href":"https:\/\/enolife.com.ar\/es\/wp-json\/wp\/v2\/users\/3"}],"replies":[{"embeddable":true,"href":"https:\/\/enolife.com.ar\/es\/wp-json\/wp\/v2\/comments?post=64482"}],"version-history":[{"count":0,"href":"https:\/\/enolife.com.ar\/es\/wp-json\/wp\/v2\/posts\/64482\/revisions"}],"wp:featuredmedia":[{"embeddable":true,"href":"https:\/\/enolife.com.ar\/es\/wp-json\/wp\/v2\/media\/64502"}],"wp:attachment":[{"href":"https:\/\/enolife.com.ar\/es\/wp-json\/wp\/v2\/media?parent=64482"}],"wp:term":[{"taxonomy":"category","embeddable":true,"href":"https:\/\/enolife.com.ar\/es\/wp-json\/wp\/v2\/categories?post=64482"},{"taxonomy":"post_tag","embeddable":true,"href":"https:\/\/enolife.com.ar\/es\/wp-json\/wp\/v2\/tags?post=64482"}],"curies":[{"name":"wp","href":"https:\/\/api.w.org\/{rel}","templated":true}]}}