{"id":6422,"date":"2020-01-15T15:13:17","date_gmt":"2020-01-15T15:13:17","guid":{"rendered":"http:\/\/enolife.com.ar\/es\/?p=6422"},"modified":"2020-01-20T16:36:12","modified_gmt":"2020-01-20T16:36:12","slug":"censaran-a-productores-agricolas-y-ganaderos-mendocinos-para-unificar-las-bases-de-datos","status":"publish","type":"post","link":"https:\/\/enolife.com.ar\/es\/censaran-a-productores-agricolas-y-ganaderos-mendocinos-para-unificar-las-bases-de-datos\/","title":{"rendered":"Censar\u00e1n a productores agr\u00edcolas y ganaderos mendocinos para unificar las bases de datos"},"content":{"rendered":"\n<h4 class=\"wp-block-heading\"><em><strong>Mario Leiva,  presidente de la Sociedad Rural del Valle de Uco y sus asociados convocaron al subsecretario de agricultura y ganader\u00eda de Mendoza Sergio Moralejo quien expuso&nbsp; los lineamientos de trabajo tendientes al sostenimiento y desarrollo de la actividad primaria 2020 en la Provincia de Mendoza. <\/strong><\/em><\/h4>\n\n\n\n<h4 class=\"wp-block-heading\"><em><strong>En dicha reuni\u00f3n el tema principal fue  la necesidad de realizar un censo desde el gobierno provincial que permita generar una base de datos \u00fanica de la actividad agr\u00edcola y ganadera provincial eliminando las cientos de bases diferentes que hay en la actualidad con el fin de orientar las pol\u00edticas a implementar.<\/strong><\/em><\/h4>\n\n\n\n<div style=\"height:20px\" aria-hidden=\"true\" class=\"wp-block-spacer\"><\/div>\n\n\n\n<p>Fue el presidente de la Sociedad Rural del Valle de Uco , Mario Leiva, quien convoc\u00f3 a sus asociados para conocer de primera mano los programas en los que est\u00e1 trabajando Sergio Moralejo, y su equipo, de cara a esta nueva gesti\u00f3n 2020- 2024.<\/p>\n\n\n\n<p>En este espacio el funcionario hizo hincapi\u00e9 en la unificaci\u00f3n de la informaci\u00f3n vinculada al sector: \u201cHoy por hoy es de suma necesidad contar con datos concretos que nos permitan orientar correctamente nuestras pol\u00edticas. Actualmente existen tantas bases de datos como organismos provinciales y nacionales vinculados a la actividad\u201d.<\/p>\n\n\n\n<div style=\"height:20px\" aria-hidden=\"true\" class=\"wp-block-spacer\"><\/div>\n\n\n\n<figure class=\"wp-block-image size-large\"><img loading=\"lazy\" decoding=\"async\" width=\"1024\" height=\"440\" src=\"https:\/\/enolife.com.ar\/es\/wp-content\/uploads\/2020\/01\/mesa-uco-1-1024x440.jpeg\" alt=\"\" class=\"wp-image-6429\" srcset=\"https:\/\/enolife.com.ar\/es\/wp-content\/uploads\/2020\/01\/mesa-uco-1-1024x440.jpeg 1024w, https:\/\/enolife.com.ar\/es\/wp-content\/uploads\/2020\/01\/mesa-uco-1-300x129.jpeg 300w, https:\/\/enolife.com.ar\/es\/wp-content\/uploads\/2020\/01\/mesa-uco-1-768x330.jpeg 768w, https:\/\/enolife.com.ar\/es\/wp-content\/uploads\/2020\/01\/mesa-uco-1-1170x503.jpeg 1170w, https:\/\/enolife.com.ar\/es\/wp-content\/uploads\/2020\/01\/mesa-uco-1-585x251.jpeg 585w, https:\/\/enolife.com.ar\/es\/wp-content\/uploads\/2020\/01\/mesa-uco-1.jpeg 1280w\" sizes=\"auto, (max-width: 1024px) 100vw, 1024px\" \/><figcaption><strong><em>Mesa de di\u00e1logo entre  la Sociedad Rural del Valle de Uco con el subsecretario de agricultura y ganader\u00eda Sergio Moralejo, <\/em><\/strong><\/figcaption><\/figure>\n\n\n\n<div style=\"height:20px\" aria-hidden=\"true\" class=\"wp-block-spacer\"><\/div>\n\n\n\n<p>En este sentido Moralejo se\u00f1al\u00f3 que se est\u00e1 trabajando en la puesta en marcha de un censo integral que permita conocer la totalidad de los puntos fuertes en materia de actividad agr\u00edcola y ganadera en el territorio provincial: \u201cEstimamos que en un lapso de 6 meses comenzaremos a trabajar con datos que nos permitan obtener un paneo real de la situaci\u00f3n. Se contar\u00e1 con el aporte de distintos organismos nacionales y provinciales para la creaci\u00f3n de un&nbsp;Sistema Integrado de Informaci\u00f3n\u201d.<\/p>\n\n\n\n<p>Por otro lado, Moralejo hizo referencia a que, \u201ccon este proceso fluctuante de producci\u00f3n, no se pueden&nbsp;desarrollar mercados externos&nbsp;a largo plazo. No hay forma de tenerlos y es por ello que paralelamente se debe trabajar en potenciar el desarrollo del mercado interno a trav\u00e9s de la generaci\u00f3n de lazos comerciales con otras provincias\u201d.<\/p>\n\n\n\n<p>Regularizaci\u00f3n dominial&nbsp;fue otro de los puntos que se tocaron en el marco del encuentro y e este sentido el funcionario puso como ejemplo una reuni\u00f3n que mantuvo con productores de Real del Padre: \u201cnos encontramos con que el 100% de los productores no contaba con papeles de las tierras que trabajan. Esta situaci\u00f3n impide al productor acceder a financiamiento y asistencia por parte del estado ante situaciones adversas\u201d.<\/p>\n\n\n\n<p>Por \u00faltimo Moralejo plante\u00f3 la necesidad de avanzar en un plan que permita el&nbsp;desarrollo del trabajo asociativo: \u201cClaramente hay que empezar a trabajar en la creaci\u00f3n de nuevas cooperativas donde el trabajo asociativo sea el motor de todas aquellas superficies cultivadas menores a 10 hect\u00e1reas. Es muy dif\u00edcil que esas peque\u00f1as superficies permitan la tecnificaci\u00f3n, lograr incorporar maquinaria y por sobre todo ser competitivo en el mercado sino lo hacen conjuntamente\u201d.<\/p>\n\n\n\n<p>\u201cMe parece que fue una buena reuni\u00f3n. Quedaron dos conceptos muy importantes en los que trabajamos con Sergio. Uno de ellos tiene que ver con el trabajo de la ley 9133 y el otro tiene que ver con la formaci\u00f3n de consejos consultivos. Hemos coincidido en muchas cosas. Hoy el productor tiene que salir a buscar mercados y agregar valor a trav\u00e9s de la industrializaci\u00f3n de los productos. Hemos acordado volver a reunirnos este mes\u201d remarc\u00f3&nbsp;Mario Leiva,&nbsp;presidente de la Sociedad Rural del Valle de Uco.<\/p>\n\n\n\n<p>Por su parte,&nbsp;Oscar Morgani, productor agr\u00edcola sostuvo que \u201ceste tipo de reuniones siempre son positivas. Uno de los principales temas a trabajar en car\u00e1cter de urgencia tiene que ver con el tema de riego. Conozco a Sergio desde hace tiempo y s\u00e9 que se va a salir adelante con esta problem\u00e1tica. Hay que ser positivos. La provincia tiene que salir adelante\u201d.<\/p>\n\n\n\n<p>En tanto,&nbsp;Hector Fernandez&nbsp;productor vitivin\u00edcola celebr\u00f3 este encuentro: \u201cMe parece excelente en tanto y en cuanto contin\u00faen estas sugerencias e interconsultas por parte del estado hacia el productor. Este tipo de encuentros deber\u00edan concretarse por lo menos una vez al mes. No se trata de que nos den dinero sino de encaminar una propuesta, ponernos de acuerdo en cu\u00e1les son nuestros intereses y cu\u00e1les son las posibilidades del estado en ayudar al sector\u201d.<\/p>\n\n\n\n<p>Por \u00faltimo el agricultor<strong>,&nbsp;<\/strong>Pablo Chiconi, destac\u00f3: \u201cNecesitamos respuestas a corto plazo. Nuestras problem\u00e1ticas las planteamos en el marco de este encuentro. Es la primera vez que me re\u00fano con Moralejo y estamos trabajando en sacar adelante los temas que necesitamos para ver si podemos mejorar la situaci\u00f3n del sector\u201d.<\/p>\n\n\n\n<p class=\"has-small-font-size\"><strong><em>Fuente: Prensa Gobierno de Mendoza<\/em><\/strong><\/p>\n","protected":false},"excerpt":{"rendered":"<p>Mario Leiva, presidente de la Sociedad Rural del Valle de Uco y sus asociados convocaron&hellip;<\/p>\n","protected":false},"author":3,"featured_media":6430,"comment_status":"open","ping_status":"open","sticky":false,"template":"","format":"standard","meta":{"footnotes":""},"categories":[5],"tags":[],"class_list":["post-6422","post","type-post","status-publish","format-standard","has-post-thumbnail","hentry","category-fincas"],"_links":{"self":[{"href":"https:\/\/enolife.com.ar\/es\/wp-json\/wp\/v2\/posts\/6422","targetHints":{"allow":["GET"]}}],"collection":[{"href":"https:\/\/enolife.com.ar\/es\/wp-json\/wp\/v2\/posts"}],"about":[{"href":"https:\/\/enolife.com.ar\/es\/wp-json\/wp\/v2\/types\/post"}],"author":[{"embeddable":true,"href":"https:\/\/enolife.com.ar\/es\/wp-json\/wp\/v2\/users\/3"}],"replies":[{"embeddable":true,"href":"https:\/\/enolife.com.ar\/es\/wp-json\/wp\/v2\/comments?post=6422"}],"version-history":[{"count":0,"href":"https:\/\/enolife.com.ar\/es\/wp-json\/wp\/v2\/posts\/6422\/revisions"}],"wp:featuredmedia":[{"embeddable":true,"href":"https:\/\/enolife.com.ar\/es\/wp-json\/wp\/v2\/media\/6430"}],"wp:attachment":[{"href":"https:\/\/enolife.com.ar\/es\/wp-json\/wp\/v2\/media?parent=6422"}],"wp:term":[{"taxonomy":"category","embeddable":true,"href":"https:\/\/enolife.com.ar\/es\/wp-json\/wp\/v2\/categories?post=6422"},{"taxonomy":"post_tag","embeddable":true,"href":"https:\/\/enolife.com.ar\/es\/wp-json\/wp\/v2\/tags?post=6422"}],"curies":[{"name":"wp","href":"https:\/\/api.w.org\/{rel}","templated":true}]}}