{"id":63324,"date":"2022-05-29T15:31:56","date_gmt":"2022-05-29T15:31:56","guid":{"rendered":"http:\/\/enolife.com.ar\/es\/?p=63324"},"modified":"2022-05-31T22:17:38","modified_gmt":"2022-05-31T22:17:38","slug":"mujeres-lideres-de-la-vitivinicultura-contaran-sus-historias-de-vida-el-1-6-en-el-diplomatic","status":"publish","type":"post","link":"https:\/\/enolife.com.ar\/es\/mujeres-lideres-de-la-vitivinicultura-contaran-sus-historias-de-vida-el-1-6-en-el-diplomatic\/","title":{"rendered":"Mujeres l\u00edderes de la vitivinicultura contar\u00e1n sus historias de vida el 1\/6 en el Diplomatic"},"content":{"rendered":"\n<h4 class=\"wp-block-heading\"><em><strong>El pr\u00f3ximo mi\u00e9rcoles 1 de junio se realizar\u00e1 el encuentro \u00abEllas lideran\u00bb, un espacio de di\u00e1logo e intercambio entre mujeres referentes de la industria vitivin\u00edcola, con el objetivo de compartir experiencias y motivar a otras personas para asumir liderazgos en el sector. El ciclo, con cap\u00edtulos regionales en todo el pa\u00eds, est\u00e1 organizado por el Gobierno de la Ciudad Aut\u00f3noma de Buenos Aires (CABA), con el apoyo de Wines of Argentina (WOFA), la Corporaci\u00f3n Vitivin\u00edcola Argentina (Coviar), Bodegas de Argentina (BDA) y el Gobierno de Mendoza. La participaci\u00f3n es gratuita, con cupos limitados y previa inscripci\u00f3n.<\/strong><\/em><\/h4>\n\n\n\n<div style=\"height:20px\" aria-hidden=\"true\" class=\"wp-block-spacer\"><\/div>\n\n\n<a href=\"https:\/\/enolife.com.ar\/es\/category\/vino\/\" aria-label=\"banner-el-vino-las-une\"><img loading=\"lazy\" decoding=\"async\" src=\"https:\/\/enolife.com.ar\/es\/wp-content\/uploads\/2021\/12\/banner-el-vino-las-une.gif\" alt=\"\"  width=\"1700\" height=\"500\"   \/><\/a>\n\n\n<div style=\"height:76px\" aria-hidden=\"true\" class=\"wp-block-spacer\"><\/div>\n\n\n\n<p>El programa <strong>\u00abEllas Lideran\u00bb<\/strong>, impulsado por la Subsecretar\u00eda de Relaciones Institucionales del Gobierno de la Ciudad Aut\u00f3noma de Buenos Aires (CABA) tiene como prop\u00f3sito declarado visibilizar las experiencias, trayectorias e historias de vida de las mujeres en todo el pa\u00eds. Para ello, el ciclo busca promover el di\u00e1logo y el intercambio sobre las buenas pr\u00e1cticas para alcanzar la igualdad, fomentar el liderazgo de las mujeres y la disminuci\u00f3n de las brechas de g\u00e9nero en toda Argentina.<\/p>\n\n\n\n<div style=\"height:20px\" aria-hidden=\"true\" class=\"wp-block-spacer\"><\/div>\n\n\n\n<div class=\"wp-block-image\"><figure class=\"alignleft size-large is-resized\"><img loading=\"lazy\" decoding=\"async\" src=\"https:\/\/enolife.com.ar\/es\/wp-content\/uploads\/2022\/05\/GGnEdhUvMV_Invitacion_conversatorio_ellas_lideran-1024x638.jpg\" alt=\"\" class=\"wp-image-63500\" width=\"335\" height=\"209\" srcset=\"https:\/\/enolife.com.ar\/es\/wp-content\/uploads\/2022\/05\/GGnEdhUvMV_Invitacion_conversatorio_ellas_lideran-1024x638.jpg 1024w, https:\/\/enolife.com.ar\/es\/wp-content\/uploads\/2022\/05\/GGnEdhUvMV_Invitacion_conversatorio_ellas_lideran-300x187.jpg 300w, https:\/\/enolife.com.ar\/es\/wp-content\/uploads\/2022\/05\/GGnEdhUvMV_Invitacion_conversatorio_ellas_lideran-768x478.jpg 768w, https:\/\/enolife.com.ar\/es\/wp-content\/uploads\/2022\/05\/GGnEdhUvMV_Invitacion_conversatorio_ellas_lideran-1170x728.jpg 1170w, https:\/\/enolife.com.ar\/es\/wp-content\/uploads\/2022\/05\/GGnEdhUvMV_Invitacion_conversatorio_ellas_lideran-585x364.jpg 585w, https:\/\/enolife.com.ar\/es\/wp-content\/uploads\/2022\/05\/GGnEdhUvMV_Invitacion_conversatorio_ellas_lideran.jpg 1537w\" sizes=\"auto, (max-width: 335px) 100vw, 335px\" \/><\/figure><\/div>\n\n\n\n<p>En esta oportunidad, el encuentro ser\u00e1 una charla de mujeres l\u00edderes de la industria vitivin\u00edcola, quienes son protagonistas en diversas instancias de la cadena de&nbsp;valor del sector, donde los organizadores proponen generar&nbsp;instancias de intercambio&nbsp;sobre tem\u00e1ticas relevantes para la vitivinicultura.<\/p>\n\n\n\n<p><strong>Lugar<\/strong>: Auditorio del Hotel Diplomatic, en la calle Belgrano 1.041 de la Ciudad de Mendoza. <\/p>\n\n\n\n<p><strong>Fecha<\/strong>: Mi\u00e9rcoles 1\/6 de 17.30 a 19.15 hs. <\/p>\n\n\n\n<p class=\"has-background has-very-light-gray-background-color\"><strong>Los cupos son limitados, previa inscripci\u00f3n a la que se puede acceder desde <a href=\"https:\/\/docs.google.com\/forms\/d\/1VN95mVDQZZfqtRjrX52Sjvro2qV6vDtEH1-eCageL4g\/viewform?edit_requested=true\u2026\">AQU\u00cd<\/a><\/strong> <\/p>\n\n\n\n<div style=\"height:20px\" aria-hidden=\"true\" class=\"wp-block-spacer\"><\/div>\n\n\n\n<p class=\"has-medium-font-size\"><strong>Moderadora<\/strong><\/p>\n\n\n\n<div class=\"wp-block-image\"><figure class=\"alignleft is-resized\"><img loading=\"lazy\" decoding=\"async\" src=\"https:\/\/media-exp1.licdn.com\/dms\/image\/C5603AQEWT88_B_JSIQ\/profile-displayphoto-shrink_800_800\/0\/1648499340084?e=1658966400&amp;v=beta&amp;t=kxhUYs-kB5np_p1Hkc5Pl7wePDhNf4xs57MQInvjgw4\" alt=\"Foto de perfil de Carmen Polledo\" width=\"203\" height=\"203\"\/><figcaption><em><strong>Carmen Polledo<\/strong><\/em><\/figcaption><\/figure><\/div>\n\n\n\n<p><strong>Carmen Polledo<\/strong>, <strong>subsecretaria de Relaciones Institucionales del Gobierno de la Ciudad de Buenos Aires<\/strong>: Realiz\u00f3 diversos seminarios y cursos sobre Administraci\u00f3n y Gesti\u00f3n de Organizaciones Sociales y particip\u00f3, como expositora, en distintos encuentros y congresos nacionales e internacionales. Recibi\u00f3 la Distinci\u00f3n ADE en 2006, como Dirigente de Empresas: es Miembro de Honor de Planet Finance Argentina. Trabaj\u00f3 30 a\u00f1os en la Cooperativa de Acci\u00f3n Social (COAS) ocupando los cargos de presidenta, tesorera y vocal. Adem\u00e1s, fue miembro permanente del Comit\u00e9 Organizador de la Feria de las Naciones. En los \u00faltimos a\u00f1os fue legisladora de la Ciudad de Buenos Aires, vicepresidenta prrimera de la Legislatura porte\u00f1a, presidenta del bloque PRO y diputada nacional por la Ciudad de Buenos Aires. <\/p>\n\n\n\n<div style=\"height:20px\" aria-hidden=\"true\" class=\"wp-block-spacer\"><\/div>\n\n\n\n<p class=\"has-medium-font-size\"><strong>Panelistas <\/strong><\/p>\n\n\n\n<div class=\"wp-block-image\"><figure class=\"alignleft is-resized\"><img loading=\"lazy\" decoding=\"async\" src=\"https:\/\/media-exp1.licdn.com\/dms\/image\/C4E03AQEg0PTXIMMwww\/profile-displayphoto-shrink_800_800\/0\/1549466968971?e=1658966400&amp;v=beta&amp;t=ox6-qVE5DQXszdwEGrZXZUxeNcX9bzeIQb6Mzl_9kcE\" alt=\"Foto de perfil de Marisa Bircher\" width=\"202\" height=\"202\"\/><figcaption><em><strong>Marisa Bircher<\/strong><\/em><\/figcaption><\/figure><\/div>\n\n\n\n<p><strong><strong>Marisa Bircher<\/strong>, secretaria para la Igualdad de G\u00e9nero del Gobierno de la Ciudad de Buenos Aires<\/strong>: Licenciada en comercio exterior y negociaciones internacionales recibida en la Fundaci\u00f3n Bank Boston &amp; Universidad de la Marina Mercante, con posgrado de comercio exterior y m\u00e1rketing internacional de la Universidad de Belgrano. Form\u00f3 parte del Ministerio de Producci\u00f3n y Trabajo como secretaria de Comercio Exterior de la Naci\u00f3n, y en el Ministerio de Agricultura como secretaria de Mercados Agroindustriales. Particip\u00f3 del equipo negociador que concluy\u00f3 -luego de 20 a\u00f1os de gestiones- en el Tratado de Libre Comercio entre el Mercosur y la Uni\u00f3n Europea y Mercosur-EFTA.  Adem\u00e1s fue directora del Posgrado de Alta Direcci\u00f3n y Comercio Exterior Agroalimentario FAUBA en la Universidad de Buenos Aires. Su objetivo declarado es trabajar por una sociedad igualitaria donde el g\u00e9nero no sea una limitante para prosperar en el mercado laboral e incluirse en los sectores m\u00e1s din\u00e1micos de la econom\u00eda, rechazando la violencia y promoviendo un pleno acceso a la salud.<\/p>\n\n\n\n<div style=\"height:20px\" aria-hidden=\"true\" class=\"wp-block-spacer\"><\/div>\n\n\n\n<div class=\"wp-block-image\"><figure class=\"alignleft size-large is-resized\"><img loading=\"lazy\" decoding=\"async\" src=\"https:\/\/enolife.com.ar\/es\/wp-content\/uploads\/2022\/05\/250079688_2992324330990490_163001050543687844_n-1024x1024.jpg\" alt=\"\" class=\"wp-image-63418\" width=\"195\" height=\"195\" srcset=\"https:\/\/enolife.com.ar\/es\/wp-content\/uploads\/2022\/05\/250079688_2992324330990490_163001050543687844_n-1024x1024.jpg 1024w, https:\/\/enolife.com.ar\/es\/wp-content\/uploads\/2022\/05\/250079688_2992324330990490_163001050543687844_n-300x300.jpg 300w, https:\/\/enolife.com.ar\/es\/wp-content\/uploads\/2022\/05\/250079688_2992324330990490_163001050543687844_n-150x150.jpg 150w, https:\/\/enolife.com.ar\/es\/wp-content\/uploads\/2022\/05\/250079688_2992324330990490_163001050543687844_n-768x767.jpg 768w, https:\/\/enolife.com.ar\/es\/wp-content\/uploads\/2022\/05\/250079688_2992324330990490_163001050543687844_n-1170x1169.jpg 1170w, https:\/\/enolife.com.ar\/es\/wp-content\/uploads\/2022\/05\/250079688_2992324330990490_163001050543687844_n-585x585.jpg 585w, https:\/\/enolife.com.ar\/es\/wp-content\/uploads\/2022\/05\/250079688_2992324330990490_163001050543687844_n.jpg 1440w\" sizes=\"auto, (max-width: 195px) 100vw, 195px\" \/><figcaption><em><strong>Mar\u00eda Elena Salom\u00f3n<\/strong><\/em><\/figcaption><\/figure><\/div>\n\n\n\n<p><strong>Mar\u00eda Elena Salom\u00f3n<\/strong>, <strong>integrante de la comisi\u00f3n directiva de Mujeres de la Vi\u00f1a<\/strong>: Es profesora, magister en Educaci\u00f3n Cient\u00edfica y apasionada por la relaci\u00f3n entre educaci\u00f3n y trabajo. Aprendiz interesada por las TIC. Abuela de Sara y Virna, como se define en la red social Twitter.<\/p>\n\n\n\n<p>Es una de las integrantes de  Mujeres de la Vi\u00f1a, un proyecto nacido en 2018 a partir de un diagn\u00f3stico realizado por el Centro de Desarrollo Vit\u00edcola La Consulta (Coviar-INTA), Mendoza, donde se detect\u00f3 la presencia de mujeres productoras de la zona del Valle de Uco, que trabajaban individualmente pero que compart\u00edan las mismas demandas, inquietudes, temores, prejuicios e intenciones de permanecer y desarrollarse en el sector. Fue a partir de estas inquietudes que se desarroll\u00f3 un primer encuentro en 2018. Desde entonces, se busc\u00f3 continuar con el espacio de integraci\u00f3n horizontal para capacitarse, afianzar v\u00ednculos y trabajar en forma conjunta. A la fecha, el grupo Mujeres de la Vi\u00f1a est\u00e1 conformado por 21 mujeres productoras de vid, quienes desarrollaron su proyecto como una alternativa para mejorar su rentabilidad. Al producir su propio vino, le dieron valor agregado a la uva de media y alta gama que cultivan, a la vez que le imprimieron a su actividad una proyecci\u00f3n sostenible a largo plazo. En 2021 envasaron 2.000 litros de vino con varietales premium bajo la marca \u00abApasionadas\u00bb.<\/p>\n\n\n\n<div style=\"height:20px\" aria-hidden=\"true\" class=\"wp-block-spacer\"><\/div>\n\n\n\n<div class=\"wp-block-image\"><figure class=\"alignleft size-large is-resized\"><img loading=\"lazy\" decoding=\"async\" src=\"https:\/\/enolife.com.ar\/es\/wp-content\/uploads\/2022\/05\/pepa-1.jpg\" alt=\"\" class=\"wp-image-63534\" width=\"199\" height=\"224\"\/><figcaption><em><strong>Adriana Pepa<\/strong><\/em><\/figcaption><\/figure><\/div>\n\n\n\n<p><strong>Adriana Pepa, productora vitivin\u00edcola, socia de la Cooperativa Agr\u00edcola Beltr\u00e1n y de Fecovita<\/strong>: Naci\u00f3 en una familia vitivin\u00edcola y es contadora p\u00fablica. En el a\u00f1o 2000 ingres\u00f3 como secretaria al Consejo de Administraci\u00f3n de la Cooperativa Agr\u00edcola Beltr\u00e1n de Maip\u00fa, Mendoza, entidad que ahora preside. Desde 2008 es representante de su Cooperativa en el Consejo de Fecovita y en la Comisi\u00f3n Directiva de Asociaci\u00f3n de Cooperativas Vitivin\u00edcolas (Acovi) de Argentina. Su pap\u00e1 fue socio fundador de la cooperativa en 1988 con el traspaso de Giol a los productores. Cuenta que ah\u00ed fue cuando se organizaron los peque\u00f1os productores en cooperativas con la&nbsp;colaboraci\u00f3n activa de Elvira Castro,&nbsp;a cargo&nbsp;de la Direcci\u00f3n de Cooperativas de Mendoza.<\/p>\n\n\n\n<div style=\"height:20px\" aria-hidden=\"true\" class=\"wp-block-spacer\"><\/div>\n\n\n\n<div class=\"wp-block-image\"><figure class=\"alignleft is-resized\"><img loading=\"lazy\" decoding=\"async\" src=\"https:\/\/media-exp1.licdn.com\/dms\/image\/C4D03AQHvGpfbTs47Gw\/profile-displayphoto-shrink_800_800\/0\/1517034644131?e=1658966400&amp;v=beta&amp;t=07-nxXhlurx0y5R7-AXpEPih5snR6PQJFeQQ-uCJZhc\" alt=\"Foto de perfil de M\u00f3nica Caama\u00f1o\" width=\"201\" height=\"201\"\/><figcaption><em><strong>M\u00f3nica Caama\u00f1o<\/strong><\/em><\/figcaption><\/figure><\/div>\n\n\n\n<p><strong>M\u00f3nica Caama\u00f1o, gerenta de asuntos corporativos de Bodega Trivento<\/strong>: Es ingeniera industrial recibida en la Universidad Nacional de Cuyo (UNCuyo), master en Ciencias de la Ingenier\u00eda por la <br>Pontificia Universidad Cat\u00f3lica de Chile y  obtuvo un certificado de \u00abSostenibilidad: Estrategias y Oportunidades para la Industria\u00bb en el Instituto de Tecnolog\u00eda de Massachusetts&nbsp;(MIT Professional Education, Cambridge, EEUU). Fue profesora de la Maestr\u00eda en Gerenciamiento Estrat\u00e9gico Vitivin\u00edcola de la Universidad Juan Agust\u00edn Maza. En materia de asuntos p\u00fablicos y relaciones gubernamentales, tiene el cargo de directora de Wines of Argentina y participa de la comisi\u00f3n de Comunicaci\u00f3n y Relaciones Gubernamentales de Bodegas de Argentina. <\/p>\n\n\n\n<div style=\"height:20px\" aria-hidden=\"true\" class=\"wp-block-spacer\"><\/div>\n\n\n\n<div class=\"wp-block-image\"><figure class=\"alignleft is-resized\"><img loading=\"lazy\" decoding=\"async\" src=\"https:\/\/p2d7x8x2.stackpathcdn.com\/content\/uploads\/2020\/05\/Magdalena-Pesce-1-scaled-e1588671370204.jpg\" alt=\"Q&amp;A: Magdalena Pesce - The Drinks Business\" width=\"200\" height=\"213\"\/><figcaption><em><strong>Magdalena Pesce<\/strong><\/em><\/figcaption><\/figure><\/div>\n\n\n\n<p><strong>Magdalena Pesce, gerenta general de Wines of Argentina (WOFA):<\/strong> Es licenciada en Relaciones Internacionales de la Universidad de Congreso (Mendoza). Tiene un posgrado en M\u00e1rketing &amp; Management Vitivin\u00edcola de la Fundaci\u00f3n Bank Boston. Complet\u00f3 el programa de M\u00e1rketing Estrat\u00e9gico en ADEN Business School. Comenz\u00f3 su carrera en Inglaterra como asistente de m\u00e1rketing en el <em>retail<\/em> de vinos Oddbins Wine Merchants. En 2005 fue jefa de marcas blancas de Saez Merino Textile en Valencia, Espa\u00f1a. A su regreso a la Argentina en 2009 ingres\u00f3 a WOFA para hacerse cargo de la promoci\u00f3n del vino argentino en Estados Unidos, 4 a\u00f1os despu\u00e9s la ascendieron a gerenta de M\u00e1rketing y Comunicaciones de la instituci\u00f3n y en 2020 la nombraron gerenta general. En diciembre de 2021 fue elegida como una de las \u00ab\u00a850 mujeres m\u00e1s influyentes en el mundo del vino\u00bb por el premio Women in Wine &amp; Spirits Award en la categor\u00eda \u00abBranding and Marketing\u00bb por las pr\u00e1cticas de Responsabilidad Social Corporativa de la entidad; adem\u00e1s fue designada embajadora de la Marca Pa\u00eds Argentina, reconocimiento que otorga el Ministerio de Turismo y Deporte de Argentina, por su labor de posicionamiento del vino argentino a nivel internacional.<\/p>\n\n\n\n<div style=\"height:32px\" aria-hidden=\"true\" class=\"wp-block-spacer\"><\/div>\n","protected":false},"excerpt":{"rendered":"<p>El pr\u00f3ximo mi\u00e9rcoles 1 de junio se realizar\u00e1 el encuentro \u00abEllas lideran\u00bb, un espacio de&hellip;<\/p>\n","protected":false},"author":3,"featured_media":63539,"comment_status":"open","ping_status":"open","sticky":false,"template":"","format":"standard","meta":{"footnotes":""},"categories":[47,7],"tags":[],"class_list":["post-63324","post","type-post","status-publish","format-standard","has-post-thumbnail","hentry","category-agenda","category-vino"],"_links":{"self":[{"href":"https:\/\/enolife.com.ar\/es\/wp-json\/wp\/v2\/posts\/63324","targetHints":{"allow":["GET"]}}],"collection":[{"href":"https:\/\/enolife.com.ar\/es\/wp-json\/wp\/v2\/posts"}],"about":[{"href":"https:\/\/enolife.com.ar\/es\/wp-json\/wp\/v2\/types\/post"}],"author":[{"embeddable":true,"href":"https:\/\/enolife.com.ar\/es\/wp-json\/wp\/v2\/users\/3"}],"replies":[{"embeddable":true,"href":"https:\/\/enolife.com.ar\/es\/wp-json\/wp\/v2\/comments?post=63324"}],"version-history":[{"count":0,"href":"https:\/\/enolife.com.ar\/es\/wp-json\/wp\/v2\/posts\/63324\/revisions"}],"wp:featuredmedia":[{"embeddable":true,"href":"https:\/\/enolife.com.ar\/es\/wp-json\/wp\/v2\/media\/63539"}],"wp:attachment":[{"href":"https:\/\/enolife.com.ar\/es\/wp-json\/wp\/v2\/media?parent=63324"}],"wp:term":[{"taxonomy":"category","embeddable":true,"href":"https:\/\/enolife.com.ar\/es\/wp-json\/wp\/v2\/categories?post=63324"},{"taxonomy":"post_tag","embeddable":true,"href":"https:\/\/enolife.com.ar\/es\/wp-json\/wp\/v2\/tags?post=63324"}],"curies":[{"name":"wp","href":"https:\/\/api.w.org\/{rel}","templated":true}]}}