{"id":6324,"date":"2020-01-08T17:39:41","date_gmt":"2020-01-08T17:39:41","guid":{"rendered":"http:\/\/enolife.com.ar\/es\/?p=6324"},"modified":"2021-10-18T15:27:40","modified_gmt":"2021-10-18T15:27:40","slug":"aldo-biondolillo-primero-esta-la-genetica-despues-el-terroir","status":"publish","type":"post","link":"https:\/\/enolife.com.ar\/es\/aldo-biondolillo-primero-esta-la-genetica-despues-el-terroir\/","title":{"rendered":"Aldo Biondolillo: \u201cPrimero est\u00e1 la gen\u00e9tica, despu\u00e9s el terroir\u201d"},"content":{"rendered":"\n<h4 class=\"wp-block-heading\"><em><strong>De sus padres y abuelos, Aldo Biondolillo hered\u00f3 la pasi\u00f3n por el vino. Con mucho esfuerzo y visi\u00f3n de futuro, junto a los suyos hizo fructificar los vi\u00f1edos familiares de Luj\u00e1n, Tunuy\u00e1n, Tupungato y Maip\u00fa y levant\u00f3 una bodega modelo como es Tempus Alba, en Coquimbito. Hoy, con sus hijos a cargo de la producci\u00f3n y el enoturismo, Biondolillo est\u00e1 dedicado de lleno a la investigaci\u00f3n cient\u00edfica y enol\u00f3gica, que inici\u00f3 hace 20 a\u00f1os y le permiti\u00f3 desarrollar una nueva categor\u00eda de vino a nivel global: un blend de clones de malbec provenientes de un mismo terru\u00f1o de su finca.<\/strong><\/em><\/h4>\n\n\n\n<div style=\"height:30px\" aria-hidden=\"true\" class=\"wp-block-spacer\"><\/div>\n\n\n\n<p><strong>Entrevista: Pedro Straniero y Lorena Mellone<br>Fotos y video: Renzo Straniero<\/strong> <strong>Nolly<\/strong><\/p>\n\n\n\n<div style=\"height:20px\" aria-hidden=\"true\" class=\"wp-block-spacer\"><\/div>\n\n\n\n<p>Decidido a ser protagonista de la reconversi\u00f3n que -sostiene- necesita la industria, el productor, empresario e investigador <strong>Aldo Biondolillo<\/strong> ha logrado, tras 20 a\u00f1os de trabajo cient\u00edfico, realizar una selecci\u00f3n clonal de cepas de malbec sin manipulaci\u00f3n gen\u00e9tica, y actualmente transfiere esos clones de probada calidad enol\u00f3gica a otros productores interesados en adquirirlos. Luego de la multiplicaci\u00f3n in vitro de los clones de malbec, llega al mercado no s\u00f3lo con las plantas sino tambi\u00e9n con vinos \u00fanicos elaborados con esas uvas.<\/p>\n\n\n\n<p>Biondolillo proclama, y practica, una filosof\u00eda de trabajo orientada a la cooperaci\u00f3n. Entre sus dogmas, sobresale la premisa \u201ccooperar para competir\u201d. Cree fervientemente en \u201cuna industria donde el esfuerzo y los resultados de ese esfuerzo se comparten\u201d.<\/p>\n\n\n\n<p>Instalado en su base cient\u00edfica dentro de la <strong>Finca La Alborada<\/strong>, en Anchoris                                           -donde se encuentran el laboratorio y los invernaderos de crianza de las cepas clonadas-, Biondolillo accedi\u00f3 a esta extensa entrevista con <strong>Enolife<\/strong>, en la que generosamente comparte sus conocimientos y sintetiza sus investigaciones, realizadas durante los \u00faltimas dos d\u00e9cadas.&nbsp;&nbsp; <\/p>\n\n\n\n<p class=\"has-text-color has-vivid-red-color\"><strong>-\u00bfC\u00f3mo fue el inicio de esta investigaci\u00f3n?<\/strong><\/p>\n\n\n\n<p class=\"has-text-color has-very-dark-gray-color\">&#8211;<a>Nace respondiendo a una estrategia empresaria de <strong>Tempus Alba<\/strong> de diferenciarse dentro del mercado, no s\u00f3lo a nivel de producci\u00f3n de uvas de una calidad superior, para que esa calidad se vea reflejada en los vinos, sino tambi\u00e9n en la producci\u00f3n de plantas en s\u00ed misma.<\/a><\/p>\n\n\n\n<p>Nosotros hemos generado\nvarias innovaciones a lo largo del tiempo, y una de ellas es justamente cambiar\nel proceso de producci\u00f3n de las plantas de vid, pasando de ser una actividad s\u00f3lo\nagr\u00edcola, que en consecuencia es clima-dependiente, a una actividad industrial,\nen la que producimos plantas industrialmente bajo condiciones controladas. Empleamos\nuna t\u00e9cnica muy espec\u00edfica, que es la micro propagaci\u00f3n in vitro; esto\nsignifica que no partimos de material le\u00f1oso de poda invernal sino que partimos\nde una yema verde, que se toma a principios de primavera. Esa yema se abre debajo\nde una lupa y de ella se extrae de la parte m\u00e1s sana, que es el meristema, un\ntejido verde que naturalmente est\u00e1 libre de virus. Entonces, partimos de ese\nmaterial sano para luego iniciar un proceso en condiciones totalmente vigiladas\ny as\u00e9pticas, de manera tal que no exista ninguna posibilidad de que el proceso\nse contamine a lo largo de la producci\u00f3n.<\/p>\n\n\n\n<p class=\"has-text-color has-vivid-red-color\"><strong>-\u00bfCu\u00e1l es el\nprocedimiento para obtener estos clones de malbec de alta calidad?<\/strong><\/p>\n\n\n\n<p>-Partimos de la\nimplantaci\u00f3n de un nuevo vi\u00f1edo de dos hect\u00e1reas y media en la zona aleda\u00f1a de\nla bodega, en Coquimbito. All\u00ed se plantaron 8000 plantas u estacas provenientes\nde todas las zonas productivas de Mendoza donde el malbec se hab\u00eda afianzado y destacado\ncomo una variedad de calidad. A partir de esa recolecci\u00f3n de material y de la implantaci\u00f3n\ndel vi\u00f1edo que mencion\u00e9, empezamos a contar con un banco gen\u00e9tico en el cual las\nplantas proven\u00edan no de un solo terru\u00f1o, &nbsp;sino de una colecci\u00f3n de la mayor variedad\nposible de expresiones de malbec, que ya por naturaleza es una variedad\ngen\u00e9ticamente muy rica, de la que existen cientos de clones.<\/p>\n\n\n\n<p>Notamos que lo que se\nconoce en el mercado es la expresi\u00f3n de un malbec promedio, y lo que hicimos\nfue meternos dentro de la variedad y hacer un proceso de selecci\u00f3n clonal.<\/p>\n\n\n\n<p><strong>Este proyecto se inici\u00f3 en el a\u00f1o 2000, y al d\u00eda de hoy ya obtuvimos&nbsp; 16 clones seleccionados.<\/strong> Partimos de ese 8.000 plantas de Coquimbito, de las cuales se seleccionaron 589 plantas que morfol\u00f3gicamente o -como se dice t\u00e9cnicamente- \u201cdesde el punto de vista ampelogr\u00e1fico\u201d, eran unas expresiones muy t\u00edpicas del malbec. <\/p>\n\n\n\n<div style=\"height:39px\" aria-hidden=\"true\" class=\"wp-block-spacer\"><\/div>\n\n\n\n<figure class=\"wp-block-embed-youtube wp-block-embed is-type-video is-provider-youtube wp-embed-aspect-16-9 wp-has-aspect-ratio\"><div class=\"wp-block-embed__wrapper\">\n<iframe loading=\"lazy\" title=\"Aldo Biondolillo: &quot;Primero est\u00e1 la gen\u00e9tica y despu\u00e9s el terroir&quot;\" width=\"1170\" height=\"658\" src=\"https:\/\/www.youtube.com\/embed\/7clqZrfIvcQ?feature=oembed\" frameborder=\"0\" allow=\"accelerometer; autoplay; encrypted-media; gyroscope; picture-in-picture\" allowfullscreen><\/iframe>\n<\/div><\/figure>\n\n\n\n<div style=\"height:35px\" aria-hidden=\"true\" class=\"wp-block-spacer\"><\/div>\n\n\n\n<p class=\"has-text-color has-vivid-red-color\"><strong>-\u00bfC\u00f3mo y cu\u00e1ndo se traslada la experiencia a los vi\u00f1edos y al laboratorio de Anchoris?<\/strong><\/p>\n\n\n\n<p>-Las plantas fueron implantadas\na repetici\u00f3n en Anchoris, con la intenci\u00f3n de tener mucho m\u00e1s material\ndisponible, hileras completas del mismo clon a partir del cual volver al inicio\ndel procedimiento, haciendo una nueva selecci\u00f3n visual pero adem\u00e1s sumando una\nbater\u00eda de an\u00e1lisis f\u00edsicos, qu\u00edmicos y catas de uvas con proyecci\u00f3n al vino.<\/p>\n\n\n\n<p>De cada cabeza de clon que estaba en proceso de evaluaci\u00f3n se hicieron microvinificaciones -vinificaciones en peque\u00f1o volumen- y, con esos resultados y el resto de las observaciones que ven\u00edamos ya realizando, concluimos <strong>al cabo de 15 a\u00f1os con 16 clones<\/strong> de probada calidad enol\u00f3gica superior. De los 16 clones seleccionados se extrajo el patr\u00f3n gen\u00e9tico y se identific\u00f3 su ADN, con toda la descripci\u00f3n ampelogr\u00e1fica. Esto nos permite registrarlos y, en algunos casos, patentarlos para usarlos con exclusividad\u2026 Pero nosotros, para ser consistentes con nuestra creencia en la cooperaci\u00f3n, en vez de patentar estos clones y patentar los resultados, preferimos abrirlo a la comunidad vitivin\u00edcola, a la industria, para en cierta forma facilitar la transferencia de nuestro conocimiento al resto de los productores. <\/p>\n\n\n\n<div style=\"height:20px\" aria-hidden=\"true\" class=\"wp-block-spacer\"><\/div>\n\n\n\n<p style=\"background-color:#6b0a11\" class=\"has-text-color has-background has-very-light-gray-color\"><strong>-\u00bfEn qu\u00e9 punto est\u00e1 el desarrollo del proyecto cient\u00edfico, y c\u00f3mo se hace sostenible econ\u00f3micamente?<\/strong><br><br>-Nosotros ya pasamos de la etapa de evaluaci\u00f3n y selecci\u00f3n clonal a la transferencia de clones seleccionados de probada calidad enol\u00f3gica superior, y somos pioneros en el desarrollo innovador de haber concebido una nueva categor\u00eda de vino a nivel global: un blend de clones de malbec, single vineyard. Antes de vender nuestra gen\u00e9tica le damos a degustar al comprador un vino terminado como muestra de la calidad que puede esperar de su vi\u00f1edo.<\/p>\n\n\n\n<div style=\"height:20px\" aria-hidden=\"true\" class=\"wp-block-spacer\"><\/div>\n\n\n\n<p class=\"has-text-color has-vivid-red-color\">&#8211;<strong>\u00bfHan tenido apoyo del Estado o de otras instituciones para llevar adelante el proyecto?<\/strong><\/p>\n\n\n\n<p class=\"has-text-color has-very-dark-gray-color\">Cuando reci\u00e9n habl\u00e9 de \u201cprobada\u201d calidad, no lo digo desde Tempus Alba, sino desde un trabajo interdisciplinario y multiinstitucional, porque todo lo pudimos hacer gracias a un subsidio que fuimos recibiendo del <strong>Ministerio de Ciencia, Tecnolog\u00eda e Innovaci\u00f3n de la Naci\u00f3n<\/strong>, a trav\u00e9s de tres proyectos Fontar (<strong>Fondo Tecnol\u00f3gico Argentino<\/strong>), lo que nos ha permitido realizar un trabajo innovador y a escala comercial.<\/p>\n\n\n\n<p class=\"has-text-color has-vivid-red-color\"><strong>-\u00bfDe qu\u00e9 manera funcionan esos subsidios, c\u00f3mo se accede?<\/strong><\/p>\n\n\n\n<p>-El subsidio baja de la Naci\u00f3n a la provincia y a la empresa; se inicia en el Ministerio de Ciencia y Tecnolog\u00eda, que tiene una Agencia Nacional de Promoci\u00f3n Cient\u00edfica y T\u00e9cnica, la que dispone de recursos y fondos espec\u00edficos para promocionar la investigaci\u00f3n y el desarrollo de la innovaci\u00f3n. Para acceder a esos recursos, las empresas deben presentar un proyecto, que es evaluado. Nosotros logramos concretar tres proyectos con ese fondo, que se fueron escalando en el tiempo. Tambi\u00e9n logramos un proyecto con otro fondo llamado Fonarsec, el cual nos permiti\u00f3 convertir el proyecto de la escala piloto a&nbsp; la comercial. <\/p>\n\n\n\n<p class=\"has-text-color has-vivid-red-color\"><strong>-\u00bfC\u00f3mo vivi\u00f3 la\nexperiencia de trabajar en el \u00e1mbito privado con fondos p\u00fablicos? \u00bfFue fruct\u00edfera\nesa integraci\u00f3n entre las dos partes?<\/strong><\/p>\n\n\n\n<p>-Esa es justamente nuestra l\u00ednea de trabajo. Creo que la fortaleza est\u00e1 en trabajar con esta base p\u00fablico-privada, porque los resultados de la empresa no s\u00f3lo son evaluados internamente sino que deben pasar por un proceso de evaluaci\u00f3n dentro del mismo Ministerio. Yo soy un defensor del trabajo p\u00fablico-privado, y este proyecto lo hicimos en asociaci\u00f3n con el Estado, cofinanciando entre ambos, otorg\u00e1ndole as\u00ed una mayor validaci\u00f3n a todo el proceso, porque con los recursos que recibimos del Ministerio contratamos profesionales especialistas que avalaron la \u201cprobada calidad\u201d de la que hablamos, ya que ellos lo certifican como expertos y no defendiendo un inter\u00e9s comercial. Es eso justamente lo que nos permite garantizar una mayor calidad enol\u00f3gica. <\/p>\n\n\n\n<div style=\"height:20px\" aria-hidden=\"true\" class=\"wp-block-spacer\"><\/div>\n\n\n\n<blockquote class=\"wp-block-quote is-layout-flow wp-block-quote-is-layout-flow\"><p>\u00abInsisto en algo: nuestra filosof\u00eda de trabajo est\u00e1 orientada mucho a la cooperaci\u00f3n; nosotros tenemos entre nuestros dogmas una premisa que dice \u201ccooperar para competir\u201d, y creemos fervientemente en eso, en una industria donde el resultado del esfuerzo se comparten\u00bb<\/p><\/blockquote>\n\n\n\n<div style=\"height:38px\" aria-hidden=\"true\" class=\"wp-block-spacer\"><\/div>\n\n\n\n<p class=\"has-background has-light-green-cyan-background-color\"><strong>Una empresa familiar con m\u00e1s de 100 a\u00f1os de historia<\/strong><br><br>Con orgullo, Biondolillo cuenta que Tempus Alba es \u201cnetamente una empresa familiar, una peque\u00f1a bodega con m\u00e1s de cien a\u00f1os de historia, iniciada por mis abuelos y los de mi esposa\u201d. \u201cCon el nombre actual \u2013aclara-, el proyecto es nuevo y est\u00e1 en manos de nuestra familia directa, de mi esposa y nuestros tres hijos, cada uno en su especialidad. <br><br>Y detalla el productor e investigador: \u201cLa finca original est\u00e1 en Carrodilla; en Tupungato, en la zona de La Arboleda, tenemos la Finca San Antonio, de la familia de mi esposa; y en Anchoris, la Finca La Alborada, que nace con el proyecto del que venimos hablando\u201d.<br><br>\u201cNos diferenciamos -resume- por la apuesta a la innovaci\u00f3n y a la generaci\u00f3n de conocimientos, que es la base de nuestra estrategia empresaria; eso nos permiti\u00f3 transitar el per\u00edodo de poscrisis terminal que vivi\u00f3 la industria en los a\u00f1os \u201980, transitar los a\u00f1os dif\u00edciles con una propuesta basada en la diferenciaci\u00f3n del producto y en el desarrollo de una tecnolog\u00eda \u00fanica\u201d. <\/p>\n\n\n\n<div style=\"height:39px\" aria-hidden=\"true\" class=\"wp-block-spacer\"><\/div>\n\n\n\n<p class=\"has-medium-font-size\"><strong>\u201cNo hacemos cosas raras\u201d<\/strong><\/p>\n\n\n\n<blockquote class=\"wp-block-quote has-text-align-center is-layout-flow wp-block-quote-is-layout-flow\"><p><strong><em>\u00abNo<\/em><\/strong><em><strong>sotros lo que hacemos es acelerar el proceso de la naturaleza, porque lo que a la naturaleza le lleva cien a\u00f1os nosotros lo hemos hecho en diez a\u00f1os<\/strong><\/em>\u00ab<\/p><\/blockquote>\n\n\n\n<div style=\"height:20px\" aria-hidden=\"true\" class=\"wp-block-spacer\"><\/div>\n\n\n\n<p class=\"has-text-color has-vivid-red-color\"><strong>-\u00bfSus investigaciones incluyen el uso de t\u00e9cnicas de ingenier\u00eda gen\u00e9tica para modificar la gen\u00e9tica de la planta?<\/strong><\/p>\n\n\n\n<p>-No, ac\u00e1 no hay ning\u00fan tipo de manipulaci\u00f3n gen\u00e9tica; eso lo remarcamos, as\u00ed que le agradezco la pregunta, porque a veces cuando uno habla de clonaci\u00f3n inmediatamente la gente piensa que estamos haciendo cosas raras. La verdad es que utilizar t\u00e9cnicas de ingenier\u00eda gen\u00e9tica para intentar mejorar la gen\u00e9tica de la planta mediante la incorporaci\u00f3n de un gen resistente a alg\u00fan factor adverso, puede tener consecuencias que no se sabe en qu\u00e9 puede terminar\u2026 Hay investigaciones al respecto, todos los pa\u00edses vitivin\u00edcolas lo est\u00e1n haciendo en silencio, no lo dicen abiertamente pero en todo el mundo est\u00e1n trabajando para incorporar resistencia a la sequ\u00eda o a plagas\u2026 Pero no es nuestro caso: <strong>nosotros lo que hacemos es acelerar el proceso de la naturaleza, porque lo que a la naturaleza le lleva cien a\u00f1os nosotros lo hemos hecho en diez a\u00f1os.<\/strong><\/p>\n\n\n\n<div style=\"height:21px\" aria-hidden=\"true\" class=\"wp-block-spacer\"><\/div>\n\n\n\n<figure class=\"wp-block-embed-youtube alignleft wp-block-embed is-type-video is-provider-youtube wp-embed-aspect-16-9 wp-has-aspect-ratio\"><div class=\"wp-block-embed__wrapper\">\n<iframe loading=\"lazy\" title=\"Tim Atkin: &quot;El Malbec sigue teniendo un gran futuro&quot;\" width=\"1170\" height=\"658\" src=\"https:\/\/www.youtube.com\/embed\/17eEVhjm1q4?feature=oembed\" frameborder=\"0\" allow=\"accelerometer; autoplay; encrypted-media; gyroscope; picture-in-picture\" allowfullscreen><\/iframe>\n<\/div><\/figure>\n\n\n\n<p class=\"has-background has-very-light-gray-background-color\"><strong>La inagotable riqueza del malbec<\/strong><br><br>El \u00abMaster of Wine\u00bb, periodista, locutor, comentarista, catador y juez de concursos internacionales ingl\u00e9s<strong> Tim Atkin<\/strong> se refiere a los vinos elaborados con clones de malbec por Aldo Biondolillo. El video fue realizado por la revista digital <strong>estrategiasymercados.com<\/strong> -conducida period\u00edsticamente por los colegas <strong>Marcelo Bustos Herrera<\/strong> y <strong>Pablo P\u00e9rez Delgado<\/strong>, a quienes agradecemos- y resulta de inter\u00e9s insertarlo en este punto de nuestra entrevista.<\/p>\n\n\n\n<div style=\"height:33px\" aria-hidden=\"true\" class=\"wp-block-spacer\"><\/div>\n\n\n\n<p class=\"has-text-color has-vivid-red-color\"><strong>-Cuando un consumidor\ncompra un vino de Tempus Alba hecho con una cepa clonada, \u00bfqu\u00e9 diferencias\npuede encontrar con otros vinos? \u00bfC\u00f3mo se traduce el trabajo cient\u00edfico sobre\nlas plantas en el producto final?<\/strong><\/p>\n\n\n\n<div style=\"height:20px\" aria-hidden=\"true\" class=\"wp-block-spacer\"><\/div>\n\n\n\n<div class=\"wp-block-image\"><figure class=\"alignleft size-large is-resized\"><img loading=\"lazy\" decoding=\"async\" src=\"https:\/\/enolife.com.ar\/es\/wp-content\/uploads\/2020\/01\/image-16.png\" alt=\"\" class=\"wp-image-6358\" width=\"501\" height=\"319\"\/><\/figure><\/div>\n\n\n\n<p>-Hay dos formas de poder llevar a la mesa o a la copa el resultado de este trabajo. Uno, es nuestro vino \u00edcono <strong>\u201cTempus Alba Vero Malbec\u201d, <\/strong>que nace luego de que obtuvimos los primeros clones seleccionados para la producci\u00f3n y la identificaci\u00f3n. A la palabra \u201cvero\u201d (verdadero) la heredamos de nuestros ancestros italianos, y es ambiciosa en el sentido de que buscamos representar con ella al verdadero malbec, seleccionar lo mejor de la cepa, y para nosotros constituye un salto cualitativo que se puede apreciar en la copa.<\/p>\n\n\n\n<p>La otra forma de acceder al producto es a trav\u00e9s de los vinos de un c\u00edrculo -como los de los planes de ahorro- que hemos conformado, el <strong>C\u00edrculo Malbec Plural;<\/strong> es un grupo de 16 bodegas y 2 m\u00e1s que se est\u00e1n por incorporar, en el que hemos extrapolado a la parte comercial la filosof\u00eda de cooperar para competir. A cada miembro del C\u00edrculo no se lo obliga a nada sino s\u00f3lo a devolver informaci\u00f3n sobre c\u00f3mo se est\u00e1n desarrollando esos clones implantados en su terru\u00f1o. Hay terru\u00f1os -o terroirs- de Salta, de C\u00f3rdoba, de Buenos aires\u2026 De esta forma, tambi\u00e9n estamos haciendo un seguimiento y una medici\u00f3n exhaustiva de la interacci\u00f3n gen\u00e9tica-terroir, con el prop\u00f3sito de ordenar la discusi\u00f3n sobre el terroir, porque ac\u00e1 parece que el que no est\u00e1 en un determinado terroir no existe, y no es as\u00ed\u2026 Para m\u00ed, primero est\u00e1 la gen\u00e9tica y despu\u00e9s el terroir.<\/p>\n\n\n\n<p>Entonces, de esa interacci\u00f3n gen\u00e9tica-terroir nosotros estamos discerniendo qu\u00e9 parte de la calidad es atribuible a la gen\u00e9tica y qu\u00e9 parte al terroir. Esto puede gustar o no: en general, como en muchas cosas, la biblioteca est\u00e1 dividida cincuenta por ciento de cada lado. En Europa, en Francia , Italia o Espa\u00f1a, al tener mil a\u00f1os de vitivinicultura, la gen\u00e9tica ya es parte del terroir\u2026 Pero ac\u00e1 no, porque estamos desarroll\u00e1ndonos\u2026 En el Viejo Mundo, lo m\u00e1s valioso que tienen son los terru\u00f1os y las Denominaciones de Origen.<\/p>\n\n\n\n<p>Pero volviendo al tema del C\u00edrculo que hemos conformado, ya tenemos una marca, \u201cMalbec Plural\u201d, y los primeros vinos con esa marca son los de nuestros vi\u00f1edos. \u201cMalbec Plural\u201d es el vino del C\u00edrculo, pero no se obliga a ning\u00fan miembro a comercializarlo usando esa marca. Es una opci\u00f3n comercial, pero al identificarla en com\u00fan puede generar sinergia.<\/p>\n\n\n\n<p>Algunos de los miembros del C\u00edrculo son Alejandro Nesman y Valeria Antol\u00edn, de <strong>Bodega Piattelli<\/strong>; Michel Rolland y Marcos Etchart, de <strong>Bodega San Pedro de Yacochuya<\/strong>; Susana Balbo y Edgardo del P\u00f3polo, de <strong>Susana Balbo Wines<\/strong>; Roberto de la Mota y Luis Perocco, de <strong>Mendel Wines<\/strong> y Ramiro Balliro, de <strong>Bodega Diamandes<\/strong>.<\/p>\n\n\n\n<div style=\"height:20px\" aria-hidden=\"true\" class=\"wp-block-spacer\"><\/div>\n\n\n\n<p class=\"has-medium-font-size\"><strong>Un protocolo de elaboraci\u00f3n \u00fanico para un Malbec Plural<\/strong><\/p>\n\n\n\n<div style=\"height:20px\" aria-hidden=\"true\" class=\"wp-block-spacer\"><\/div>\n\n\n\n<p class=\"has-text-color has-vivid-red-color\"><strong>-\u00bfC\u00f3mo se produce ese\nvino del c\u00edrculo en cada bodega?<\/strong><\/p>\n\n\n\n<div class=\"wp-block-image\"><figure class=\"alignleft size-large is-resized\"><img loading=\"lazy\" decoding=\"async\" src=\"https:\/\/enolife.com.ar\/es\/wp-content\/uploads\/2020\/01\/image-21-323x1024.png\" alt=\"\" class=\"wp-image-6462\" width=\"86\" height=\"273\" srcset=\"https:\/\/enolife.com.ar\/es\/wp-content\/uploads\/2020\/01\/image-21-323x1024.png 323w, https:\/\/enolife.com.ar\/es\/wp-content\/uploads\/2020\/01\/image-21-95x300.png 95w, https:\/\/enolife.com.ar\/es\/wp-content\/uploads\/2020\/01\/image-21.png 379w\" sizes=\"auto, (max-width: 86px) 100vw, 86px\" \/><\/figure><\/div>\n\n\n\n<p>-Se produce con el mismo clon implantado en cada diferente terru\u00f1o, justamente para buscar esas diferencias, pero eso s\u00ed, se hace con un mismo protocolo de manejo de vi\u00f1edo, para que todas las vinificaciones se hagan en igualdad de condiciones. Dentro de este esquema de trabajo, hay en\u00f3logos que tambi\u00e9n hacen los vinos con el mismo clon pero con su propio aporte enol\u00f3gico\u2026 Entonces, la \u201cpluralidad\u201d viene de todos lados. El de nuestra bodega ser\u00e1 el primer \u201cPlural\u201d porque nuestros vi\u00f1edos est\u00e1n m\u00e1s avanzados, pero la puerta est\u00e1 abierta a que otros integrantes del c\u00edrculo elaboren otro \u201cPlural\u201d, que va a tener la misma etiqueta comercial con su identificaci\u00f3n, su identidad como marca y empresa y su terru\u00f1o expresado tambi\u00e9n en la etiqueta. Entonces, estamos haciendo una colecci\u00f3n de vinos \u201csingulares\u201d que conforman el concepto del malbec plural.<\/p>\n\n\n\n<p class=\"has-text-color has-vivid-red-color\"><strong>-\u00bfQu\u00e9 otras ventajas o r\u00e9ditos tiene pertenecer al c\u00edrculo de bodegas \u00abMalbec Plural\u201d?<\/strong><\/p>\n\n\n\n<div class=\"wp-block-image\"><figure class=\"alignright size-large is-resized\"><img loading=\"lazy\" decoding=\"async\" src=\"https:\/\/enolife.com.ar\/es\/wp-content\/uploads\/2020\/01\/image-19-874x1024.png\" alt=\"\" class=\"wp-image-6459\" width=\"305\" height=\"357\" srcset=\"https:\/\/enolife.com.ar\/es\/wp-content\/uploads\/2020\/01\/image-19-874x1024.png 874w, https:\/\/enolife.com.ar\/es\/wp-content\/uploads\/2020\/01\/image-19-256x300.png 256w, https:\/\/enolife.com.ar\/es\/wp-content\/uploads\/2020\/01\/image-19-768x900.png 768w, https:\/\/enolife.com.ar\/es\/wp-content\/uploads\/2020\/01\/image-19-585x686.png 585w, https:\/\/enolife.com.ar\/es\/wp-content\/uploads\/2020\/01\/image-19.png 1092w\" sizes=\"auto, (max-width: 305px) 100vw, 305px\" \/><\/figure><\/div>\n\n\n\n<p>-Estamos compartiendo informaci\u00f3n, lo que tal vez sea lo m\u00e1s valioso. Porque los datos y experiencias que vengan, por ejemplo de Cafayate, no los guardamos para Tempus Alba, sino que los ponemos a disposici\u00f3n del c\u00edrculo en una base de datos com\u00fan. Pero esto no tiene techo, porque al disponer de 16 clones, que cualquiera en el c\u00edrculo puede utilizar o incorporar a su bodega o a su corte en distintas proporciones, las posibles expresiones ya son miles, y si uno realiza cortes de clones de distintos terru\u00f1os, las posibilidades se multiplican en progresi\u00f3n geom\u00e9trica, son infinitas. Todo eso, llevado a una botella y a una etiqueta, enriquece a la industria. <\/p>\n\n\n\n<p class=\"has-text-color has-vivid-red-color\"><strong>-A prop\u00f3sito, \u00bfqu\u00e9 valores agregados necesita la industria para salir de la meseta en que se encuentra por la baja del consumo de vino en las \u00faltimas d\u00e9cadas?<\/strong><\/p>\n\n\n\n<p>-Nosotros estamos muy\ncomprometidos con ser una parte activa en la reconversi\u00f3n que todav\u00eda necesita\nla industria, especialmente en el Este mendocino, una zona que ha quedado rezagada\ncon respecto a otras\u2026 En el Este se pueden hacer cosas interesant\u00edsimas,\nsiempre y cuando uno se plantee una vitivinicultura mirada no desde un solo\nlugar sino desde las cinco subcadenas que considero que tiene la industria: la\nprimera ser\u00eda la de los vinos embotellados, tanto para el mercado dom\u00e9stico\ncomo para la exportaci\u00f3n, en todos los segmentos de precio; luego tenemos el\nvino a granel, con idea de explorar y explotar el gran potencial que tiene la\nexportaci\u00f3n a granel; despu\u00e9s el segmento del mosto concentrado, en el que hay\nhay convenios entre Mendoza y San Juan para destinar parte de&nbsp; la uva a mosto y as\u00ed suavizar el impacto de\nla sobreproducci\u00f3n; a continuaci\u00f3n pongo el sector de la pasa uva, que para el Este\nes una alternativa muy interesante; y finalmente la uva de mesa. A estas 5\nsubcadenas yo le agrego el enoturismo, que es lo que va a motorizar y\ntraccionar a la industria, especialmente cuando el pa\u00eds ofrezca una mayor estabilidad.\nHoy, sin embargo, en este terreno del turismo receptor estamos siendo\ncompetitivos, por el tipo de cambio favorable, pero cuando el d\u00f3lar esta\nsubvaluado es imposible dedicarse al turismo.<\/p>\n\n\n\n<p class=\"has-text-color has-vivid-red-color\"><strong>-\u00bfCu\u00e1l es el aporte del c\u00edrculo, de su empresa y de\nsus investigaciones a esta industria en crisis?<\/strong><\/p>\n\n\n\n<p>-\u00bfCu\u00e1l es el aporte nuestro? Fortalecer al productor con la gen\u00e9tica. E el sentido del c\u00edrculo es facilitar la transferencia de conocimientos y tecnolog\u00eda para que un productor del Este, por ejemplo, pueda cambiar 5 o 10 hect\u00e1reas improductivas o no rentables por 5 hect\u00e1reas de alta productividad y de calidad incluso exportable, para que de su actividad un recurso rentable y digno. Con ese objetivo, tambi\u00e9n estamos hablando con algunos viveros para darle m\u00e1s escala a nuestro trabajo sin perder la identidad y la trazabilidad. Parte del compromiso asumido con el Ministerio de Ciencia y Tecnolog\u00eda fue que este emprendimiento, al final del proyecto, tendr\u00e1 que tener su propia raz\u00f3n social, independizarse de Tempus Alba y ser econ\u00f3micamente autosustentable. Justo ahora estamos en esa etapa, registrando esta nueva empresa de bases tecnol\u00f3gicas, con la que queremos cada vez m\u00e1s identificarnos con el concepto de caba\u00f1a vit\u00edcola, antes que de vivero vit\u00edcola. La diferencia es que \u201ccaba\u00f1a\u201d nos representa m\u00e1s, en el sentido en que nosotros somos vendedores de gen\u00e9tica mas que de plantas, y hoy por eso los viveros pueden ser aliados nuestros, siempre y cuando el vivero maneje el material en condiciones pautadas por las dos partes.<\/p>\n\n\n\n<div style=\"height:35px\" aria-hidden=\"true\" class=\"wp-block-spacer\"><\/div>\n\n\n\n<div class=\"wp-block-image\"><figure class=\"alignright size-large is-resized\"><img loading=\"lazy\" decoding=\"async\" src=\"https:\/\/enolife.com.ar\/es\/wp-content\/uploads\/2020\/01\/image-13.png\" alt=\"\" class=\"wp-image-6350\" width=\"219\" height=\"328\" srcset=\"https:\/\/enolife.com.ar\/es\/wp-content\/uploads\/2020\/01\/image-13.png 682w, https:\/\/enolife.com.ar\/es\/wp-content\/uploads\/2020\/01\/image-13-200x300.png 200w, https:\/\/enolife.com.ar\/es\/wp-content\/uploads\/2020\/01\/image-13-585x878.png 585w\" sizes=\"auto, (max-width: 219px) 100vw, 219px\" \/><\/figure><\/div>\n\n\n\n<p class=\"has-background has-light-green-cyan-background-color\"><strong>De la tierra al laboratorio, de la pl\u00e1ntula al surco<\/strong><br><br>Biondolillo conduce personalmente todo el proceso de desarrollo de las plantas de malbec clonales. En su finca La Alborada, de Anchoris, Tupungato, ha construido y equipado un laboratorio especiel climatizado para \u201ccriar\u201d los vegetales. As\u00ed nos explica todo el proceso:<br><br>\u201cPara obtener una planta clonada lista para llevar al vi\u00f1edo, todo el proceso lleva en total 18 meses. Primero, para realizar la multiplicaci\u00f3n en s\u00ed misma, hacen falta 45 d\u00edas en el laboratorio. Ese ciclo de 45 d\u00edas se repite todas las veces que sea necesario, hasta tener el n\u00famero final de plantas buscado. Y luego comienza la fase de rusticaci\u00f3n, que tiene dos etapas. La primera es la rusticaci\u00f3n que se hace en el laboratorio, y la segunda es la que se hace en el invern\u00e1culo o invernadero. El t\u00e9rmino rusticaci\u00f3n alude a que la planta debe hacerse m\u00e1s fuerte, m\u00e1s r\u00fastica, irse adaptando al ambiente.<br><br>\u201cEsa planta reci\u00e9n va a ir a campo 20 o 22 meses despu\u00e9s. Por ejemplo, las plantas desarrolladas en noviembre de 2019 reci\u00e9n se implantar\u00e1n en octubre o noviembre del 2020, porque ser\u00eda muy arriesgado llevarla al campo antes, arriesg\u00e1ndose a una helada tard\u00eda\u2026 Cuando ya empieza la parte del a\u00f1o libre de heladas, se puede llevar al campo con tranquilidad, y para ese momento ya pasaron dos inviernos. Para dar el fruto, son 3 a\u00f1os, como siempre. Pero con las pl\u00e1ntulas criadas in vitro, puede haber cierta precocidad, si se toma en cuenta que pasaron dos a\u00f1os de su vida en invern\u00e1culo y entran en producci\u00f3n tras estar dos a\u00f1os en la tierra\u201d.<br><br>Dentro de todo este proceso hay numerosos detalles y varios secretos que Biondolillo comparte: \u201cSiempre recomendamos a los adherentes al c\u00edrculo plantar plantas en maceta, no en barbados, pero en algunos casos, cuando la distancia a transportar la planta es demasiado grande, por ejemplo de Mendoza a Salta, enviarlas en maceta encarece mucho el flete, y en ese caso ser\u00eda recomendable mandarlas en barbados\u00bb.<br><br>Y nos detalla tambi\u00e9n los problemas que pueden sufrir las pl\u00e1ntulas: \u201cAc\u00e1 hay una muestra de lo que fue un mal transplante -dice mientras levanta una de las miles de macetitas ordenadas en fila dentro de su invern\u00e1culo-; en este sector tenemos un 80 o 90 por ciento de fallas, con p\u00e9rdidas grand\u00edsimas, por distintos factores\u2026 En esta etapa de traslado de las pl\u00e1ntulas al invernadero hay que mantenerlas y vigilarlas con muchos cuidados\u2026 pero cuando ves que la planta tira hojitas nuevas, es porque ya est\u00e1 bien\u201d.<\/p>\n\n\n\n<div style=\"height:20px\" aria-hidden=\"true\" class=\"wp-block-spacer\"><\/div>\n\n\n\n<figure class=\"wp-block-gallery columns-3 is-cropped wp-block-gallery-1 is-layout-flex wp-block-gallery-is-layout-flex\"><ul class=\"blocks-gallery-grid\"><li class=\"blocks-gallery-item\"><figure><img loading=\"lazy\" decoding=\"async\" width=\"864\" height=\"577\" src=\"https:\/\/enolife.com.ar\/es\/wp-content\/uploads\/2020\/01\/lab-2.jpg\" alt=\"\" data-id=\"6363\" class=\"wp-image-6363\" srcset=\"https:\/\/enolife.com.ar\/es\/wp-content\/uploads\/2020\/01\/lab-2.jpg 864w, https:\/\/enolife.com.ar\/es\/wp-content\/uploads\/2020\/01\/lab-2-300x200.jpg 300w, https:\/\/enolife.com.ar\/es\/wp-content\/uploads\/2020\/01\/lab-2-768x513.jpg 768w, https:\/\/enolife.com.ar\/es\/wp-content\/uploads\/2020\/01\/lab-2-585x391.jpg 585w\" sizes=\"auto, (max-width: 864px) 100vw, 864px\" \/><\/figure><\/li><li class=\"blocks-gallery-item\"><figure><img loading=\"lazy\" decoding=\"async\" width=\"718\" height=\"500\" src=\"https:\/\/enolife.com.ar\/es\/wp-content\/uploads\/2020\/01\/laboratorio.jpg\" alt=\"\" data-id=\"6364\" class=\"wp-image-6364\" srcset=\"https:\/\/enolife.com.ar\/es\/wp-content\/uploads\/2020\/01\/laboratorio.jpg 718w, https:\/\/enolife.com.ar\/es\/wp-content\/uploads\/2020\/01\/laboratorio-300x209.jpg 300w, https:\/\/enolife.com.ar\/es\/wp-content\/uploads\/2020\/01\/laboratorio-585x407.jpg 585w\" sizes=\"auto, (max-width: 718px) 100vw, 718px\" \/><\/figure><\/li><li class=\"blocks-gallery-item\"><figure><img loading=\"lazy\" decoding=\"async\" width=\"845\" height=\"575\" src=\"https:\/\/enolife.com.ar\/es\/wp-content\/uploads\/2020\/01\/plantas-1.jpg\" alt=\"\" data-id=\"6365\" class=\"wp-image-6365\" srcset=\"https:\/\/enolife.com.ar\/es\/wp-content\/uploads\/2020\/01\/plantas-1.jpg 845w, https:\/\/enolife.com.ar\/es\/wp-content\/uploads\/2020\/01\/plantas-1-300x204.jpg 300w, https:\/\/enolife.com.ar\/es\/wp-content\/uploads\/2020\/01\/plantas-1-768x523.jpg 768w, https:\/\/enolife.com.ar\/es\/wp-content\/uploads\/2020\/01\/plantas-1-585x398.jpg 585w\" sizes=\"auto, (max-width: 845px) 100vw, 845px\" \/><\/figure><\/li><li class=\"blocks-gallery-item\"><figure><img loading=\"lazy\" decoding=\"async\" width=\"1024\" height=\"907\" src=\"https:\/\/enolife.com.ar\/es\/wp-content\/uploads\/2020\/01\/20191120_131225-1-1024x907.jpg\" alt=\"\" data-id=\"6377\" class=\"wp-image-6377\" srcset=\"https:\/\/enolife.com.ar\/es\/wp-content\/uploads\/2020\/01\/20191120_131225-1-1024x907.jpg 1024w, https:\/\/enolife.com.ar\/es\/wp-content\/uploads\/2020\/01\/20191120_131225-1-300x266.jpg 300w, https:\/\/enolife.com.ar\/es\/wp-content\/uploads\/2020\/01\/20191120_131225-1-768x681.jpg 768w, https:\/\/enolife.com.ar\/es\/wp-content\/uploads\/2020\/01\/20191120_131225-1-1536x1361.jpg 1536w, https:\/\/enolife.com.ar\/es\/wp-content\/uploads\/2020\/01\/20191120_131225-1-2048x1815.jpg 2048w, https:\/\/enolife.com.ar\/es\/wp-content\/uploads\/2020\/01\/20191120_131225-1-1170x1037.jpg 1170w, https:\/\/enolife.com.ar\/es\/wp-content\/uploads\/2020\/01\/20191120_131225-1-585x518.jpg 585w\" sizes=\"auto, (max-width: 1024px) 100vw, 1024px\" \/><\/figure><\/li><li class=\"blocks-gallery-item\"><figure><img loading=\"lazy\" decoding=\"async\" width=\"1024\" height=\"576\" src=\"https:\/\/enolife.com.ar\/es\/wp-content\/uploads\/2020\/01\/20191120_123252-1024x576.jpg\" alt=\"\" data-id=\"6367\" class=\"wp-image-6367\" srcset=\"https:\/\/enolife.com.ar\/es\/wp-content\/uploads\/2020\/01\/20191120_123252-1024x576.jpg 1024w, https:\/\/enolife.com.ar\/es\/wp-content\/uploads\/2020\/01\/20191120_123252-300x169.jpg 300w, https:\/\/enolife.com.ar\/es\/wp-content\/uploads\/2020\/01\/20191120_123252-768x432.jpg 768w, https:\/\/enolife.com.ar\/es\/wp-content\/uploads\/2020\/01\/20191120_123252-1536x864.jpg 1536w, https:\/\/enolife.com.ar\/es\/wp-content\/uploads\/2020\/01\/20191120_123252-2048x1152.jpg 2048w, https:\/\/enolife.com.ar\/es\/wp-content\/uploads\/2020\/01\/20191120_123252-1170x658.jpg 1170w, https:\/\/enolife.com.ar\/es\/wp-content\/uploads\/2020\/01\/20191120_123252-585x329.jpg 585w\" sizes=\"auto, (max-width: 1024px) 100vw, 1024px\" \/><\/figure><\/li><\/ul><\/figure>\n\n\n\n<p class=\"has-text-color has-vivid-red-color\"><strong>-\u00bfLe preocupa el cambio clim\u00e1tico? \u00bfC\u00f3mo nos afecta en Argentina y en Mendoza?<\/strong><\/p>\n\n\n\n<p>-Al igual que en otras latitudes del mundo donde se cultiva la vid, en Argentina tambi\u00e9n el cambio clim\u00e1tico ya est\u00e1 instalado en nuestra vitivinicultura, y se manifiesta en dos niveles distintos. Por un lado, con una menor precipitaci\u00f3n de nieve en la cordillera, lo cual despu\u00e9s se traduce en una menor disponibilidad de agua para riego, algo que aqu\u00ed vivimos con varios a\u00f1os de crisis h\u00eddrica. Y por otro lado, con veranos mucho m\u00e1s h\u00famedos y lluviosos, que generan condiciones m\u00e1s propicias para el desarrollo de enfermedades de hongos y otras plagas, lo cual termina afectando la producci\u00f3n de uva tanto en la magnitud de la cosecha como en la calidad de la uva. <\/p>\n\n\n\n<p class=\"has-text-color has-vivid-red-color\"><strong>-\u00bfY c\u00f3mo se preparan ustedes para enfrentar este cambio clim\u00e1tico? \u00bfA eso apunta el trabajo de selecci\u00f3n clonal y la transferencia de los clones a productores que los implantan en sus diferentes terru\u00f1os?<\/strong><\/p>\n\n\n\n<p>-A manera de s\u00edntesis, puedo decir que a trav\u00e9s de nuestra transferencia de los clones seleccionados de malbec a productores de distintas zonas vitivin\u00edcolas del pa\u00eds, a zonas con distintas condiciones agroecol\u00f3gicas, podemos evaluar la interacci\u00f3n entre gen\u00e9tica y terroir, y esto a su vez nos permite definir una estrategia de optimizaci\u00f3n de la calidad del malbec, para as\u00ed conocer anticipadamente c\u00f3mo la calidad de nuestra variedad emblem\u00e1tica est\u00e1 respondiendo a esas nuevas latitudes y altitudes. Con esos datos, finalmente podr\u00edamos diagramar una estrategia con respecto a hacia d\u00f3nde deber\u00edan moverse los cultivos en el caso extremo de que el cambio clim\u00e1tico forzara al desplazamiento geogr\u00e1fico del malbec. <\/p>\n\n\n\n<div style=\"height:20px\" aria-hidden=\"true\" class=\"wp-block-spacer\"><\/div>\n\n\n\n<p class=\"has-text-color has-vivid-red-color\"><strong>-\u00bfC\u00f3mo se traduce el mejoramiento de la calidad de\nlas plantas en la producci\u00f3n de uva?<\/strong><\/p>\n\n\n\n<p>-Uno de los objetivos que\nbuscamos es lograr una mayor produci\u00f3n de uva por planta y por hect\u00e1rea, y con\nuna calidad sobresaliente. De esa forma, le estamos dando al productor una\nposibilidad de negociar mejor su uva, si es que \u00e9l tiene&nbsp; que venderla a una bodega, o le estamos dando\na la bodega que planta algunos de nuestros clones la posibilidad de levantar el\nnivel de calidad, y con mayor rendimiento por hect\u00e1rea. Esto se logr\u00f3 gracias a\nque en el proceso de selecci\u00f3n dejamos afuera a todas las plantas que ten\u00edan\nmuy baja fertilidad de flores\u2026 Es que una variedad como el malbec est\u00e1 muy\nsujeta al problema del corrimiento, es decir que un racimo est\u00e9 parcialmente\nlleno, o que en el mismo racimo convivan granos grandes y peque\u00f1os, o que\ndirectamente haya pocos granos por racimo. Todo eso queda ya descartado en el proceso\nde preselecci\u00f3n que hicimos en la primer etapa, y ahora nuestros clones tienen\nracimos llenos, con muy buen peso y un tama\u00f1o de baya mediano o chico, algo que\ntambi\u00e9n es buscado desde el punto de vista enol\u00f3gico.<\/p>\n\n\n\n<p>Por ejemplo, si tomamos como referencia los entre 5.000 y 10.000 kilos por hect\u00e1rea que dan los vi\u00f1edos tradicionales de Mendoza, podemos llegar a 25.000 o 30.000 kilos por hect\u00e1rea cuando implantamos un clon m\u00e1s productivo y las cepas son conducidas en parral.<\/p>\n\n\n\n<div style=\"height:42px\" aria-hidden=\"true\" class=\"wp-block-spacer\"><\/div>\n\n\n\n<div class=\"wp-block-image\"><figure class=\"alignleft size-large\"><img loading=\"lazy\" decoding=\"async\" width=\"354\" height=\"272\" src=\"https:\/\/enolife.com.ar\/es\/wp-content\/uploads\/2020\/01\/image-14.png\" alt=\"\" class=\"wp-image-6352\" srcset=\"https:\/\/enolife.com.ar\/es\/wp-content\/uploads\/2020\/01\/image-14.png 354w, https:\/\/enolife.com.ar\/es\/wp-content\/uploads\/2020\/01\/image-14-300x231.png 300w\" sizes=\"auto, (max-width: 354px) 100vw, 354px\" \/><\/figure><\/div>\n\n\n\n<p class=\"has-background has-light-green-cyan-background-color\"><strong>Miles de plantas a partir de una sola yema<\/strong><br><br>La innovaci\u00f3n tecnol\u00f3gica desarrollada por Aldo Biondolillo y el equipo cient\u00edfico de la Bodega Tempus Alba comienza con la elecci\u00f3n de una yema de una planta madre gen\u00e9ticamente superior. De ella se extraen peque\u00f1os trozos de tejido verde que se enraizan y crecen dentro de un recipiente de vidrio en condiciones de asepsia total. Una vez que la nueva pl\u00e1ntula alcanza una altura de unos 10 cent\u00edmetros, es seccionada en peque\u00f1os segmentos o microestacas que se vuelve a implantar en otro recipiente, repiti\u00e9ndose este ciclo de micropropagaci\u00f3n in vitro hasta alcanzar el n\u00famero de plantas deseadas, las que luego de una etapa de rusticaci\u00f3n son trasplantadas directamente a campo. La importancia econ\u00f3mica de esta t\u00e9cnica est\u00e1 dada por el hecho de que, comenzando con una sola yema, es posible obtener en el curso de un a\u00f1o decenas de miles de plantas gen\u00e9ticamente id\u00e9nticas con est\u00e1ndares de calidad y absolutas condiciones de sanidad, esto es libres de virus y trazabilidad.<br><br>Entre las principales ventajas de trabajar con la selecci\u00f3n de clones, se puede citar que hay menor predisposici\u00f3n natural al problema de corrimiento, contar con plantas naturalmente m\u00e1s equilibradas y lograr mayor productividad al actuar sobre el rendimiento en kilos por planta. <\/p>\n\n\n\n<div style=\"height:39px\" aria-hidden=\"true\" class=\"wp-block-spacer\"><\/div>\n\n\n\n<p class=\"has-text-color has-vivid-red-color\"><strong>-Usted ha dedicado su\nvida entera a la vitivinicultura, con mucho trabajo, cosechando \u00e9xitos y seguramente\nsinsabores\u2026 \u00bfC\u00f3mo lo est\u00e1 disfrutando hoy?<\/strong><\/p>\n\n\n\n<p>-Me considero un privilegiado de la vida y lo estoy disfrutando al m\u00e1ximo, por muchos motivos\u2026 Uno, es haber podido emprender con la familia un proyecto en com\u00fan que es muy enriquecedor, pese a que a veces los problemas o las brechas generacionales se hacen presentes y hay discusiones que alcanzan decibeles muy altos. Pero igual nos enriquecemos, y a m\u00ed personalmente esa convivencia con mis hijos me permite aprender mucho todos los d\u00edas.<\/p>\n\n\n\n<p>Tambi\u00e9n disfruto el poder haberlo hecho en conjunto con mi esposa, ella est\u00e1 muy presente todo el tiempo, no tanto en la tarea diaria pero s\u00ed en la contenci\u00f3n, porque esa contenci\u00f3n, en las empresas familiares peque\u00f1as y en un pa\u00eds complicado con tantos altos y bajos, es muy importante\u2026 Sobre todo la contenci\u00f3n de madre a hijos, que son los que est\u00e1n en el d\u00eda a d\u00eda\u2026 Yo me doy el lujo de estar en las investigaciones, que es lo que m\u00e1s me motiva, pero ellos tienen que transitar el d\u00eda a d\u00eda\u2026 Desde ese punto de vista tambi\u00e9n siento una felicidad enorme por haber podido concretar todo esto, aportando mi granito de arena a la industria. Una industria que, para mi gusto, es un tanto mezquina, no da mucho para compartir. Y el haber podido aportar a esta convivencia, con este ida y vuelta de informaci\u00f3n dentro del c\u00edrculo Malbec Plural, me enriquece mucho. Por eso digo que soy un privilegiado.<\/p>\n\n\n\n<p class=\"has-text-color has-vivid-red-color\">&#8211;<strong>\u00bfCu\u00e1l es el objetivo final de sus investigaciones, a qu\u00e9 apuntan?<\/strong><\/p>\n\n\n\n<p>-Nuestro esfuerzo innovador apunta a la creaci\u00f3n de una nueva empresa de triple impacto, basada en el conocimiento, que aporte simult\u00e1neamente a la mayor productividad individual, al crecimiento econ\u00f3mico sectorial, al desarrollo social del sector rural y a la preservaci\u00f3n del medio ambiente.<\/p>\n\n\n\n<div style=\"height:48px\" aria-hidden=\"true\" class=\"wp-block-spacer\"><\/div>\n\n\n\n<figure class=\"wp-block-image size-large\"><img loading=\"lazy\" decoding=\"async\" width=\"1024\" height=\"587\" src=\"https:\/\/enolife.com.ar\/es\/wp-content\/uploads\/2020\/01\/image-17-1024x587.png\" alt=\"\" class=\"wp-image-6373\" srcset=\"https:\/\/enolife.com.ar\/es\/wp-content\/uploads\/2020\/01\/image-17-1024x587.png 1024w, https:\/\/enolife.com.ar\/es\/wp-content\/uploads\/2020\/01\/image-17-300x172.png 300w, https:\/\/enolife.com.ar\/es\/wp-content\/uploads\/2020\/01\/image-17-768x440.png 768w, https:\/\/enolife.com.ar\/es\/wp-content\/uploads\/2020\/01\/image-17-1536x880.png 1536w, https:\/\/enolife.com.ar\/es\/wp-content\/uploads\/2020\/01\/image-17-2048x1173.png 2048w, https:\/\/enolife.com.ar\/es\/wp-content\/uploads\/2020\/01\/image-17-1170x670.png 1170w, https:\/\/enolife.com.ar\/es\/wp-content\/uploads\/2020\/01\/image-17-585x335.png 585w\" sizes=\"auto, (max-width: 1024px) 100vw, 1024px\" \/><figcaption> <em><strong>La selfie: Renzo Straniero Nolly (fotograf\u00eda y video Enolife), Pedro Straniero (director period\u00edstico), Aldo Biondolillo, Gabriela Mellone y Lorena Mellone (directora comercial)<\/strong><\/em>. <\/figcaption><\/figure>\n","protected":false},"excerpt":{"rendered":"<p>De sus padres y abuelos, Aldo Biondolillo hered\u00f3 la pasi\u00f3n por el vino. Con mucho&hellip;<\/p>\n","protected":false},"author":3,"featured_media":6375,"comment_status":"open","ping_status":"open","sticky":false,"template":"","format":"standard","meta":{"footnotes":""},"categories":[4],"tags":[],"class_list":["post-6324","post","type-post","status-publish","format-standard","has-post-thumbnail","hentry","category-protagonistas"],"_links":{"self":[{"href":"https:\/\/enolife.com.ar\/es\/wp-json\/wp\/v2\/posts\/6324","targetHints":{"allow":["GET"]}}],"collection":[{"href":"https:\/\/enolife.com.ar\/es\/wp-json\/wp\/v2\/posts"}],"about":[{"href":"https:\/\/enolife.com.ar\/es\/wp-json\/wp\/v2\/types\/post"}],"author":[{"embeddable":true,"href":"https:\/\/enolife.com.ar\/es\/wp-json\/wp\/v2\/users\/3"}],"replies":[{"embeddable":true,"href":"https:\/\/enolife.com.ar\/es\/wp-json\/wp\/v2\/comments?post=6324"}],"version-history":[{"count":0,"href":"https:\/\/enolife.com.ar\/es\/wp-json\/wp\/v2\/posts\/6324\/revisions"}],"wp:featuredmedia":[{"embeddable":true,"href":"https:\/\/enolife.com.ar\/es\/wp-json\/wp\/v2\/media\/6375"}],"wp:attachment":[{"href":"https:\/\/enolife.com.ar\/es\/wp-json\/wp\/v2\/media?parent=6324"}],"wp:term":[{"taxonomy":"category","embeddable":true,"href":"https:\/\/enolife.com.ar\/es\/wp-json\/wp\/v2\/categories?post=6324"},{"taxonomy":"post_tag","embeddable":true,"href":"https:\/\/enolife.com.ar\/es\/wp-json\/wp\/v2\/tags?post=6324"}],"curies":[{"name":"wp","href":"https:\/\/api.w.org\/{rel}","templated":true}]}}