{"id":6322,"date":"2020-01-09T00:15:06","date_gmt":"2020-01-09T00:15:06","guid":{"rendered":"http:\/\/enolife.com.ar\/es\/?p=6322"},"modified":"2020-01-15T15:13:52","modified_gmt":"2020-01-15T15:13:52","slug":"economia-aun-esta-negociando-con-el-banco-nacion-la-financiacion-para-cosecha-y-acarreo-2020","status":"publish","type":"post","link":"https:\/\/enolife.com.ar\/es\/economia-aun-esta-negociando-con-el-banco-nacion-la-financiacion-para-cosecha-y-acarreo-2020\/","title":{"rendered":"Econom\u00eda a\u00fan est\u00e1 negociando con el Banco Naci\u00f3n la financiaci\u00f3n para cosecha y acarreo 2020"},"content":{"rendered":"\n<h4 class=\"wp-block-heading\"><em><strong>Con la participaci\u00f3n del ministro Enrique Vaqui\u00e9 y del subsecretario de Agricultura y Ganader\u00eda, Sergio Moralejo, se present\u00f3 el plan de trabajo 2020-24. Entre otros temas tratados las autoridades se\u00f1alaron que se est\u00e1 trabajando en la definici\u00f3n de condiciones con el Banco Naci\u00f3n sobre l\u00edneas de financiamiento orientadas a cosecha y acarreo para la temporada 2020. Adem\u00e1s orientaron su plan en consolidar informaci\u00f3n para el desarrollo de pol\u00edticas adaptadas a las necesidades del sector y los mercados.<\/strong><\/em><\/h4>\n\n\n\n<div style=\"height:20px\" aria-hidden=\"true\" class=\"wp-block-spacer\"><\/div>\n\n\n\n<p>El Ministerio de Econom\u00eda y Energ\u00eda, a trav\u00e9s de la Subsecretar\u00eda de Agricultura y Ganader\u00eda hizo p\u00fablico los lineamientos previstos para la actividad agr\u00edcola y ganadera 2020-2024. En ese marco, el titular de la cartera, Enrique Vaqui\u00e9, sostuvo que durante esta nueva gesti\u00f3n se implementar\u00e1 un plan de trabajado especialmente adaptado a las necesidades del sector agr\u00edcola y ganadero de la provincia haciendo hincapi\u00e9 en el desarrollo de pol\u00edticas que fomenten el posicionamiento de productos mendocinos en el interior del pa\u00eds y la creaci\u00f3n de nuevos lazos comerciales a nivel internacional.<\/p>\n\n\n\n<p>Del encuentro participaron el subsecretario de Agricultura y Ganader\u00eda, Sergio Moralejo; la directora de Agricultura, Valentina Navarro; el director de Contingencias Clim\u00e1ticas, Julio Omar Eluani y la directora del Fondo para la Transformaci\u00f3n y el Crecimiento, Silvina Giordano.<\/p>\n\n\n\n<p>El espacio permiti\u00f3 a los funcionarios desarrollar en detalle contenidos espec\u00edficos vinculados al comportamiento de la actividad agr\u00edcola y ganadera de la provincia y en este sentido Moralejo hizo hincapi\u00e9 en la necesidad de avanzar en un plan de regularizaci\u00f3n del dominio de las tierras en las zonas productivas: \u201cEn Real del Padre, por ejemplo, nos encontramos con que el 100% de los productores con los que nos reunimos, no contaba con papeles de las tierras que trabajan. Esta situaci\u00f3n impide que se pueda acceder a financiamiento y asistencia por parte del estado ante situaciones adversas\u201d.<\/p>\n\n\n\n<p>Ante esta situaci\u00f3n el funcionario se\u00f1al\u00f3 que se debe avanzar en la consolidaci\u00f3n de informaci\u00f3n para poder determinar en detalle toda la situaci\u00f3n del sector productivo provincial. Seg\u00fan el funcionario se estima que en un lapso no mayor a 6 meses \u201ccomenzaremos a trabajar con datos que nos permitan obtener un paneo real de la situaci\u00f3n y orientar as\u00ed nuestras decisiones\u201d.<\/p>\n\n\n\n<p>Con la informaci\u00f3n obtenida y con el aporte de distintos organismos nacionales y provinciales, Moralejo remarc\u00f3 que se va a impulsar la creaci\u00f3n de un Sistema Integrado de Informaci\u00f3n: \u201cHoy existen tantas bases de datos como organismos nacionales y provinciales involucradas en la actividad. Contar con informaci\u00f3n detallada ser\u00e1 de suma importancia y para ello vamos a fomentar el trabajo transversal\u201d.<\/p>\n\n\n\n<p>\u201cUno de los desaf\u00edo a superar tiene que ver con c\u00f3mo uno puede equilibrar los niveles de producci\u00f3n de modo tal de no destruir todo el tiempo los mercados. Con este comportamiento que tenemos, con plantas a\u00f1eras, bien se podr\u00eda resolver plantando en superficies intercalando. El tema es que tenemos pa\u00f1os completos con monte que son todos de la misma edad, entonces un a\u00f1o es estupendo y al otro a\u00f1o, cero. B\u00e1sicamente es uno de los principales motivos de estas fluctuaciones\u201d.<\/p>\n\n\n\n<p>\u201cLa idea es dejar de repetir esto, de hacer que el factor clima sea una variable econ\u00f3mica. Es inconducente esperar que resuelvan estas asimetr\u00edas. No puede ser el factor que termine regulando el mercado. El clima puede influir, pero el mercado lo debe regular la oferta y la demanda. Se puede tener salidas a trav\u00e9s del manejo de stock. El clima va a estar en la ecuaci\u00f3n pero no puede tener la relevancia que tiene hoy\u201d, remarc\u00f3 el funcionario quien a\u00f1adi\u00f3: \u201cNo se pueden desarrollar mercados externos a largo plazo. Con este proceso no hay forma de tenerlos. Paralelamente hay que potenciar el desarrollo del mercado interno. Es necesario fomentar acuerdos entre provincia que permitan el posicionamiento de productos mendocinos en el territorio provincial\u201d.<\/p>\n\n\n\n<div style=\"height:20px\" aria-hidden=\"true\" class=\"wp-block-spacer\"><\/div>\n\n\n\n<p class=\"has-medium-font-size\"><strong>Asociativismo<\/strong><\/p>\n\n\n\n<div style=\"height:20px\" aria-hidden=\"true\" class=\"wp-block-spacer\"><\/div>\n\n\n\n<p>Otro de los puntos que se trataron en el marco del encuentro tiene que ver con el desarrollo del trabajo asociativo. En este sentido el titular de Agricultura y Ganader\u00eda se\u00f1al\u00f3: \u201cClaramente hay que empezar a trabajar con cooperativas frut\u00edcolas. Es muy dif\u00edcil lograr la sustentabilidad cuando solo se cuenta con menos de 10 hect\u00e1reas en m\u00e1s del 75 % de la superficie cultivada con vi\u00f1edos. Es muy dif\u00edcil que esas peque\u00f1as superficies permitan la tecnificaci\u00f3n, lograr incorporar maquinaria y por sobre todo ser competitivo en el mercado. Es por ello es de suma importancia el desarrollo de una estructura que permita el fortalecimiento cooperativo.<\/p>\n\n\n\n<p>En este sentido, Valentina Navarro, titular de la Direcci\u00f3n de Agricultura, ampli\u00f3: \u201cEl 55% de las propiedades vitivin\u00edcolas tienen hasta 5 hect\u00e1reas, el 75% menos de 10. Es inviable pensar en tecnificaci\u00f3n si no se piensa en un sistema asociativo. De igual modo y paralelamente, estamos trabajando en un programa de fomento a la creaci\u00f3n de empresas prestadoras de servicios agr\u00edcolas. Se busca reducir as\u00ed los costos que deben afrontar los productores e incentivar la creaci\u00f3n de nuevos puestos de trabajo.<\/p>\n\n\n\n<div style=\"height:20px\" aria-hidden=\"true\" class=\"wp-block-spacer\"><\/div>\n\n\n\n<p class=\"has-medium-font-size\"><strong>Financiamiento<\/strong><\/p>\n\n\n\n<div style=\"height:20px\" aria-hidden=\"true\" class=\"wp-block-spacer\"><\/div>\n\n\n\n<p>Desde el FTyC, se brind\u00f3 informaci\u00f3n detallada sobre las lineas de financiamiento que se est\u00e1n trabajando para el sector. Silvina Giordano, su titular, destac\u00f3: \u201cDesde el fondo nos hemos planteado diversos objetivos para esta nueva gesti\u00f3n. Una ellas es la de alinear la pol\u00edtica de financiamiento a la pol\u00edtica econ\u00f3mica. Esto no ha sucedido ya que nuestra instituci\u00f3n ha estado abocado a atender lo urgente y no lo estructural. Cuando se asumi\u00f3 la gesti\u00f3n, la mora era del 23% y en estos 4 a\u00f1os logramos bajarla al 4, estando por debajo de la media del sistema financiero\u201d.<\/p>\n\n\n\n<p>Como ejes principales Giordano se\u00f1al\u00f3 que desde el organismo se est\u00e1 haciendo foco en prestar adecuadamente y poder recuperar, siempre enfocado en saber a qui\u00e9n y como se presta y en la segmentaci\u00f3n de sus clientes. Lo es en base al principio en que el de mayor tama\u00f1o podr\u00e1 acceder a mayor financiamiento a una tasa mayor y el de menor tama\u00f1o podr\u00e1 acceder a un menor financiamiento y a una tasa menor.<\/p>\n\n\n\n<p class=\"has-small-font-size\"><em><strong>Fuente: Prensa Gobierno Mendoza<\/strong><\/em><\/p>\n\n\n\n<div style=\"height:20px\" aria-hidden=\"true\" class=\"wp-block-spacer\"><\/div>\n","protected":false},"excerpt":{"rendered":"<p>Con la participaci\u00f3n del ministro Enrique Vaqui\u00e9 y del subsecretario de Agricultura y Ganader\u00eda, Sergio&hellip;<\/p>\n","protected":false},"author":3,"featured_media":6330,"comment_status":"open","ping_status":"open","sticky":false,"template":"","format":"standard","meta":{"footnotes":""},"categories":[14],"tags":[],"class_list":["post-6322","post","type-post","status-publish","format-standard","has-post-thumbnail","hentry","category-news"],"_links":{"self":[{"href":"https:\/\/enolife.com.ar\/es\/wp-json\/wp\/v2\/posts\/6322","targetHints":{"allow":["GET"]}}],"collection":[{"href":"https:\/\/enolife.com.ar\/es\/wp-json\/wp\/v2\/posts"}],"about":[{"href":"https:\/\/enolife.com.ar\/es\/wp-json\/wp\/v2\/types\/post"}],"author":[{"embeddable":true,"href":"https:\/\/enolife.com.ar\/es\/wp-json\/wp\/v2\/users\/3"}],"replies":[{"embeddable":true,"href":"https:\/\/enolife.com.ar\/es\/wp-json\/wp\/v2\/comments?post=6322"}],"version-history":[{"count":0,"href":"https:\/\/enolife.com.ar\/es\/wp-json\/wp\/v2\/posts\/6322\/revisions"}],"wp:featuredmedia":[{"embeddable":true,"href":"https:\/\/enolife.com.ar\/es\/wp-json\/wp\/v2\/media\/6330"}],"wp:attachment":[{"href":"https:\/\/enolife.com.ar\/es\/wp-json\/wp\/v2\/media?parent=6322"}],"wp:term":[{"taxonomy":"category","embeddable":true,"href":"https:\/\/enolife.com.ar\/es\/wp-json\/wp\/v2\/categories?post=6322"},{"taxonomy":"post_tag","embeddable":true,"href":"https:\/\/enolife.com.ar\/es\/wp-json\/wp\/v2\/tags?post=6322"}],"curies":[{"name":"wp","href":"https:\/\/api.w.org\/{rel}","templated":true}]}}