{"id":63018,"date":"2022-05-25T15:12:51","date_gmt":"2022-05-25T15:12:51","guid":{"rendered":"http:\/\/enolife.com.ar\/es\/?p=63018"},"modified":"2022-05-26T14:16:29","modified_gmt":"2022-05-26T14:16:29","slug":"tras-los-incendios-de-2018-reforestan-el-cerro-arco-con-1-000-plantas-de-jarilla-donadas-por-verallia","status":"publish","type":"post","link":"https:\/\/enolife.com.ar\/es\/tras-los-incendios-de-2018-reforestan-el-cerro-arco-con-1-000-plantas-de-jarilla-donadas-por-verallia\/","title":{"rendered":"Tras los incendios de 2018, reforestan el Cerro Arco con 1.000 plantas de jarilla donadas por Verallia"},"content":{"rendered":"\n<h4 class=\"wp-block-heading\"><em><strong>En el marco del D\u00eda Internacional de la Biodiversidad, el 21 de mayo pasado, Verallia contribuy\u00f3 con el plan de la Secretar\u00eda de Ambiente y Ordenamiento Territorial de Mendoza de reforestar el Cerro Arco, luego de los da\u00f1os causados por los incendios de setiembre de 2018, que afectaron 1.638 hect\u00e1reas de flora aut\u00f3ctona. As\u00ed, la empresa de origen franc\u00e9s que fabrica envases de vidrio con planta en esta provincia, suma otra acci\u00f3n para colaborar con la disminuci\u00f3n de la huella de carbono ambiental. Las plantas fueron producidas por la ONG Gesti\u00f3n Nativa con este fin espec\u00edfico.<\/strong><\/em><\/h4>\n\n\n\n<div style=\"height:20px\" aria-hidden=\"true\" class=\"wp-block-spacer\"><\/div>\n\n\n<a href=\"https:\/\/ar.verallia.com\/\" aria-label=\"VERALLIA 1700 x 500\"><img loading=\"lazy\" decoding=\"async\" src=\"https:\/\/enolife.com.ar\/es\/wp-content\/uploads\/2021\/04\/VERALLIA-1700-x-500.jpg\" alt=\"\"  srcset=\"https:\/\/enolife.com.ar\/es\/wp-content\/uploads\/2021\/04\/VERALLIA-1700-x-500.jpg 1700w, https:\/\/enolife.com.ar\/es\/wp-content\/uploads\/2021\/04\/VERALLIA-1700-x-500-300x88.jpg 300w, https:\/\/enolife.com.ar\/es\/wp-content\/uploads\/2021\/04\/VERALLIA-1700-x-500-1024x301.jpg 1024w, https:\/\/enolife.com.ar\/es\/wp-content\/uploads\/2021\/04\/VERALLIA-1700-x-500-768x226.jpg 768w, https:\/\/enolife.com.ar\/es\/wp-content\/uploads\/2021\/04\/VERALLIA-1700-x-500-1536x452.jpg 1536w, https:\/\/enolife.com.ar\/es\/wp-content\/uploads\/2021\/04\/VERALLIA-1700-x-500-1170x344.jpg 1170w, https:\/\/enolife.com.ar\/es\/wp-content\/uploads\/2021\/04\/VERALLIA-1700-x-500-585x172.jpg 585w\" sizes=\"auto, (max-width: 1700px) 100vw, 1700px\" width=\"1700\" height=\"500\"   \/><\/a>\n\n\n<div style=\"height:51px\" aria-hidden=\"true\" class=\"wp-block-spacer\"><\/div>\n\n\n\n<p>Luego de los incendios ocurridos hace casi 4 a\u00f1os en la zona del <strong>Cerro Arco<\/strong> y aleda\u00f1os del departamento de Las Heras, Mendoza, que da\u00f1\u00f3 1.638 hect\u00e1reas, el <strong>Centro Regional de Investigaciones Cient\u00edficas y Tecnol\u00f3gicas (Cricyt)<\/strong> realiz\u00f3 un diagn\u00f3stico del estado actual de los ecosistemas y elabor\u00f3 un plan de restauraci\u00f3n ecol\u00f3gica que se fue poniendo en marcha junto con la <strong>Direcci\u00f3n de Recursos Renovables de Mendoza.<\/strong><\/p>\n\n\n\n<p>Con el fin de colaborar con este plan de restauraci\u00f3n ecol\u00f3gica, reduciendo de esta manera la huella de carbono, <strong>Verallia<\/strong> don\u00f3 1.000 plantas de jarilla producidas por la <strong>ONG Gesti\u00f3n Nativa<\/strong> -en la cual trabajan mujeres sost\u00e9n de familias y dinamizadores de la econom\u00eda comunitaria- que ya se comenzaron a plantar.<\/p>\n\n\n\n<p><em>\u00abLa reducci\u00f3n de las emisiones de C02 es una de nuestras principales prioridades por la que trabajamos continuamente. Con esta iniciativa, no s\u00f3lo estamos contribuyendo a la lucha contra el cambio clim\u00e1tico, sino que tambi\u00e9n lo hacemos apoyando el desarrollo social y econ\u00f3mico de las comunidades locales\u00bb <\/em>coment\u00f3 <strong>Walter Formica, <\/strong>director general de Verallia Argentina.<\/p>\n\n\n\n<div style=\"height:20px\" aria-hidden=\"true\" class=\"wp-block-spacer\"><\/div>\n\n\n\n<figure class=\"wp-block-gallery columns-2 is-cropped wp-block-gallery-1 is-layout-flex wp-block-gallery-is-layout-flex\"><ul class=\"blocks-gallery-grid\"><li class=\"blocks-gallery-item\"><figure><img loading=\"lazy\" decoding=\"async\" width=\"853\" height=\"853\" src=\"https:\/\/enolife.com.ar\/es\/wp-content\/uploads\/2022\/05\/2702c48f-0035-4748-aa0f-4461ad2b61f4.jpg\" alt=\"\" data-id=\"63049\" class=\"wp-image-63049\" srcset=\"https:\/\/enolife.com.ar\/es\/wp-content\/uploads\/2022\/05\/2702c48f-0035-4748-aa0f-4461ad2b61f4.jpg 853w, https:\/\/enolife.com.ar\/es\/wp-content\/uploads\/2022\/05\/2702c48f-0035-4748-aa0f-4461ad2b61f4-300x300.jpg 300w, https:\/\/enolife.com.ar\/es\/wp-content\/uploads\/2022\/05\/2702c48f-0035-4748-aa0f-4461ad2b61f4-150x150.jpg 150w, https:\/\/enolife.com.ar\/es\/wp-content\/uploads\/2022\/05\/2702c48f-0035-4748-aa0f-4461ad2b61f4-768x768.jpg 768w, https:\/\/enolife.com.ar\/es\/wp-content\/uploads\/2022\/05\/2702c48f-0035-4748-aa0f-4461ad2b61f4-585x585.jpg 585w\" sizes=\"auto, (max-width: 853px) 100vw, 853px\" \/><figcaption class=\"blocks-gallery-item__caption\"><em><strong>Voluntarios&#8230;<\/strong><\/em><\/figcaption><\/figure><\/li><li class=\"blocks-gallery-item\"><figure><img loading=\"lazy\" decoding=\"async\" width=\"853\" height=\"853\" src=\"https:\/\/enolife.com.ar\/es\/wp-content\/uploads\/2022\/05\/c370628c-a653-4835-9522-d968a71f0cb7.jpg\" alt=\"\" data-id=\"63050\" data-link=\"https:\/\/enolife.com.ar\/es\/?attachment_id=63050\" class=\"wp-image-63050\" srcset=\"https:\/\/enolife.com.ar\/es\/wp-content\/uploads\/2022\/05\/c370628c-a653-4835-9522-d968a71f0cb7.jpg 853w, https:\/\/enolife.com.ar\/es\/wp-content\/uploads\/2022\/05\/c370628c-a653-4835-9522-d968a71f0cb7-300x300.jpg 300w, https:\/\/enolife.com.ar\/es\/wp-content\/uploads\/2022\/05\/c370628c-a653-4835-9522-d968a71f0cb7-150x150.jpg 150w, https:\/\/enolife.com.ar\/es\/wp-content\/uploads\/2022\/05\/c370628c-a653-4835-9522-d968a71f0cb7-768x768.jpg 768w, https:\/\/enolife.com.ar\/es\/wp-content\/uploads\/2022\/05\/c370628c-a653-4835-9522-d968a71f0cb7-585x585.jpg 585w\" sizes=\"auto, (max-width: 853px) 100vw, 853px\" \/><figcaption class=\"blocks-gallery-item__caption\"><em><strong>&#8230;y voluntarias<\/strong><\/em><\/figcaption><\/figure><\/li><\/ul><\/figure>\n\n\n\n<div style=\"height:20px\" aria-hidden=\"true\" class=\"wp-block-spacer\"><\/div>\n\n\n\n<p>La primera jornada se realiz\u00f3 el pasado 21\/5 con un grupo de 16 voluntarios de la empresa de envases de vidrio. Ese d\u00eda se plantaron 250 plantas de jarilla (<em>Larrea divaricata<\/em>) en la zona de Canteras San Isidro.<\/p>\n\n\n\n<div style=\"height:20px\" aria-hidden=\"true\" class=\"wp-block-spacer\"><\/div>\n\n\n\n<figure class=\"wp-block-gallery columns-2 is-cropped wp-block-gallery-2 is-layout-flex wp-block-gallery-is-layout-flex\"><ul class=\"blocks-gallery-grid\"><li class=\"blocks-gallery-item\"><figure><img loading=\"lazy\" decoding=\"async\" width=\"853\" height=\"853\" src=\"https:\/\/enolife.com.ar\/es\/wp-content\/uploads\/2022\/05\/b83d7a07-e780-4ef1-988d-faed27403356-1.jpg\" alt=\"\" data-id=\"63054\" data-full-url=\"https:\/\/enolife.com.ar\/es\/wp-content\/uploads\/2022\/05\/b83d7a07-e780-4ef1-988d-faed27403356-1.jpg\" data-link=\"https:\/\/enolife.com.ar\/es\/?attachment_id=63054\" class=\"wp-image-63054\" srcset=\"https:\/\/enolife.com.ar\/es\/wp-content\/uploads\/2022\/05\/b83d7a07-e780-4ef1-988d-faed27403356-1.jpg 853w, https:\/\/enolife.com.ar\/es\/wp-content\/uploads\/2022\/05\/b83d7a07-e780-4ef1-988d-faed27403356-1-300x300.jpg 300w, https:\/\/enolife.com.ar\/es\/wp-content\/uploads\/2022\/05\/b83d7a07-e780-4ef1-988d-faed27403356-1-150x150.jpg 150w, https:\/\/enolife.com.ar\/es\/wp-content\/uploads\/2022\/05\/b83d7a07-e780-4ef1-988d-faed27403356-1-768x768.jpg 768w, https:\/\/enolife.com.ar\/es\/wp-content\/uploads\/2022\/05\/b83d7a07-e780-4ef1-988d-faed27403356-1-585x585.jpg 585w\" sizes=\"auto, (max-width: 853px) 100vw, 853px\" \/><figcaption class=\"blocks-gallery-item__caption\"><em><strong>Virginia Covis, de Verallia<\/strong><\/em><\/figcaption><\/figure><\/li><li class=\"blocks-gallery-item\"><figure><img loading=\"lazy\" decoding=\"async\" width=\"682\" height=\"1024\" src=\"https:\/\/enolife.com.ar\/es\/wp-content\/uploads\/2022\/05\/6c3e7f46-05e2-42ed-856c-60cc1c7eef45-682x1024.jpg\" alt=\"\" data-id=\"63053\" class=\"wp-image-63053\" srcset=\"https:\/\/enolife.com.ar\/es\/wp-content\/uploads\/2022\/05\/6c3e7f46-05e2-42ed-856c-60cc1c7eef45-682x1024.jpg 682w, https:\/\/enolife.com.ar\/es\/wp-content\/uploads\/2022\/05\/6c3e7f46-05e2-42ed-856c-60cc1c7eef45-200x300.jpg 200w, https:\/\/enolife.com.ar\/es\/wp-content\/uploads\/2022\/05\/6c3e7f46-05e2-42ed-856c-60cc1c7eef45-768x1152.jpg 768w, https:\/\/enolife.com.ar\/es\/wp-content\/uploads\/2022\/05\/6c3e7f46-05e2-42ed-856c-60cc1c7eef45-585x878.jpg 585w, https:\/\/enolife.com.ar\/es\/wp-content\/uploads\/2022\/05\/6c3e7f46-05e2-42ed-856c-60cc1c7eef45.jpg 853w\" sizes=\"auto, (max-width: 682px) 100vw, 682px\" \/><figcaption class=\"blocks-gallery-item__caption\"><em><strong>El equipo<\/strong><\/em><\/figcaption><\/figure><\/li><\/ul><\/figure>\n\n\n\n<div style=\"height:20px\" aria-hidden=\"true\" class=\"wp-block-spacer\"><\/div>\n\n\n\n<p>Esta tarea es &nbsp;parte de una iniciativa de Verallia a nivel mundial para reforestar espacios verdes con el objetivo principal de reducir la huella de carbono. Adem\u00e1s, refuerza la pol\u00edtica de sustentabilidad que viene desarrollando la empresa desde hace varios a\u00f1os, la que se estructura en tres ejes principales : mejorar la econom\u00eda circular de los envases de vidrio, reducir las emisiones de CO2 y proporcionar un espacio de trabajo seguro e inclusivo. Desde el a\u00f1o 2019, Verallia ya ha donado 3.000 plantas nativas para reforestar distintas zonas de Mendoza.<\/p>\n\n\n\n<div style=\"height:20px\" aria-hidden=\"true\" class=\"wp-block-spacer\"><\/div>\n\n\n\n<figure class=\"wp-block-gallery alignleft columns-1 is-cropped wp-block-gallery-3 is-layout-flex wp-block-gallery-is-layout-flex\"><ul class=\"blocks-gallery-grid\"><li class=\"blocks-gallery-item\"><figure><img loading=\"lazy\" decoding=\"async\" width=\"360\" height=\"499\" src=\"https:\/\/enolife.com.ar\/es\/wp-content\/uploads\/2022\/05\/incendio-en-mendoza-2.jpg\" alt=\"\" data-id=\"63288\" class=\"wp-image-63288\" srcset=\"https:\/\/enolife.com.ar\/es\/wp-content\/uploads\/2022\/05\/incendio-en-mendoza-2.jpg 360w, https:\/\/enolife.com.ar\/es\/wp-content\/uploads\/2022\/05\/incendio-en-mendoza-2-216x300.jpg 216w\" sizes=\"auto, (max-width: 360px) 100vw, 360px\" \/><\/figure><\/li><\/ul><\/figure>\n\n\n\n<p class=\"has-background has-very-light-gray-background-color\"><strong>El incendio <br><\/strong><br>Se inici\u00f3 el 21 de setiembre de 2018 en las inmediaciones del Cerro Arco, en s\u00f3lo 7 d\u00edas se expandi\u00f3 sobre las laderas de los Cerros Arco, Gateado y Vizcacha afectando una superficie superior a las 1.638 hect\u00e1reas. Bomberos y brigadistas&nbsp; tuvieron que luchar contra las llamas en un contexto desfavorable por la presencia de viento Zonda en la zona. Tambi\u00e9n se utilizaron 2 aviones hidrantes para combatir el siniestro. Por las dimensiones, la localizaci\u00f3n y la superficie total afectada; el incendio fue uno de los m\u00e1s importantes de los \u00faltimos a\u00f1os en el \u00c1rea Metropolitana de la Ciudad de Mendoza.<\/p>\n\n\n\n<div style=\"height:73px\" aria-hidden=\"true\" class=\"wp-block-spacer\"><\/div>\n","protected":false},"excerpt":{"rendered":"<p>En el marco del D\u00eda Internacional de la Biodiversidad, el 21 de mayo pasado, Verallia&hellip;<\/p>\n","protected":false},"author":3,"featured_media":63020,"comment_status":"open","ping_status":"open","sticky":false,"template":"","format":"standard","meta":{"footnotes":""},"categories":[14],"tags":[],"class_list":["post-63018","post","type-post","status-publish","format-standard","has-post-thumbnail","hentry","category-news"],"_links":{"self":[{"href":"https:\/\/enolife.com.ar\/es\/wp-json\/wp\/v2\/posts\/63018","targetHints":{"allow":["GET"]}}],"collection":[{"href":"https:\/\/enolife.com.ar\/es\/wp-json\/wp\/v2\/posts"}],"about":[{"href":"https:\/\/enolife.com.ar\/es\/wp-json\/wp\/v2\/types\/post"}],"author":[{"embeddable":true,"href":"https:\/\/enolife.com.ar\/es\/wp-json\/wp\/v2\/users\/3"}],"replies":[{"embeddable":true,"href":"https:\/\/enolife.com.ar\/es\/wp-json\/wp\/v2\/comments?post=63018"}],"version-history":[{"count":0,"href":"https:\/\/enolife.com.ar\/es\/wp-json\/wp\/v2\/posts\/63018\/revisions"}],"wp:featuredmedia":[{"embeddable":true,"href":"https:\/\/enolife.com.ar\/es\/wp-json\/wp\/v2\/media\/63020"}],"wp:attachment":[{"href":"https:\/\/enolife.com.ar\/es\/wp-json\/wp\/v2\/media?parent=63018"}],"wp:term":[{"taxonomy":"category","embeddable":true,"href":"https:\/\/enolife.com.ar\/es\/wp-json\/wp\/v2\/categories?post=63018"},{"taxonomy":"post_tag","embeddable":true,"href":"https:\/\/enolife.com.ar\/es\/wp-json\/wp\/v2\/tags?post=63018"}],"curies":[{"name":"wp","href":"https:\/\/api.w.org\/{rel}","templated":true}]}}