{"id":6282,"date":"2020-01-07T13:40:56","date_gmt":"2020-01-07T13:40:56","guid":{"rendered":"http:\/\/enolife.com.ar\/es\/?p=6282"},"modified":"2020-01-08T23:56:07","modified_gmt":"2020-01-08T23:56:07","slug":"la-fiesta-de-la-vendimia-2020-costara-un-167-mas-que-la-de-2019","status":"publish","type":"post","link":"https:\/\/enolife.com.ar\/es\/la-fiesta-de-la-vendimia-2020-costara-un-167-mas-que-la-de-2019\/","title":{"rendered":"La Fiesta de la Vendimia 2020 costar\u00e1 un 16,7% m\u00e1s que la de 2019"},"content":{"rendered":"\n<h4 class=\"wp-block-heading\"><em><strong>Este a\u00f1o, el&nbsp;gobierno de Mendoza destinar\u00e1 $140 millones para solventar los diversos actos y espect\u00e1culos de la m\u00e1xima celebraci\u00f3n del vino en Argentina.&nbsp;<\/strong><\/em><\/h4>\n\n\n\n<hr class=\"wp-block-separator\"\/>\n\n\n\n<h4 class=\"wp-block-heading\"><em><strong>En 2019, la Fiesta tuvo un costo de $120 millones, por lo que el aumento de la inversi\u00f3n ha sido menor a la inflaci\u00f3n acumulada en los \u00faltimos 12 meses. En 2018, el Estado hab\u00eda utilizado un presupuesto tambi\u00e9n de $120 millones, seg\u00fan detallaba en aquella \u00e9poca el entonces secretario de Cultura Diego Gareca.<\/strong><\/em><\/h4>\n\n\n\n<div style=\"height:20px\" aria-hidden=\"true\" class=\"wp-block-spacer\"><\/div>\n\n\n\n<p>Las cifras para la edici\u00f3n 2020 de la Fiesta fueron anunciadas el 6\/1\/20 por la ministra de Turismo y Cultura,<strong>&nbsp;Mariana Juri,&nbsp;<\/strong>durante la presentaci\u00f3n del Presupuesto de su \u00e1rea en la Legislatura.  \u00abLa Vendimia tendr\u00e1 un presupuesto de 140 millones de pesos, no s\u00f3lo para la Fiesta&nbsp;<strong>sino para todo lo que significa la temporada de Vendimia<\/strong>\u00ab, manifest\u00f3&nbsp;Juri, quien tambi\u00e9n asegur\u00f3 que la organizaci\u00f3n de festivales y actividades art\u00edsticas contribuye a la generaci\u00f3n de empleo y a la fidelizaci\u00f3n de turistas. <\/p>\n\n\n\n<p> \u201cNuestro esfuerzo va a estar puesto en generar la cantidad suficiente y con la debida antelaci\u00f3n de las fiestas y festivales que tienen que ver con nuestra idiosincrasia y con nuestra identidad\u201d, asegur\u00f3. <\/p>\n\n\n\n<div style=\"height:20px\" aria-hidden=\"true\" class=\"wp-block-spacer\"><\/div>\n\n\n\n<figure class=\"wp-block-image\"><img decoding=\"async\" src=\"https:\/\/dla.cdncimeco.com\/uploads\/2020\/01\/image5e138e89ec7fe.jpg\" alt=\"Resultado de imagen para marian juri presupuesto 2020\"\/><\/figure>\n\n\n\n<div style=\"height:20px\" aria-hidden=\"true\" class=\"wp-block-spacer\"><\/div>\n\n\n\n<p>En el presupuesto para 2020 tambi\u00e9n est\u00e1n contempladas partidas para 22 espacios culturales de la provincia como el&nbsp;<strong>Centro de Congresos y Exposiciones, el Memorial de la Bandera, Museos y la restauraci\u00f3n de la fachada del Teatro Independencia, entre otras cosas.<\/strong><\/p>\n\n\n\n<p>Por otro lado, Mariana Juri anticip\u00f3 ante las comisiones&nbsp; de Hacienda de ambas C\u00e1maras que los restaurantes mendocinos contar\u00e1n en sus cartas con al menos un plato de la gastronom\u00eda local, que ser\u00e1 servido en utensilios artesanales tambi\u00e9n locales. Se trata de un programa que ser\u00e1 presentado en los pr\u00f3ximos d\u00edas, basado en una investigaci\u00f3n de la gastronom\u00eda mendocina que fue realizada en la anterior gesti\u00f3n.<\/p>\n\n\n\n<p>Durante la presentaci\u00f3n del presupuesto para su \u00e1rea y el plan de inversi\u00f3n previsto para el a\u00f1o en curso, Juri indic\u00f3 que tambi\u00e9n pr\u00f3ximamente ser\u00e1 presentada no s\u00f3lo la agenda de Vendimia sino incluso parte de la agenda invernal, como el tradicional Rally de las Bodegas. En tal sentido, sostuvo que los distintos festivales y actividades art\u00edsticas implican la generaci\u00f3n de empleo, no s\u00f3lo de artistas sino tambi\u00e9n de t\u00e9cnicos, aspecto sobre el cual afirm\u00f3 que se ha logrado que casi en un 90\/95 % que la t\u00e9cnica provenga de proveedores locales.<\/p>\n\n\n\n<div style=\"height:75px\" aria-hidden=\"true\" class=\"wp-block-spacer\"><\/div>\n\n\n\n<blockquote class=\"wp-block-quote is-layout-flow wp-block-quote-is-layout-flow\"><p>\u00ab<strong><em>Tenemos listo el cronograma de verano hasta la Vendimia y hasta julio en Mendoza; todas las semanas hay una actividad suficientemente relevante en Mendoza como para captar una cantidad de turistas importantes y, detr\u00e1s, hay una gran cantidad de mendocinos trabajando\u201d.<\/em><\/strong><\/p><\/blockquote>\n\n\n\n<div style=\"height:73px\" aria-hidden=\"true\" class=\"wp-block-spacer\"><\/div>\n\n\n\n<p>En otro orden, expres\u00f3 que se pondr\u00e1 en valor el Mercado Artesanal Mendocino, en una primera etapa con artesanos de Lavalle y Malarg\u00fce, a quienes \u201cvamos a hacer compras de los insumos que ellos producen de manera tal de unir lo que ellos hacen con alguien que los compre\u201d.<\/p>\n\n\n\n<p>Otro punto destacado por la ministra es el apoyo que se dar\u00e1 a las bibliotecas populares, \u201cdada la gran llegada a la comunidad que tienen en los distritos, donde funcionan incluso como centros de contenci\u00f3n social\u201d, como asimismo a los centros culturales independientes para los que se crear\u00e1 un Fondo Especial espec\u00edfico.<\/p>\n\n\n\n<p>Adem\u00e1s, asegur\u00f3 Juri, a trav\u00e9s del Fondo de Inversi\u00f3n Tur\u00edstica se destinar\u00e1n recursos para que cada departamento elija, con la participaci\u00f3n de los vecinos, un lugar emblem\u00e1tico que lo identifique y que sirva como carta de presentaci\u00f3n ante el turista.<\/p>\n\n\n\n<div style=\"height:26px\" aria-hidden=\"true\" class=\"wp-block-spacer\"><\/div>\n\n\n\n<p class=\"has-small-font-size\"><em><strong>Fuentes: Unidiversidad y Ministerio de Turismo y Cultura de Mendoza<\/strong><\/em><\/p>\n","protected":false},"excerpt":{"rendered":"<p>Este a\u00f1o, el&nbsp;gobierno de Mendoza destinar\u00e1 $140 millones para solventar los diversos actos y espect\u00e1culos&hellip;<\/p>\n","protected":false},"author":3,"featured_media":6285,"comment_status":"open","ping_status":"open","sticky":false,"template":"","format":"standard","meta":{"footnotes":""},"categories":[14],"tags":[],"class_list":["post-6282","post","type-post","status-publish","format-standard","has-post-thumbnail","hentry","category-news"],"_links":{"self":[{"href":"https:\/\/enolife.com.ar\/es\/wp-json\/wp\/v2\/posts\/6282","targetHints":{"allow":["GET"]}}],"collection":[{"href":"https:\/\/enolife.com.ar\/es\/wp-json\/wp\/v2\/posts"}],"about":[{"href":"https:\/\/enolife.com.ar\/es\/wp-json\/wp\/v2\/types\/post"}],"author":[{"embeddable":true,"href":"https:\/\/enolife.com.ar\/es\/wp-json\/wp\/v2\/users\/3"}],"replies":[{"embeddable":true,"href":"https:\/\/enolife.com.ar\/es\/wp-json\/wp\/v2\/comments?post=6282"}],"version-history":[{"count":0,"href":"https:\/\/enolife.com.ar\/es\/wp-json\/wp\/v2\/posts\/6282\/revisions"}],"wp:featuredmedia":[{"embeddable":true,"href":"https:\/\/enolife.com.ar\/es\/wp-json\/wp\/v2\/media\/6285"}],"wp:attachment":[{"href":"https:\/\/enolife.com.ar\/es\/wp-json\/wp\/v2\/media?parent=6282"}],"wp:term":[{"taxonomy":"category","embeddable":true,"href":"https:\/\/enolife.com.ar\/es\/wp-json\/wp\/v2\/categories?post=6282"},{"taxonomy":"post_tag","embeddable":true,"href":"https:\/\/enolife.com.ar\/es\/wp-json\/wp\/v2\/tags?post=6282"}],"curies":[{"name":"wp","href":"https:\/\/api.w.org\/{rel}","templated":true}]}}