{"id":62757,"date":"2022-05-21T14:57:26","date_gmt":"2022-05-21T14:57:26","guid":{"rendered":"http:\/\/enolife.com.ar\/es\/?p=62757"},"modified":"2022-05-22T16:56:52","modified_gmt":"2022-05-22T16:56:52","slug":"hoy-y-manana-en-vistalba-sigue-la-feria-de-arte-vinos-y-regalos-en-ayuda-de-escuelas-especiales","status":"publish","type":"post","link":"https:\/\/enolife.com.ar\/es\/hoy-y-manana-en-vistalba-sigue-la-feria-de-arte-vinos-y-regalos-en-ayuda-de-escuelas-especiales\/","title":{"rendered":"Hoy y ma\u00f1ana en Vistalba sigue la Feria de arte, vinos y regalos en ayuda de escuelas especiales"},"content":{"rendered":"\n<h4 class=\"wp-block-heading\"><em><strong>La iniciativa \u00abFeria de Arte Accesible\u00bb contin\u00faa este fin de semana, s\u00e1bado y domingo de 12 a 21 hs. en el Patio Cultural Vistalba, ubicado en Gobernador Ortiz 1620 de Vistalba, Luj\u00e1n de Cuyo. Declarada de inter\u00e9s por la C\u00e1mara de Diputados de Mendoza, y con organizaci\u00f3n de Encuentro Indi y Misi\u00f3n Verde Soluciones Sustentables, el paseo de compras permite adquirir objetos decorativos, vinos, dulces caseros y otras artesan\u00edas a costos accesibles, y de paso colaborar con escuelas y ONGs que asisten a personas con discapacidades.<\/strong><\/em><\/h4>\n\n\n\n<div style=\"height:32px\" aria-hidden=\"true\" class=\"wp-block-spacer\"><\/div>\n\n\n<a href=\"https:\/\/www.irrigacion.gov.ar\/web\/\" aria-label=\"irrigaci\u00f3n-1700X500\"><img loading=\"lazy\" decoding=\"async\" src=\"https:\/\/enolife.com.ar\/es\/wp-content\/uploads\/2021\/02\/irrigacion-1700X500.gif\" alt=\"\"  width=\"1700\" height=\"500\"   \/><\/a>\n\n\n<div style=\"height:73px\" aria-hidden=\"true\" class=\"wp-block-spacer\"><\/div>\n\n\n\n<p>Este atractivo ciclo de ferias de arte, dise\u00f1o, comestibles, cosm\u00e9tica, indumentaria y otros regalos, con precios razonables y acceso libre y gratuito, tambi\u00e9n brinda a los visitantes la oportunidad de vincularse directamente con los creadores, entre ellos emprendedores con discapacidad que desarrollan sus propias estrategias de sustento.<\/p>\n\n\n\n<div class=\"wp-block-image\"><figure class=\"alignleft is-resized\"><img loading=\"lazy\" decoding=\"async\" src=\"https:\/\/enolife.com.ar\/es\/wp-content\/uploads\/2022\/05\/029dd84e-7e08-4d19-af34-5ade9eb6e56f-1024x1024.jpg\" alt=\"\" class=\"wp-image-61695\" width=\"287\" height=\"287\" srcset=\"https:\/\/enolife.com.ar\/es\/wp-content\/uploads\/2022\/05\/029dd84e-7e08-4d19-af34-5ade9eb6e56f-1024x1024.jpg 1024w, https:\/\/enolife.com.ar\/es\/wp-content\/uploads\/2022\/05\/029dd84e-7e08-4d19-af34-5ade9eb6e56f-300x300.jpg 300w, https:\/\/enolife.com.ar\/es\/wp-content\/uploads\/2022\/05\/029dd84e-7e08-4d19-af34-5ade9eb6e56f-150x150.jpg 150w, https:\/\/enolife.com.ar\/es\/wp-content\/uploads\/2022\/05\/029dd84e-7e08-4d19-af34-5ade9eb6e56f-768x768.jpg 768w, https:\/\/enolife.com.ar\/es\/wp-content\/uploads\/2022\/05\/029dd84e-7e08-4d19-af34-5ade9eb6e56f-585x585.jpg 585w, https:\/\/enolife.com.ar\/es\/wp-content\/uploads\/2022\/05\/029dd84e-7e08-4d19-af34-5ade9eb6e56f.jpg 1080w\" sizes=\"auto, (max-width: 287px) 100vw, 287px\" \/><\/figure><\/div>\n\n\n\n<p>En este nuevo emplazamiento de la&nbsp;<strong>Feria de Arte Accesible<\/strong>, que tiene lugar <strong>hoy 21\/5 y ma\u00f1ana 22\/5 en el Patio Cultural Vistalba<\/strong>, participar\u00e1n como colaboradores y tambi\u00e9n como expositores de productos en venta, alumnos y docentes de las escuelas especiales <strong>\u00abLe\u00f3n Gieco\u00bb<\/strong>,&nbsp;<strong>\u00abDr. Daniel F. Gonz\u00e1lez\u00bb<\/strong>, <strong>\u00abSim\u00f3n Ch\u00e1vez\u00bb<\/strong>, del <strong>Centro de D\u00eda Chacras<\/strong> <strong>Para Todos<\/strong> y del emprendimiento <strong>\u00abInclus\u00bb<\/strong>. Los chicos presentar\u00e1n sus creaciones, fabricadas en sus tallerer con telas, papel, cart\u00f3n y cer\u00e1mica. <\/p>\n\n\n\n<p>Para acompa\u00f1ar la Feria, en esta ocasi\u00f3n actuar\u00e1n varias bandas de rock mendocinas: hoy, \u00abLas manos de Filipi\u00bb; y ma\u00f1ana domingo \u00abMovidos del lugar\u00bb, \u00abLa fiebre del loco\u00bb, \u00abAns cruza\u00bb, \u00abAmbiencia\u00bb y \u00abLa tuca de Luca\u00bb.<\/p>\n\n\n\n<p>El <strong>ciclo Arte Accesible<\/strong> ha sido declarado de inter\u00e9s legislativo por la&nbsp;<strong>C\u00e1mara de Diputados de Mendoza (resoluci\u00f3n N\u00ba863\/2022)<\/strong>&nbsp;por incluir entre sus expositores a personas con discapacidad.<\/p>\n\n\n\n<div style=\"height:25px\" aria-hidden=\"true\" class=\"wp-block-spacer\"><\/div>\n","protected":false},"excerpt":{"rendered":"<p>La iniciativa \u00abFeria de Arte Accesible\u00bb contin\u00faa este fin de semana, s\u00e1bado y domingo de&hellip;<\/p>\n","protected":false},"author":3,"featured_media":62768,"comment_status":"open","ping_status":"open","sticky":false,"template":"","format":"standard","meta":{"footnotes":""},"categories":[47],"tags":[],"class_list":["post-62757","post","type-post","status-publish","format-standard","has-post-thumbnail","hentry","category-agenda"],"_links":{"self":[{"href":"https:\/\/enolife.com.ar\/es\/wp-json\/wp\/v2\/posts\/62757","targetHints":{"allow":["GET"]}}],"collection":[{"href":"https:\/\/enolife.com.ar\/es\/wp-json\/wp\/v2\/posts"}],"about":[{"href":"https:\/\/enolife.com.ar\/es\/wp-json\/wp\/v2\/types\/post"}],"author":[{"embeddable":true,"href":"https:\/\/enolife.com.ar\/es\/wp-json\/wp\/v2\/users\/3"}],"replies":[{"embeddable":true,"href":"https:\/\/enolife.com.ar\/es\/wp-json\/wp\/v2\/comments?post=62757"}],"version-history":[{"count":0,"href":"https:\/\/enolife.com.ar\/es\/wp-json\/wp\/v2\/posts\/62757\/revisions"}],"wp:featuredmedia":[{"embeddable":true,"href":"https:\/\/enolife.com.ar\/es\/wp-json\/wp\/v2\/media\/62768"}],"wp:attachment":[{"href":"https:\/\/enolife.com.ar\/es\/wp-json\/wp\/v2\/media?parent=62757"}],"wp:term":[{"taxonomy":"category","embeddable":true,"href":"https:\/\/enolife.com.ar\/es\/wp-json\/wp\/v2\/categories?post=62757"},{"taxonomy":"post_tag","embeddable":true,"href":"https:\/\/enolife.com.ar\/es\/wp-json\/wp\/v2\/tags?post=62757"}],"curies":[{"name":"wp","href":"https:\/\/api.w.org\/{rel}","templated":true}]}}