{"id":62723,"date":"2022-05-21T16:29:18","date_gmt":"2022-05-21T16:29:18","guid":{"rendered":"http:\/\/enolife.com.ar\/es\/?p=62723"},"modified":"2022-05-23T01:08:38","modified_gmt":"2022-05-23T01:08:38","slug":"vinos-de-100-bodegas-mendocinas-generan-interes-y-negocios-en-la-feria-prowein-de-alemania","status":"publish","type":"post","link":"https:\/\/enolife.com.ar\/es\/vinos-de-100-bodegas-mendocinas-generan-interes-y-negocios-en-la-feria-prowein-de-alemania\/","title":{"rendered":"Vinos de 100 bodegas mendocinas generan inter\u00e9s y negocios en la Feria Prowein de Alemania"},"content":{"rendered":"\n<h4 class=\"wp-block-heading\"><em><strong>Unas 150 bodegas de Argentina, en su mayor\u00eda de Mendoza, participaron con sus etiquetas del 15 al 17 de mayo en la Prowein D\u00fcsseldorf, una de las ferias de vinos m\u00e1s importantes del mundo. A pesar de la disminuci\u00f3n del 30% del p\u00fablico asistente con respecto a la \u00faltima feria prepandemia, creci\u00f3 la calidad de las reuniones y la expectativa de negocios, con foco especial en los vinos org\u00e1nicos. Con apoyo de ProMendoza -la agencia de promoci\u00f3n de exportaciones de la provincia- viajaron varios titulares de bodegas, quienes expresaron conformidad con el resultado de la misi\u00f3n.<\/strong><\/em><\/h4>\n\n\n\n<div style=\"height:20px\" aria-hidden=\"true\" class=\"wp-block-spacer\"><\/div>\n\n\n\n\n\n<div style=\"height:76px\" aria-hidden=\"true\" class=\"wp-block-spacer\"><\/div>\n\n\n\n<p>Argentina sorprendi\u00f3 con el dise\u00f1o de nuevos productos, con propuestas de negocios y con precios aceptables en el Pabell\u00f3n del Nuevo Mundo de la Feria ProWein de D\u00fcsseldorf, Alemania. La muestra, las reuniones de negocios y las catas ofrecidas por los mendocinos congregaron una notable afluencia de p\u00fablico, lo que genera buenas expectativas de futura comercializaci\u00f3n en Europa y otros mercados. <\/p>\n\n\n\n<p><strong>Mauricio Lorca<\/strong>, de la <strong>Bodega Foster Lorca<\/strong>, destac\u00f3: <em>\u00abDespu\u00e9s de dos a\u00f1os, ten\u00edamos grandes expectativas de reencontrarnos con nuestros clientes, mostrarles las nuevas a\u00f1adas y los nuevos vinos. Volvemos con una expectativa importante de crecimiento, y estamos analizando estar en el hub log\u00edstico de ProMendoza en Barcelona, porque es una gran alternativa para acercar nuestros vinos al mercado europeo\u00bb<\/em>.<\/p>\n\n\n\n<p>Por otro lado, varios de los asistentes argentinos pusieron de relieve que se consolida la tendencia del consumo de <strong>vinos org\u00e1nicos<\/strong>. Al respecto, <strong>Adriano Vivas<\/strong> de <strong>Bodega Montlaiz<\/strong> y representante del grupo exportador <strong>NOW -Natural &amp; Organic Winegrowers-<\/strong> asegur\u00f3 que <em>\u00abla feria fue buena, muchos visitantes de Europa, buen punto de contacto luego de varios a\u00f1os de virtualidad, mostrando productos nuevos, y con algunos vinos 2022\u00bb.<\/em><\/p>\n\n\n\n<p><strong>Marcelo Licanic<\/strong>, director comercial de <strong>Vinos de Potrero<\/strong>, dijo que <em>\u00abha sido una gran oportunidad para retomar el contacto con los clientes en Europa, planificando una agenda hacia adelante. Hemos detectado muchas oportunidades de negocios y nuevos requisitos para seguir siendo competitivos en el mercado\u00bb.<\/em><\/p>\n\n\n\n<p>Asimismo, la participaci\u00f3n en estos eventos otorga a las directivos de bodegas una visi\u00f3n m\u00e1s amplia del mercado global y de la competencia. En este sentido, algunos de los integrantes de la misi\u00f3n se expresaron sobre la importancia de estar presentes en ferias de esta magnitud. <strong>Patricia Serizola<\/strong>, directora ejecutiva y sommelier de <strong>Bodega Anaia<\/strong>, coment\u00f3: <em>\u00abEstamos contentos y agradecidos de poder estar aqu\u00ed, participar, y darle visibilidad a nuestro proyecto\u00bb. <\/em><\/p>\n\n\n\n<p><strong>Agust\u00edn Palazzo<\/strong>, gerente de Ventas y Exportaciones de Bodega Anaia, agreg\u00f3: <em>\u00abEsta es nuestra primera experiencia en una feria internacional y ha superado nuestras expectativas\u00bb.<\/em><\/p>\n\n\n\n<p>Por su parte, <strong>Agustina Artola<\/strong>, <em>export manager<\/em> de <strong>Bodega Jorge Rubio<\/strong>, de General Alvear, Mendoza, expres\u00f3: <em>\u00abEs un honor presentar por primera vez en esta feria internacional nuestros vinos de General Alvear y participar con los m\u00e1s grandes del mundo\u00bb.<\/em><\/p>\n\n\n\n<div style=\"height:20px\" aria-hidden=\"true\" class=\"wp-block-spacer\"><\/div>\n\n\n\n<p class=\"has-small-font-size\"><em><strong>Fuente: ProMendoza<\/strong><\/em><\/p>\n\n\n\n<div style=\"height:20px\" aria-hidden=\"true\" class=\"wp-block-spacer\"><\/div>\n","protected":false},"excerpt":{"rendered":"<p>Unas 150 bodegas de Argentina, en su mayor\u00eda de Mendoza, participaron con sus etiquetas del&hellip;<\/p>\n","protected":false},"author":3,"featured_media":62778,"comment_status":"open","ping_status":"open","sticky":false,"template":"","format":"standard","meta":{"footnotes":""},"categories":[14],"tags":[],"class_list":["post-62723","post","type-post","status-publish","format-standard","has-post-thumbnail","hentry","category-news"],"_links":{"self":[{"href":"https:\/\/enolife.com.ar\/es\/wp-json\/wp\/v2\/posts\/62723","targetHints":{"allow":["GET"]}}],"collection":[{"href":"https:\/\/enolife.com.ar\/es\/wp-json\/wp\/v2\/posts"}],"about":[{"href":"https:\/\/enolife.com.ar\/es\/wp-json\/wp\/v2\/types\/post"}],"author":[{"embeddable":true,"href":"https:\/\/enolife.com.ar\/es\/wp-json\/wp\/v2\/users\/3"}],"replies":[{"embeddable":true,"href":"https:\/\/enolife.com.ar\/es\/wp-json\/wp\/v2\/comments?post=62723"}],"version-history":[{"count":0,"href":"https:\/\/enolife.com.ar\/es\/wp-json\/wp\/v2\/posts\/62723\/revisions"}],"wp:featuredmedia":[{"embeddable":true,"href":"https:\/\/enolife.com.ar\/es\/wp-json\/wp\/v2\/media\/62778"}],"wp:attachment":[{"href":"https:\/\/enolife.com.ar\/es\/wp-json\/wp\/v2\/media?parent=62723"}],"wp:term":[{"taxonomy":"category","embeddable":true,"href":"https:\/\/enolife.com.ar\/es\/wp-json\/wp\/v2\/categories?post=62723"},{"taxonomy":"post_tag","embeddable":true,"href":"https:\/\/enolife.com.ar\/es\/wp-json\/wp\/v2\/tags?post=62723"}],"curies":[{"name":"wp","href":"https:\/\/api.w.org\/{rel}","templated":true}]}}