{"id":62325,"date":"2022-05-24T01:06:06","date_gmt":"2022-05-24T01:06:06","guid":{"rendered":"http:\/\/enolife.com.ar\/es\/?p=62325"},"modified":"2022-05-24T19:36:22","modified_gmt":"2022-05-24T19:36:22","slug":"juli-tiene-un-tumor-cerebral-y-no-puede-iniciar-su-tratamiento-por-el-paro-de-anestesistas-en-mendoza","status":"publish","type":"post","link":"https:\/\/enolife.com.ar\/es\/juli-tiene-un-tumor-cerebral-y-no-puede-iniciar-su-tratamiento-por-el-paro-de-anestesistas-en-mendoza\/","title":{"rendered":"Juli tiene un tumor cerebral y no puede iniciar su tratamiento por el paro de anestesistas en Mendoza"},"content":{"rendered":"\n<h4 class=\"wp-block-heading\"><em><strong>Julieta Micaela Flores tiene 8 a\u00f1os, es mendocina, de Guaymall\u00e9n y la hija menor del productor oliv\u00edcola Pablo Flores. Hace 15 d\u00edas le diagnosticaron un tumor en el tronco encef\u00e1lico que, por su localizaci\u00f3n, no puede ser operado. Ahora, Juli est\u00e1 internada en el Hospital Materno Infantil Humberto Notti de Mendoza, pero necesita un traslado al Hospital Garrahan de Buenos Aires para que le realicen en forma urgente una biopsia para definir la terapia a utilizar. Esa intervenci\u00f3n podr\u00eda realizarse en Mendoza, sin embargo por un paro de m\u00e9dicos anestesi\u00f3logos en esta provincia la intervenci\u00f3n se retrasa, con el consiguiente riesgo para su salud. <\/strong><\/em><\/h4>\n\n\n\n<hr class=\"wp-block-separator\"\/>\n\n\n\n<h4 class=\"wp-block-heading\"><em><strong>Mientras tanto, ella extra\u00f1a su casa, su escuela, su barrio y a sus hermanas. Sus padres Graciela y Pablo piden una cadena de oraci\u00f3n para rogar por su salud y ayuda econ\u00f3mica para cuando deban instalarse con ella en la capital argentina, quiz\u00e1 por un largo tiempo.<\/strong><\/em><\/h4>\n\n\n\n<div style=\"height:40px\" aria-hidden=\"true\" class=\"wp-block-spacer\"><\/div>\n\n\n\n<p>Su nombre completo es <strong>Julieta Micaela Flores<\/strong>. Est\u00e1 en tercer grado de la Escuela Unicef de Capilla del Rosario, Guaymall\u00e9n. Naci\u00f3 el 30 de diciembre de 2013 y es la menor de 3 hermanas. El 10 de mayo pasado, Juli se sinti\u00f3 mal y sus pap\u00e1s Pablo y Graciela la llevaron al Hospital Notti, donde le hicieron estudios a partir de los cuales le diagnosticaron un tumor en el tronco cerebral. Al 17\/5 su historia cl\u00ednica dec\u00eda lo siguiente:<\/p>\n\n\n\n<div style=\"height:20px\" aria-hidden=\"true\" class=\"wp-block-spacer\"><\/div>\n\n\n\n<div class=\"wp-block-image\"><figure class=\"aligncenter size-large is-resized\"><img loading=\"lazy\" decoding=\"async\" src=\"https:\/\/enolife.com.ar\/es\/wp-content\/uploads\/2022\/05\/283511219_103939979000108_983722125429910911_n-856x1024.jpg\" alt=\"\" class=\"wp-image-62918\" width=\"534\" height=\"638\" srcset=\"https:\/\/enolife.com.ar\/es\/wp-content\/uploads\/2022\/05\/283511219_103939979000108_983722125429910911_n-856x1024.jpg 856w, https:\/\/enolife.com.ar\/es\/wp-content\/uploads\/2022\/05\/283511219_103939979000108_983722125429910911_n-251x300.jpg 251w, https:\/\/enolife.com.ar\/es\/wp-content\/uploads\/2022\/05\/283511219_103939979000108_983722125429910911_n-768x919.jpg 768w, https:\/\/enolife.com.ar\/es\/wp-content\/uploads\/2022\/05\/283511219_103939979000108_983722125429910911_n-1283x1536.jpg 1283w, https:\/\/enolife.com.ar\/es\/wp-content\/uploads\/2022\/05\/283511219_103939979000108_983722125429910911_n-1170x1400.jpg 1170w, https:\/\/enolife.com.ar\/es\/wp-content\/uploads\/2022\/05\/283511219_103939979000108_983722125429910911_n-585x700.jpg 585w, https:\/\/enolife.com.ar\/es\/wp-content\/uploads\/2022\/05\/283511219_103939979000108_983722125429910911_n.jpg 1535w\" sizes=\"auto, (max-width: 534px) 100vw, 534px\" \/><\/figure><\/div>\n\n\n\n<div style=\"height:20px\" aria-hidden=\"true\" class=\"wp-block-spacer\"><\/div>\n\n\n\n<p>Por su ubicaci\u00f3n en el cerebro, el tumor no es operable; s\u00f3lo se puede hacer un tratamiento de rayos y quimioterapia para que no se siga inflamando, y controlarlo para que no presione ning\u00fan nervio que pueda paralizar alguna parte del cuerpo. Pero para llevarlo a cabo, los m\u00e9dicos del Notti sugieren un urgente traslado al Hospital Garrahan de Buenos Aires, previa biopsia para llevar su diagn\u00f3stico completo. Pero el paro de anestesistas que en estos d\u00edas se realiza en Mendoza en reclamo de mejoras salariales est\u00e1 postergando esta intervenci\u00f3n. Mientras tanto, se gestiona una cama en el Garrahan.<\/p>\n\n\n\n<div style=\"height:20px\" aria-hidden=\"true\" class=\"wp-block-spacer\"><\/div>\n\n\n\n<div class=\"wp-block-image\"><figure class=\"aligncenter size-large is-resized\"><img loading=\"lazy\" decoding=\"async\" src=\"https:\/\/enolife.com.ar\/es\/wp-content\/uploads\/2022\/05\/283770444_104592938934812_7321104318440785866_n-1.jpg\" alt=\"\" class=\"wp-image-62939\" width=\"504\" height=\"414\" srcset=\"https:\/\/enolife.com.ar\/es\/wp-content\/uploads\/2022\/05\/283770444_104592938934812_7321104318440785866_n-1.jpg 525w, https:\/\/enolife.com.ar\/es\/wp-content\/uploads\/2022\/05\/283770444_104592938934812_7321104318440785866_n-1-300x246.jpg 300w\" sizes=\"auto, (max-width: 504px) 100vw, 504px\" \/><figcaption><em><strong>Juli espera una cirug\u00eda para biopsia cerebral y se entretiene desplegando su creatividad en el Hospital Notti.<\/strong><\/em><\/figcaption><\/figure><\/div>\n\n\n\n<div style=\"height:20px\" aria-hidden=\"true\" class=\"wp-block-spacer\"><\/div>\n\n\n\n<p class=\"has-background has-very-light-gray-background-color\"><strong>Pablo Flores<\/strong>, su pap\u00e1, explic\u00f3: \u00ab<em>Para poder comenzar con la radioterapia tienen que hacerle antes la biopsia. En el Notti no se la han podido hacer todav\u00eda por el conflicto con los anestesistas. Tambi\u00e9n estamos a la espera de una cama oncol\u00f3gica en el&nbsp;Hospital Garrahan de Buenos Aires, pero a\u00fan no hay camas disponibles<\/em>. <strong><em>Necesitamos con urgencia que all\u00e1 o ac\u00e1 le hagan la biopsia. Juli necesita urgente empezar el tratamiento para detener el crecimiento del tumor<\/em>\u00ab<\/strong>.<\/p>\n\n\n\n<div style=\"height:20px\" aria-hidden=\"true\" class=\"wp-block-spacer\"><\/div>\n\n\n\n<p>Por otra parte, Pablo manifest\u00f3 a Enolife:<em> \u00abEstamos muy agradecidos al Hospital Notti por el trato recibido y por la buena predisposici\u00f3n de los doctores Gisela Drago, Gonzalo Aveiro, Yesica Ruiz y Ariel Bravo, quienes no s\u00f3lo ejercieron como profesionales sino que tambi\u00e9n nos brindaron su contenci\u00f3n.\u00bb<\/em><\/p>\n\n\n\n<div style=\"height:20px\" aria-hidden=\"true\" class=\"wp-block-spacer\"><\/div>\n\n\n\n<div class=\"wp-block-image\"><figure class=\"alignleft size-large is-resized\"><img loading=\"lazy\" decoding=\"async\" src=\"https:\/\/enolife.com.ar\/es\/wp-content\/uploads\/2022\/05\/270748442_3037009323282491_685203305141244699_n-683x1024.jpg\" alt=\"\" class=\"wp-image-62947\" width=\"291\" height=\"436\" srcset=\"https:\/\/enolife.com.ar\/es\/wp-content\/uploads\/2022\/05\/270748442_3037009323282491_685203305141244699_n-683x1024.jpg 683w, https:\/\/enolife.com.ar\/es\/wp-content\/uploads\/2022\/05\/270748442_3037009323282491_685203305141244699_n-200x300.jpg 200w, https:\/\/enolife.com.ar\/es\/wp-content\/uploads\/2022\/05\/270748442_3037009323282491_685203305141244699_n-768x1152.jpg 768w, https:\/\/enolife.com.ar\/es\/wp-content\/uploads\/2022\/05\/270748442_3037009323282491_685203305141244699_n-1024x1536.jpg 1024w, https:\/\/enolife.com.ar\/es\/wp-content\/uploads\/2022\/05\/270748442_3037009323282491_685203305141244699_n-1170x1755.jpg 1170w, https:\/\/enolife.com.ar\/es\/wp-content\/uploads\/2022\/05\/270748442_3037009323282491_685203305141244699_n-585x878.jpg 585w, https:\/\/enolife.com.ar\/es\/wp-content\/uploads\/2022\/05\/270748442_3037009323282491_685203305141244699_n.jpg 1365w\" sizes=\"auto, (max-width: 291px) 100vw, 291px\" \/><\/figure><\/div>\n\n\n\n<p><strong>Pablo Flores<\/strong> es un peque\u00f1o productor, un \u00abemprendedor serial\u00bb, como se define. Junto a su esposa Graciela tienen una marca de aceites de oliva extra virgen, <strong>\u00abLovers Oil\u00bb<\/strong>. Est\u00e1 estudiando Enolog\u00eda e incursionando en el mundo vitivin\u00edcola con su propia marca de vinos. Graciela se ocupa del envasado y del dise\u00f1o de las etiquetas, y ambos est\u00e1n involucrados en la venta y el m\u00e1rketing. <strong>Graciela<\/strong>, con ayuda de sus ni\u00f1as, adem\u00e1s hace empanadas caseras y pizzas para vender. <\/p>\n\n\n\n<p>En la actualidad su tiempo est\u00e1 dedicado a Juli, y la merma en su trabajo complica su situaci\u00f3n econ\u00f3mica, por lo que necesitan de nuestra solidaridad para costear el viaje a Buenos Aires y los gastos actuales.&nbsp;<\/p>\n\n\n\n<p class=\"has-background has-very-light-gray-background-color\">Los interesados en colaborar pueden depositar su ayuda en la cuenta cuyo titular es Pablo Enrique Flores (<strong>CBU<\/strong> <strong>0110629530062916311697) o la cuenta del mismo titular en Mercado (CVU 0000003100061552511879).<br>Y pueden comunicarse con Pablo Flores al tel\u00e9fono o al Whastsapp 2616751681.<br>Adem\u00e1s se puede alentar a Juli a trav\u00e9s del muro de Facebook creado por su familia: <a href=\"https:\/\/www.facebook.com\/profile.php?id=100081523179902\">Juli Flores<\/a><\/strong>.<\/p>\n\n\n\n<div style=\"height:27px\" aria-hidden=\"true\" class=\"wp-block-spacer\"><\/div>\n","protected":false},"excerpt":{"rendered":"<p>Julieta Micaela Flores tiene 8 a\u00f1os, es mendocina, de Guaymall\u00e9n y la hija menor del&hellip;<\/p>\n","protected":false},"author":3,"featured_media":62946,"comment_status":"open","ping_status":"open","sticky":false,"template":"","format":"standard","meta":{"footnotes":""},"categories":[14],"tags":[],"class_list":["post-62325","post","type-post","status-publish","format-standard","has-post-thumbnail","hentry","category-news"],"_links":{"self":[{"href":"https:\/\/enolife.com.ar\/es\/wp-json\/wp\/v2\/posts\/62325","targetHints":{"allow":["GET"]}}],"collection":[{"href":"https:\/\/enolife.com.ar\/es\/wp-json\/wp\/v2\/posts"}],"about":[{"href":"https:\/\/enolife.com.ar\/es\/wp-json\/wp\/v2\/types\/post"}],"author":[{"embeddable":true,"href":"https:\/\/enolife.com.ar\/es\/wp-json\/wp\/v2\/users\/3"}],"replies":[{"embeddable":true,"href":"https:\/\/enolife.com.ar\/es\/wp-json\/wp\/v2\/comments?post=62325"}],"version-history":[{"count":0,"href":"https:\/\/enolife.com.ar\/es\/wp-json\/wp\/v2\/posts\/62325\/revisions"}],"wp:featuredmedia":[{"embeddable":true,"href":"https:\/\/enolife.com.ar\/es\/wp-json\/wp\/v2\/media\/62946"}],"wp:attachment":[{"href":"https:\/\/enolife.com.ar\/es\/wp-json\/wp\/v2\/media?parent=62325"}],"wp:term":[{"taxonomy":"category","embeddable":true,"href":"https:\/\/enolife.com.ar\/es\/wp-json\/wp\/v2\/categories?post=62325"},{"taxonomy":"post_tag","embeddable":true,"href":"https:\/\/enolife.com.ar\/es\/wp-json\/wp\/v2\/tags?post=62325"}],"curies":[{"name":"wp","href":"https:\/\/api.w.org\/{rel}","templated":true}]}}