{"id":62317,"date":"2022-05-18T02:35:45","date_gmt":"2022-05-18T02:35:45","guid":{"rendered":"http:\/\/enolife.com.ar\/es\/?p=62317"},"modified":"2022-05-20T13:40:18","modified_gmt":"2022-05-20T13:40:18","slug":"vitivinicultores-de-la-pampa-se-capacitaran-en-busca-de-la-indicacion-geografica-regional","status":"publish","type":"post","link":"https:\/\/enolife.com.ar\/es\/vitivinicultores-de-la-pampa-se-capacitaran-en-busca-de-la-indicacion-geografica-regional\/","title":{"rendered":"Vitivinicultores de La Pampa se capacitar\u00e1n en busca de la Indicaci\u00f3n Geogr\u00e1fica regional"},"content":{"rendered":"\n<h4 class=\"wp-block-heading\"><em><strong>El 2 de junio pr\u00f3ximo se llevar\u00e1 a cabo la \u00abPrimera Jornada Pampeana de Vitivinicultura\u00bb en el Auditorio de la ciudad de 25 de Mayo, con la organizaci\u00f3n del INTA y el Grupo de Investigaci\u00f3n en Qu\u00edmica Anal\u00edtica y Quimiometr\u00eda (Giqaq) de la Facultad de Ciencias Exactas y Naturales de la Universidad Nacional de La Pampa. El objetivo es brindar actualizaciones t\u00e9cnicas a los productores para fortalecer el desarrollo de la vitivinicultura de la regi\u00f3n. Los 8 disertantes son investigadores y t\u00e9cnicos de ambas instituciones, 3 de ellos mendocinos. La jornada es presencial, gratuita y con inscripci\u00f3n previa.<\/strong><\/em><\/h4>\n\n\n\n<div style=\"height:20px\" aria-hidden=\"true\" class=\"wp-block-spacer\"><\/div>\n\n\n\n\n\n<div style=\"height:37px\" aria-hidden=\"true\" class=\"wp-block-spacer\"><\/div>\n\n\n\n<p>Con la finalidad de generar un \u00e1mbito para el intercambio entre los productores de la provincia de <strong>La Pampa<\/strong> y de las provincias patag\u00f3nicas vecinas, el <strong>INTA de 25 de Mayo<\/strong> (La Pampa) y la <strong>Universidad Nacional de La Pampa<\/strong> invitan a la Primera Jornada pampeana de Vitivinicultura.<\/p>\n\n\n\n<div style=\"height:20px\" aria-hidden=\"true\" class=\"wp-block-spacer\"><\/div>\n\n\n\n<div class=\"wp-block-image\"><figure class=\"alignleft size-large is-resized\"><img loading=\"lazy\" decoding=\"async\" src=\"https:\/\/enolife.com.ar\/es\/wp-content\/uploads\/2022\/05\/74377978-eaea-4f6f-8fe7-9bcf82ead71c.jpg\" alt=\"\" class=\"wp-image-62320\" width=\"373\" height=\"373\" srcset=\"https:\/\/enolife.com.ar\/es\/wp-content\/uploads\/2022\/05\/74377978-eaea-4f6f-8fe7-9bcf82ead71c.jpg 600w, https:\/\/enolife.com.ar\/es\/wp-content\/uploads\/2022\/05\/74377978-eaea-4f6f-8fe7-9bcf82ead71c-300x300.jpg 300w, https:\/\/enolife.com.ar\/es\/wp-content\/uploads\/2022\/05\/74377978-eaea-4f6f-8fe7-9bcf82ead71c-150x150.jpg 150w, https:\/\/enolife.com.ar\/es\/wp-content\/uploads\/2022\/05\/74377978-eaea-4f6f-8fe7-9bcf82ead71c-585x585.jpg 585w\" sizes=\"auto, (max-width: 373px) 100vw, 373px\" \/><\/figure><\/div>\n\n\n\n<p>Seg\u00fan explican desde la organizaci\u00f3n, este encuentro es la respuesta a la necesidad planteada por los integrantes del sector vitivin\u00edcola de generar un espacio que permita impulsar la identidad de los vinos locales, mostrar las capacidades y cualidades instaladas, buscar alternativas de comercializaci\u00f3n para poner en valor el terru\u00f1o y los vinos pampeanos y entregar a los productores herramientas que les permitan avanzar, fomentando el desarrollo de la econom\u00eda regional.<\/p>\n\n\n\n<p>Es importante destacar que esta iniciativa es parte de las actividades planteadas en el proyecto \u00abHacia la adquisici\u00f3n del sello de Indicaci\u00f3n Geogr\u00e1fica: en el camino del fortalecimiento de la producci\u00f3n vitivin\u00edcola sustentable\u00bb otorgado por el <strong>Consejo Federal de Ciencia y Tecnolog\u00eda (Coefecyt)<\/strong>, que tiene como objetivo general identificar, valorizar y promover la actividad vitivin\u00edcola pampeana con calidad vinculada al origen para contribuir a la diversificaci\u00f3n de la matriz productiva provincial.<\/p>\n\n\n\n<p>La actividad est\u00e1 destinado a en\u00f3logos, t\u00e9cnicos e ingenieros, bodegueros, productores, comercializadores, docentes y estudiantes de ciencias qu\u00edmicas, agron\u00f3micas y carreras afines, p\u00fablico en general.<\/p>\n\n\n\n<p class=\"has-background has-very-light-gray-background-color\"><strong>Lugar<\/strong>: Centro Cultural de 25 de Mayo &#8211; La Pampa<br><strong>Fecha<\/strong>: 2 de junio de 2022<br><strong>Inscripci\u00f3n: <a href=\"https:\/\/docs.google.com\/forms\/d\/e\/1FAIpQLScFqficqBkIcfMlZEW85ZmFSOjkITg_oMDgilhWZKPBadEWLg\/viewform\">AQU\u00cd <\/a><\/strong><\/p>\n\n\n\n<div style=\"height:20px\" aria-hidden=\"true\" class=\"wp-block-spacer\"><\/div>\n\n\n\n<p class=\"has-medium-font-size\"><strong>Agenda<\/strong><\/p>\n\n\n\n<p class=\"has-background has-very-light-gray-background-color\"><strong>10.00 hs. Registro y recepci\u00f3n<\/strong><\/p>\n\n\n\n<p><strong>11.00 &#8211; 11.30 hs<\/strong>. Inicio de la jornada con palabras de bienvenida de los organizadores<\/p>\n\n\n\n<p><strong>11.30 &#8211; 12.00 hs<\/strong>. <strong>Javier Leandro Roby (INV):<\/strong> El origen del vino, clave de desarrollo y calidad<\/p>\n\n\n\n<p><strong>12.00 &#8211; 12.30 hs.<\/strong> <strong>Jorge Prieto (EEA INTA Mendoza):<\/strong> Respuestas a la temperatura y estrategias vit\u00edcolas de adaptaci\u00f3n al cambio clim\u00e1tico<\/p>\n\n\n\n<p class=\"has-background has-very-light-gray-background-color\"><strong>12.30 &#8211; 14.00 hs. Receso y almuerzo<\/strong><\/p>\n\n\n\n<p><strong>14.00 -14.30 hs. Rodrigo Alonso (IBAM-Conicet): <\/strong>Viento como se\u00f1al ambiental en plantas de Vitis vin\u00edfera L. cv Malbec, y su interacci\u00f3n con la restricci\u00f3n h\u00eddrica como estrategia de manejo en el vi\u00f1edo<\/p>\n\n\n\n<p><strong>14.30 &#8211; 15.00 hs<\/strong>. <strong>Santiago Sari (EEA INTA Mendoza):<\/strong> Caracterizaci\u00f3n de variedades criollas minoritarias argentinas<\/p>\n\n\n\n<p><strong>15.00 -15.30 hs<\/strong>.<strong> Carolina Aumassanne (AER INTA 25 de Mayo): <\/strong>Aproximaci\u00f3n a la estimaci\u00f3n de la huella h\u00eddrica del cultivo de vid en la cuenca del rio Colorado<\/p>\n\n\n\n<p class=\"has-background has-very-light-gray-background-color\"><strong>15.30 &#8211; 16.00 hs. Coffee break<\/strong><\/p>\n\n\n\n<p><strong>16.00 &#8211; 16.30 hs<\/strong>. <strong>Marianela Savio (Incitap &#8211; Conicet &#8211; UNLPam): <\/strong>An\u00e1lisis de componentes qu\u00edmicos para el estudio de la trazabilidad y el origen de vinos<\/p>\n\n\n\n<p><strong>16.30 &#8211; 17.00 hs<\/strong>.<strong> Mart\u00edn Fanzone (EEA INTA Mendoza): <\/strong>Alternativas tecnol\u00f3gicas para la enolog\u00eda de zonas c\u00e1lidas<\/p>\n\n\n\n<p><strong>17.00 &#8211; 17.30 hs. Ayel\u00e9n Varela (AER INTA 25 de Mayo) y Marcelo Wagner (GIQAQ):<\/strong> Caracterizaci\u00f3n qu\u00edmica de vinos provenientes de la Cuenca media del r\u00edo Colorado<\/p>\n\n\n\n<p class=\"has-background has-very-light-gray-background-color\"><strong>17.30 &#8211; 18.00 hs. Cierre de la jornada y entrega de certificados<\/strong><\/p>\n\n\n\n<p><strong>18.30 hs. Cata de vinos elaborados en 2022 por bodegas pampeanas<\/strong><\/p>\n\n\n\n<div style=\"height:44px\" aria-hidden=\"true\" class=\"wp-block-spacer\"><\/div>\n","protected":false},"excerpt":{"rendered":"<p>El 2 de junio pr\u00f3ximo se llevar\u00e1 a cabo la \u00abPrimera Jornada Pampeana de Vitivinicultura\u00bb&hellip;<\/p>\n","protected":false},"author":3,"featured_media":62386,"comment_status":"open","ping_status":"open","sticky":false,"template":"","format":"standard","meta":{"footnotes":""},"categories":[47],"tags":[],"class_list":["post-62317","post","type-post","status-publish","format-standard","has-post-thumbnail","hentry","category-agenda"],"_links":{"self":[{"href":"https:\/\/enolife.com.ar\/es\/wp-json\/wp\/v2\/posts\/62317","targetHints":{"allow":["GET"]}}],"collection":[{"href":"https:\/\/enolife.com.ar\/es\/wp-json\/wp\/v2\/posts"}],"about":[{"href":"https:\/\/enolife.com.ar\/es\/wp-json\/wp\/v2\/types\/post"}],"author":[{"embeddable":true,"href":"https:\/\/enolife.com.ar\/es\/wp-json\/wp\/v2\/users\/3"}],"replies":[{"embeddable":true,"href":"https:\/\/enolife.com.ar\/es\/wp-json\/wp\/v2\/comments?post=62317"}],"version-history":[{"count":0,"href":"https:\/\/enolife.com.ar\/es\/wp-json\/wp\/v2\/posts\/62317\/revisions"}],"wp:featuredmedia":[{"embeddable":true,"href":"https:\/\/enolife.com.ar\/es\/wp-json\/wp\/v2\/media\/62386"}],"wp:attachment":[{"href":"https:\/\/enolife.com.ar\/es\/wp-json\/wp\/v2\/media?parent=62317"}],"wp:term":[{"taxonomy":"category","embeddable":true,"href":"https:\/\/enolife.com.ar\/es\/wp-json\/wp\/v2\/categories?post=62317"},{"taxonomy":"post_tag","embeddable":true,"href":"https:\/\/enolife.com.ar\/es\/wp-json\/wp\/v2\/tags?post=62317"}],"curies":[{"name":"wp","href":"https:\/\/api.w.org\/{rel}","templated":true}]}}