{"id":62078,"date":"2022-05-15T15:47:17","date_gmt":"2022-05-15T15:47:17","guid":{"rendered":"http:\/\/enolife.com.ar\/es\/?p=62078"},"modified":"2022-05-18T15:48:33","modified_gmt":"2022-05-18T15:48:33","slug":"gobierno-y-productores-puntanos-impulsan-la-marca-vino-de-san-luis","status":"publish","type":"post","link":"https:\/\/enolife.com.ar\/es\/gobierno-y-productores-puntanos-impulsan-la-marca-vino-de-san-luis\/","title":{"rendered":"Gobierno y productores puntanos impulsan la marca Vino de San Luis"},"content":{"rendered":"\n<h4 class=\"wp-block-heading\"><em><strong>Con 200 hect\u00e1reas de vi\u00f1a y 12 bodegas en todo el territorio provincial, la vitivinicultura puntana busca insertarse en el mapa del vino argentino. Para ello, el Ministerio de Producci\u00f3n convoc\u00f3 a productores para conformar la Mesa Vitivin\u00edcola Provincial, cuyo objetivo es el crecimiento del sector y el desarrollo de la marca identificatoria del vino local.<\/strong><\/em><\/h4>\n\n\n\n<div style=\"height:31px\" aria-hidden=\"true\" class=\"wp-block-spacer\"><\/div>\n\n\n\n\n\n<div style=\"height:62px\" aria-hidden=\"true\" class=\"wp-block-spacer\"><\/div>\n\n\n\n<p>El <strong>Ministerio de Producci\u00f3n del Gobierno de San Luis<\/strong> convoc\u00f3 el 11 de mayo pasado a productores y bodegueros de la provincia para iniciar un camino conjunto de promoci\u00f3n y desarrollo de los vi\u00f1edos de su territorio. \u00ab<em>Este ser\u00e1 un impulso fuerte para mostrarle al pa\u00eds que el vino puntano es muy bueno<\/em>\u00ab, manifest\u00f3 el ministro del \u00e1rea, <strong>Juan Lavandeira<\/strong>.<\/p>\n\n\n\n<p>El <strong>Sal\u00f3n de la Puntanidad<\/strong> fue la sede del encuentro que reuni\u00f3 el 11 de mayo a funcionarios de la cartera productiva con el sector vitivin\u00edcola de la provincia, con el objetivo de poner en marcha un trabajo conjunto que apunta al&nbsp;<strong>acompa\u00f1amiento mutuo y el asesoramiento para el desarrollo de la vitivinicultura en San Luis<\/strong>.<\/p>\n\n\n\n<p>Como parte de la reuni\u00f3n, el ministro de Producci\u00f3n, Juan Lavandeira, firm\u00f3 la&nbsp;<strong>resoluci\u00f3n N\u00b0. 12-MP-2022<\/strong>, la cual dej\u00f3 formalmente conformada la&nbsp;<strong>Mesa Vitivin\u00edcola Provincial, un espacio que generar\u00e1 participaci\u00f3n y di\u00e1logo entre los distintos actores, en pos del crecimiento del sector<\/strong>. Adem\u00e1s, se abordar\u00e1 la realidad vitivin\u00edcola provincial, sus demandas y necesidades, y se trabajar\u00e1 en acciones que sirvan para mejorar los sistemas de producci\u00f3n y comercializaci\u00f3n vigentes.<\/p>\n\n\n\n<p>Del encuentro participaron<strong> Sergio Tognelli<\/strong> y<strong> Gustavo Agostini<\/strong>, de la <strong>Bodega Corral de Palos<\/strong>, ubicada en la zona de <strong>Beazley<\/strong>; <strong>Geudy Berenguer Gallastegui<\/strong>, de la <strong>Bodega Vi\u00f1as Puntanas<\/strong>, que se encuentra en la zona del <strong>Valle del Conlara<\/strong>, y los productores independientes <strong>Judith Cangiano<\/strong>, <strong>Reynaldo Pastor<\/strong>, <strong>Alejandro Roca<\/strong> y <strong>Mat\u00edas Casas<\/strong>.<\/p>\n\n\n\n<p><em>\u00abVenimos trabajando desde fines del a\u00f1o pasado en esto. Es el punto de partida formal. Tenemos 12 productores, cerca de&nbsp;200 hect\u00e1reas de producci\u00f3n en la provincia. Es algo peque\u00f1o a comparaci\u00f3n de Mendoza, San Juan o La Rioja, pero tenemos much\u00edsima capacidad de crecimiento, y las condiciones agroclim\u00e1ticas necesarias\u00bb<\/em>, subray\u00f3 Lavandeira.<\/p>\n\n\n\n<p>Y augur\u00f3: <em>\u00abNosotros queremos dar un apoyo a nuestros productores pioneros para que puedan crecer y tambi\u00e9n que sirva para incentivar a otros productores, y mostrar no solo a los productores de San Luis sino de todo el pa\u00eds que ac\u00e1 se puede, que es muy bueno el vino de la provincia\u00bb<\/em>.<\/p>\n\n\n\n<p>Lavandeira estuvo acompa\u00f1ado por el jefe del <strong>Programa Marca San Luis<\/strong>, <strong>Agust\u00edn Mart\u00ednez<\/strong>, el jefe del subprograma <strong>Colonia Agr\u00edcola<\/strong>, <strong>Alfredo Cartellone<\/strong> y el gerente de Relaciones Institucionales de <strong>Sol Puntano<\/strong>, <strong>Herman Axelrad<\/strong>.<\/p>\n\n\n\n<div style=\"height:31px\" aria-hidden=\"true\" class=\"wp-block-spacer\"><\/div>\n\n\n\n<figure class=\"wp-block-embed-youtube aligncenter wp-block-embed is-type-video is-provider-youtube wp-embed-aspect-16-9 wp-has-aspect-ratio\"><div class=\"wp-block-embed__wrapper\">\n<iframe loading=\"lazy\" title=\"Encuentro Vitivin\u00edcola  - Juan Lavandeira -  Ministro de Producci\u00f3n\" width=\"1170\" height=\"658\" src=\"https:\/\/www.youtube.com\/embed\/TOyfl3_og4U?feature=oembed\" frameborder=\"0\" allow=\"accelerometer; autoplay; clipboard-write; encrypted-media; gyroscope; picture-in-picture\" allowfullscreen><\/iframe>\n<\/div><\/figure>\n\n\n\n<div style=\"height:73px\" aria-hidden=\"true\" class=\"wp-block-spacer\"><\/div>\n\n\n\n<p class=\"has-medium-font-size\"><strong>\u00abVamos por m\u00e1s y mejor vino en San Luis\u00bb<\/strong><\/p>\n\n\n\n<p>Los productores vitivin\u00edcolas que participaron de la jornada se mostraron muy conformes y agradecidos por esta iniciativa que&nbsp;abraza al sector productivo y buscar\u00e1 potenciarlo&nbsp;a partir de distintas herramientas.<\/p>\n\n\n\n<p>\u00ab<em>El destino que tiene San Luis es el posicionamiento en el mapa vitivin\u00edcola nacional, y eso nos permite mostrar que tenemos vinos de buena calidad enol\u00f3gica para presentarnos. Nosotros estamos irrumpiendo como una regi\u00f3n emergente productora de vino, pero lo que s\u00ed tenemos para mostrar, y con muy buena capacidad, es nuestra alt\u00edsima calidad\u00bb<\/em>, destac\u00f3 Tognelli.<\/p>\n\n\n\n<p>Sobre este nuevo camino que se inicia, el bodeguero expres\u00f3: <em>\u00abEl Gobierno nos va apoyar, por ejemplo, en el asesoramiento y consultor\u00edas para crecer, para que tengamos un piso de calidad y de ah\u00ed para arriba, y que nuestras producciones tengan la identidad y personalidad del vino puntano. Transmitir el monte puntano, en sus part\u00edculas s\u00e1pidas y arom\u00e1ticas, el suelo, el tipo de agua, el clima, el viento\u00bb.<\/em><\/p>\n\n\n\n<p>Por su parte, el productor Gallastegui destac\u00f3 que fue una reuni\u00f3n importante para impulsar al sector privado vinculado a la vitivinicultura. \u00ab<em>Que ahora sumemos el respaldo provincial, o sea que seamos la marca San Luis en el vino, creo que nos va a abrir muchas puertas. Era sumamente necesario este primer paso, as\u00ed que estamos muy contentos, esperemos llegar a buen t\u00e9rmino con todo&nbsp; lo que hemos hablad<\/em>o\u00bb. Y alent\u00f3: <em>\u00abVamos por m\u00e1s y mejor vino en San Luis\u00bb.<\/em><\/p>\n\n\n\n<div style=\"height:31px\" aria-hidden=\"true\" class=\"wp-block-spacer\"><\/div>\n\n\n\n<p class=\"has-small-font-size\"><em><strong>Fuente: Gobierno de San Luis<\/strong><\/em><\/p>\n\n\n\n<div style=\"height:33px\" aria-hidden=\"true\" class=\"wp-block-spacer\"><\/div>\n","protected":false},"excerpt":{"rendered":"<p>Con 200 hect\u00e1reas de vi\u00f1a y 12 bodegas en todo el territorio provincial, la vitivinicultura&hellip;<\/p>\n","protected":false},"author":3,"featured_media":62182,"comment_status":"open","ping_status":"open","sticky":false,"template":"","format":"standard","meta":{"footnotes":""},"categories":[14],"tags":[],"class_list":["post-62078","post","type-post","status-publish","format-standard","has-post-thumbnail","hentry","category-news"],"_links":{"self":[{"href":"https:\/\/enolife.com.ar\/es\/wp-json\/wp\/v2\/posts\/62078","targetHints":{"allow":["GET"]}}],"collection":[{"href":"https:\/\/enolife.com.ar\/es\/wp-json\/wp\/v2\/posts"}],"about":[{"href":"https:\/\/enolife.com.ar\/es\/wp-json\/wp\/v2\/types\/post"}],"author":[{"embeddable":true,"href":"https:\/\/enolife.com.ar\/es\/wp-json\/wp\/v2\/users\/3"}],"replies":[{"embeddable":true,"href":"https:\/\/enolife.com.ar\/es\/wp-json\/wp\/v2\/comments?post=62078"}],"version-history":[{"count":0,"href":"https:\/\/enolife.com.ar\/es\/wp-json\/wp\/v2\/posts\/62078\/revisions"}],"wp:featuredmedia":[{"embeddable":true,"href":"https:\/\/enolife.com.ar\/es\/wp-json\/wp\/v2\/media\/62182"}],"wp:attachment":[{"href":"https:\/\/enolife.com.ar\/es\/wp-json\/wp\/v2\/media?parent=62078"}],"wp:term":[{"taxonomy":"category","embeddable":true,"href":"https:\/\/enolife.com.ar\/es\/wp-json\/wp\/v2\/categories?post=62078"},{"taxonomy":"post_tag","embeddable":true,"href":"https:\/\/enolife.com.ar\/es\/wp-json\/wp\/v2\/tags?post=62078"}],"curies":[{"name":"wp","href":"https:\/\/api.w.org\/{rel}","templated":true}]}}