{"id":61769,"date":"2022-05-13T00:35:30","date_gmt":"2022-05-13T00:35:30","guid":{"rendered":"http:\/\/enolife.com.ar\/es\/?p=61769"},"modified":"2022-05-16T15:45:18","modified_gmt":"2022-05-16T15:45:18","slug":"argentina-presente-con-125-bodegas-en-la-feria-prowein-de-dusseldorf-alemania","status":"publish","type":"post","link":"https:\/\/enolife.com.ar\/es\/argentina-presente-con-125-bodegas-en-la-feria-prowein-de-dusseldorf-alemania\/","title":{"rendered":"Argentina presente con 125 bodegas en la Feria Prowein de D\u00fcsseldorf, Alemania"},"content":{"rendered":"\n<h4 class=\"wp-block-heading\"><em><strong>Del 15 al 17 de mayo el sector internacional de vinos y licores se dar\u00e1 cita en la Feria Prowein D\u00fcsseldorf, de Alemania. Expondr\u00e1n sus productos y servicios 5.500 empresas de todo el mundo, importadores, exportadores, agencias comerciales, viticultores y regiones de cultivo de las grandes naciones vin\u00edcolas, todo en 13 pabellones, los cuales se estructuran por pa\u00edses y regiones. Argentina estar\u00e1 presente en el pabell\u00f3n 12 con 125 expositores. La agenda de la feria incluye gastronom\u00eda, enoturismo, envases y dise\u00f1o, un sector de productos org\u00e1nicos, debates sobre como cambio clim\u00e1tico y regulaci\u00f3n del consumo de alcohol. A continuaci\u00f3n detallamos qu\u00e9 pa\u00edses participan, planos y actividades.<\/strong><\/em><\/h4>\n\n\n\n<div style=\"height:20px\" aria-hidden=\"true\" class=\"wp-block-spacer\"><\/div>\n\n\n<a href=\"https:\/\/instagram.com\/labelsolutions?igshid=YmMyMTA2M2Y=\" aria-label=\"Banner Palero 1700&#215;500\"><img loading=\"lazy\" decoding=\"async\" src=\"https:\/\/enolife.com.ar\/es\/wp-content\/uploads\/2021\/09\/Banner-Palero-1700x500-1.gif\" alt=\"\"  width=\"1700\" height=\"500\"   \/><\/a>\n\n\n<div style=\"height:53px\" aria-hidden=\"true\" class=\"wp-block-spacer\"><\/div>\n\n\n\n<p>Prowein Dusseldorf es el mayor lugar de encuentro a nivel global de la industria para expertos del cultivo de vides, la producci\u00f3n de vino, la gastronom\u00eda y el comercio de vinos, licores y bebidas artesanales. Cada a\u00f1o, expositores y visitantes asisten a D\u00fcsseldorf durante tres d\u00edas para realizar negocios, conocer las \u00faltimas noticias de la industria, participar de debates y de numerosas degustaciones.<\/p>\n\n\n\n<p>Este a\u00f1o, adem\u00e1s, los organizadores han sumado la posibilidad de realizar una red de contactos reuniendo a expositores y visitantes en d\u00edas previos a la feria y en forma virtual. La plataforma ofrece sugerencias de contacto personalizadas basadas en los intereses y enfoque de los productos de los expositores, a trav\u00e9s de un algoritmo inteligente que permite el establecimiento de contactos espec\u00edficos, e incluye salas de reuni\u00f3n virtuales.<\/p>\n\n\n\n<div style=\"height:20px\" aria-hidden=\"true\" class=\"wp-block-spacer\"><\/div>\n\n\n\n<p class=\"has-medium-font-size\">\u00bf<strong>Qu\u00e9 pa\u00edses participan y con cu\u00e1ntos expositores?<\/strong><\/p>\n\n\n\n<p>La feria, que se realiza en el <strong>recinto ferial Messe D\u00fcsseldorf<\/strong>, de la hom\u00f3nima ciudad alemana, consta de <strong>13 pabellones<\/strong>, con los expositores organizados por regi\u00f3n, <strong>seg\u00fan el siguiente plano:<\/strong><\/p>\n\n\n\n<div style=\"height:20px\" aria-hidden=\"true\" class=\"wp-block-spacer\"><\/div>\n\n\n\n<div class=\"wp-block-image\"><figure class=\"aligncenter size-large is-resized\"><img loading=\"lazy\" decoding=\"async\" src=\"https:\/\/enolife.com.ar\/es\/wp-content\/uploads\/2022\/05\/Imagen1-7.jpg\" alt=\"\" class=\"wp-image-61800\" width=\"514\" height=\"338\" srcset=\"https:\/\/enolife.com.ar\/es\/wp-content\/uploads\/2022\/05\/Imagen1-7.jpg 701w, https:\/\/enolife.com.ar\/es\/wp-content\/uploads\/2022\/05\/Imagen1-7-300x197.jpg 300w, https:\/\/enolife.com.ar\/es\/wp-content\/uploads\/2022\/05\/Imagen1-7-585x385.jpg 585w\" sizes=\"auto, (max-width: 514px) 100vw, 514px\" \/><\/figure><\/div>\n\n\n\n<div style=\"height:20px\" aria-hidden=\"true\" class=\"wp-block-spacer\"><\/div>\n\n\n\n<p>Los principales pa\u00edses, clasificados seg\u00fan el n\u00famero de expositores son: <strong>Italia<\/strong>, con 1.512 expositores, <strong>Francia <\/strong>con 1.144, <strong>Alemania <\/strong>con 721, <strong>Espa\u00f1a<\/strong> con 654, <strong>Portugal <\/strong>410, <strong>Austria <\/strong>274, <strong>Argentina <\/strong>125, <strong>Estados Unidos<\/strong> 121 y <strong>Grecia <\/strong>con 112.<\/p>\n\n\n\n<p>Tambi\u00e9n participan Armenia, B\u00e9lgica, Bosnia Herzegovina, Brasil, Bulgaria, Canad\u00e1, Chile, Chipre, Corea, Croacia, Dinamarca, Ecuador, Estados Unidos, Estonia, Finlandia, Georgia, Gran Breta\u00f1a e Irlanda del Norte, Honk Kong, India, Israel, Jap\u00f3n, Kazajist\u00e1n, Kosovo, Letonia, L\u00edbano, Lituania, Luxemburgo, M\u00e9xico, Moldavia, Nueva Zelanda, Pa\u00edses Bajos, Macedonia del Norte, Noruega,  Per\u00fa, Polonia, Rumania, Suecia, Suiza, Servia, Eslovaquia, Eslovenia, Singapur, Sud\u00e1frica, Rep\u00fablica Checa, T\u00fanez, Ucrania, Hungr\u00eda y Uruguay.<\/p>\n\n\n\n<ul class=\"wp-block-list\"><li>Pabell\u00f3n 1, 4 y 5: Alemania, el 5 lo comparte con Australia.<\/li><li>Pabellones 9, 10 y 11: Francia<\/li><li>Pabell\u00f3n 11: Bebidas espirituosas<\/li><li>Pabell\u00f3n 12: Argentina, Estados Unidos y Chile<\/li><li>Pabellones 13 y 14: Espa\u00f1a, el 14 lo comparte con Portugal <\/li><li>Pabellones 15, 16 y 17: Italia<\/li><\/ul>\n\n\n\n<p class=\"has-background has-very-light-gray-background-color\"><strong>Ver listado de las empresas argentinas participantes: <a href=\"https:\/\/www.prowein.de\/vis\/v1\/de\/search?oid=32214&amp;lang=1&amp;f_type=profile&amp;f_country=AR\">AQU\u00cd <\/a><\/strong><\/p>\n\n\n\n<div style=\"height:20px\" aria-hidden=\"true\" class=\"wp-block-spacer\"><\/div>\n\n\n\n<p class=\"has-medium-font-size\"><strong>Actividades<\/strong><\/p>\n\n\n\n<p><strong>Tendencias:<\/strong> Los d\u00edas 15 y 16\/5 de 17 a 18 hs, en el Pabell\u00f3n 1 sala 14, se podr\u00e1 participar de charlas sobre la influencia del cambio clim\u00e1tico y la preocupaci\u00f3n sobre \u00abalcohol cero\u00bb, con los oradores Stuart Pigott y Paula Redes Sidore, durante las Trend Hour Tastings.<\/p>\n\n\n\n<div style=\"height:20px\" aria-hidden=\"true\" class=\"wp-block-spacer\"><\/div>\n\n\n\n<div class=\"wp-block-image\"><figure class=\"aligncenter size-large\"><img loading=\"lazy\" decoding=\"async\" width=\"560\" height=\"290\" src=\"https:\/\/enolife.com.ar\/es\/wp-content\/uploads\/2022\/05\/prowein19_MK3617_560x290x96dpi.jpg\" alt=\"\" class=\"wp-image-61872\" srcset=\"https:\/\/enolife.com.ar\/es\/wp-content\/uploads\/2022\/05\/prowein19_MK3617_560x290x96dpi.jpg 560w, https:\/\/enolife.com.ar\/es\/wp-content\/uploads\/2022\/05\/prowein19_MK3617_560x290x96dpi-300x155.jpg 300w\" sizes=\"auto, (max-width: 560px) 100vw, 560px\" \/><figcaption><em><strong>Los especialistas Stuart Pigott y Paula Redes Sidore.<\/strong><\/em><\/figcaption><\/figure><\/div>\n\n\n\n<div style=\"height:20px\" aria-hidden=\"true\" class=\"wp-block-spacer\"><\/div>\n\n\n\n<p><strong>Gastronom\u00eda urbana:<\/strong> En el stand F40 del Pabell\u00f3n 4, se montar\u00e1 un espacio dedicado al \u00e1mbito de la gastronom\u00eda, donde se realizar\u00e1n 5 talleres diarios con catas y entrevistas nivelados seg\u00fan los conocimientos de los empleados del sector, a cargo de Toni Askitis, gastr\u00f3nomo, sommellier e influencer, actividaedes que ser\u00e1n difundidas en todo el mundo mediante retransmisi\u00f3n online.<\/p>\n\n\n\n<div style=\"height:20px\" aria-hidden=\"true\" class=\"wp-block-spacer\"><\/div>\n\n\n\n<div class=\"wp-block-image\"><figure class=\"aligncenter size-large is-resized\"><img loading=\"lazy\" decoding=\"async\" src=\"https:\/\/enolife.com.ar\/es\/wp-content\/uploads\/2022\/05\/20220215_AskToni_ProWein_Vorab-Shooting-03166_560x290x96dpi.jpg\" alt=\"\" class=\"wp-image-61874\" width=\"549\" height=\"284\" srcset=\"https:\/\/enolife.com.ar\/es\/wp-content\/uploads\/2022\/05\/20220215_AskToni_ProWein_Vorab-Shooting-03166_560x290x96dpi.jpg 560w, https:\/\/enolife.com.ar\/es\/wp-content\/uploads\/2022\/05\/20220215_AskToni_ProWein_Vorab-Shooting-03166_560x290x96dpi-300x155.jpg 300w\" sizes=\"auto, (max-width: 549px) 100vw, 549px\" \/><figcaption><em><strong>Toni Askitis, gastr\u00f3nomo, sommellier e influencer.<\/strong><\/em><\/figcaption><\/figure><\/div>\n\n\n\n<div style=\"height:20px\" aria-hidden=\"true\" class=\"wp-block-spacer\"><\/div>\n\n\n\n<p><strong>Caravan Salon:<\/strong> Una muestra de enoturismo sobre ruedas donde los visitantes podr\u00e1n consultar a los viticultores acerca de \u00abla fascinaci\u00f3n que ejerce el ocio sobre ruedas\u00bb y acerca de la correspondiente selecci\u00f3n de veh\u00edculos de alquiler y posibilidades de pernoctaci\u00f3n. Ser\u00e1 en el Pabell\u00f3n 1 stand D80.<\/p>\n\n\n\n<p><strong>Lo mismo pero diferente:<\/strong> Una muestra de tendencias con 120 expositores procedentes de 24 pa\u00edses; una oferta muy amplia de la m\u00e1xima actualidad de licores y cerveza artesanales, as\u00ed como de sidras. Ser\u00e1 en el Pabell\u00f3n 7.<\/p>\n\n\n\n<div style=\"height:20px\" aria-hidden=\"true\" class=\"wp-block-spacer\"><\/div>\n\n\n\n<p class=\"has-background has-very-light-gray-background-color\"><strong>Para planificar mejor la visita y programar una agenda optimizando los tiempos pod\u00e9s bajar la aplicaci\u00f3n ProWein: <a href=\"https:\/\/www.prowein.de\/de\/F%C3%BCr_Besucher\/Services_f%C3%BCr_Besucher\/Die_ProWein_App\">AQU\u00cd<\/a><\/strong><\/p>\n\n\n\n<div style=\"height:20px\" aria-hidden=\"true\" class=\"wp-block-spacer\"><\/div>\n\n\n\n<p><strong>Sal\u00f3n del Champagne:<\/strong> Con una amplia variedad de marcas premium se considera la \u00abentrada de oro\u00bb al \u00e1rea de Francia, que abarca tres salones completos, en el Pabell\u00f3n 9. En total, en la ProWein 2022 hay unos 120 productores de champ\u00e1n, lo que ofrece un reflejo del exitoso desarrollo del mercado, con un aumento de las ventas y de la facturaci\u00f3n de m\u00e1s del 30% en 2021, alcanzando los 5.700 millones de euros.<\/p>\n\n\n\n<p><strong>Mundo org\u00e1nico:<\/strong> Es el sector ecol\u00f3gico, en el Pabell\u00f3n 5 donde se encontrar\u00e1n asociaciones internacionales tales como Biodyvin (Francia), Bioland, Consorzio Vignaioli Del Trentino (Italia), Demeter, Ecovin y Vignerons de Nature (Francia), as\u00ed como con expositores individuales. Para la muestra especial se han registrado adicionalmente 45 viticultores de distintos pa\u00edses europeos, como Italia, Grecia, Francia y Espa\u00f1a.<\/p>\n\n\n\n<div style=\"height:20px\" aria-hidden=\"true\" class=\"wp-block-spacer\"><\/div>\n\n\n\n<div class=\"wp-block-image\"><figure class=\"aligncenter is-resized\"><img loading=\"lazy\" decoding=\"async\" src=\"https:\/\/www.prowein.com\/cgi-bin\/md_prowein\/lib\/all\/lob\/return_download.cgi\/ProWein_Bild3.jpg?ticket=g_u_e_s_t&amp;bid=8479&amp;no_mime_type=0\" alt=\"ProWein 2022 in physical format at last -- ProWein Trade Fair\" width=\"550\" height=\"366\"\/><figcaption><em><strong>El stand \u00abMundo org\u00e1nico\u00bb.<\/strong><\/em><\/figcaption><\/figure><\/div>\n\n\n\n<div style=\"height:20px\" aria-hidden=\"true\" class=\"wp-block-spacer\"><\/div>\n\n\n\n<p><strong>Embalaje y dise\u00f1o: <\/strong>en el Pabell\u00f3n 5 se expondr\u00e1 una variedad de soluciones para expositores en el campo de las etiquetas, cierres y envases de vino.<\/p>\n\n\n\n<p><strong>Zona de Cata Mundus Vini:<\/strong> En el Pabell\u00f3n 4, donde se presentan los vinos ganadores de la cata internacional de primavera del International Wine Award Mundus Vini.<\/p>\n\n\n\n<p class=\"has-background has-very-light-gray-background-color\"><strong>Ver el programa de actividades completo <a href=\"https:\/\/www.prowein.de\/vis\/v1\/de\/search?oid=29556&amp;lang=1&amp;_query=&amp;f_type=activity&amp;_ga=2.239024192.1992053636.1652316647-168395428.1652316647\">AQU\u00cd<\/a><\/strong><\/p>\n\n\n\n<div style=\"height:63px\" aria-hidden=\"true\" class=\"wp-block-spacer\"><\/div>\n","protected":false},"excerpt":{"rendered":"<p>Del 15 al 17 de mayo el sector internacional de vinos y licores se dar\u00e1&hellip;<\/p>\n","protected":false},"author":3,"featured_media":61878,"comment_status":"open","ping_status":"open","sticky":false,"template":"","format":"standard","meta":{"footnotes":""},"categories":[10],"tags":[],"class_list":["post-61769","post","type-post","status-publish","format-standard","has-post-thumbnail","hentry","category-ferias"],"_links":{"self":[{"href":"https:\/\/enolife.com.ar\/es\/wp-json\/wp\/v2\/posts\/61769","targetHints":{"allow":["GET"]}}],"collection":[{"href":"https:\/\/enolife.com.ar\/es\/wp-json\/wp\/v2\/posts"}],"about":[{"href":"https:\/\/enolife.com.ar\/es\/wp-json\/wp\/v2\/types\/post"}],"author":[{"embeddable":true,"href":"https:\/\/enolife.com.ar\/es\/wp-json\/wp\/v2\/users\/3"}],"replies":[{"embeddable":true,"href":"https:\/\/enolife.com.ar\/es\/wp-json\/wp\/v2\/comments?post=61769"}],"version-history":[{"count":0,"href":"https:\/\/enolife.com.ar\/es\/wp-json\/wp\/v2\/posts\/61769\/revisions"}],"wp:featuredmedia":[{"embeddable":true,"href":"https:\/\/enolife.com.ar\/es\/wp-json\/wp\/v2\/media\/61878"}],"wp:attachment":[{"href":"https:\/\/enolife.com.ar\/es\/wp-json\/wp\/v2\/media?parent=61769"}],"wp:term":[{"taxonomy":"category","embeddable":true,"href":"https:\/\/enolife.com.ar\/es\/wp-json\/wp\/v2\/categories?post=61769"},{"taxonomy":"post_tag","embeddable":true,"href":"https:\/\/enolife.com.ar\/es\/wp-json\/wp\/v2\/tags?post=61769"}],"curies":[{"name":"wp","href":"https:\/\/api.w.org\/{rel}","templated":true}]}}