{"id":61672,"date":"2022-05-10T15:48:49","date_gmt":"2022-05-10T15:48:49","guid":{"rendered":"http:\/\/enolife.com.ar\/es\/?p=61672"},"modified":"2022-05-15T13:56:25","modified_gmt":"2022-05-15T13:56:25","slug":"artesanias-vinos-y-regalos-para-ayudar-a-escuelas-especiales-en-la-feria-accesible-de-la-peatonal","status":"publish","type":"post","link":"https:\/\/enolife.com.ar\/es\/artesanias-vinos-y-regalos-para-ayudar-a-escuelas-especiales-en-la-feria-accesible-de-la-peatonal\/","title":{"rendered":"Artesan\u00edas, vinos y regalos para ayudar a escuelas especiales en la Feria Accesible de la Peatonal"},"content":{"rendered":"\n<h4 class=\"wp-block-heading\"><em><strong>Los pr\u00f3ximos d\u00edas viernes 13 y s\u00e1bado 14 de mayo, de 10 a 21 hs, se vuelve a montar en la Peatonal de Mendoza, entre calles Patricias Mendocinas y Espa\u00f1a, la Feria de Arte Accesible, un encuentro inclusivo con fines solidarios organizado por Encuentro INDI y Misi\u00f3n Verde Soluciones Sustentables, con el apoyo del \u00c1rea de Inclusi\u00f3n y Accesibilidad de la Municipalidad de Mendoza, escuelas especiales y ONGs de emprendedores locales.<\/strong><\/em><\/h4>\n\n\n\n<hr class=\"wp-block-separator\"\/>\n\n\n\n<h4 class=\"wp-block-heading\"><em><strong>Esta exposici\u00f3n y venta de artesan\u00edas, vinos, aceites, cosm\u00e9tica, utensilios y decoraci\u00f3n est\u00e1 tambi\u00e9n orientada a personas con discapacidades, y contar\u00e1 con colaboradores que pueden describir e interpretar los productos en venta para quienes lo soliciten. Durante los dos d\u00edas de feria, expertos de la Asociaci\u00f3n Mendocina de Epilepsia brindar\u00e1n una capacitaci\u00f3n sobre asistencia en crisis de quienes padecen la enfermedad. La asistencia es libre y gratuita.<\/strong><\/em><\/h4>\n\n\n\n<div style=\"height:33px\" aria-hidden=\"true\" class=\"wp-block-spacer\"><\/div>\n\n\n<a href=\"https:\/\/instagram.com\/labelsolutions?igshid=YmMyMTA2M2Y=\" aria-label=\"Banner Palero 1700&#215;500\"><img loading=\"lazy\" decoding=\"async\" src=\"https:\/\/enolife.com.ar\/es\/wp-content\/uploads\/2021\/09\/Banner-Palero-1700x500-1.gif\" alt=\"\"  width=\"1700\" height=\"500\"   \/><\/a>\n\n\n<div style=\"height:63px\" aria-hidden=\"true\" class=\"wp-block-spacer\"><\/div>\n\n\n\n<p>Este atractivo ciclo de ferias de arte, dise\u00f1o, comestibles, cosm\u00e9tica, indumentaria y otros regalos, con precios razonables y acceso libre y gratuito, tambi\u00e9n brinda a los visitantes la oportunidad de vincularse directamente con los creadores, entre ellos emprendedores con discapacidad que desarrollan sus propias estrategias de sustento.<\/p>\n\n\n\n<div class=\"wp-block-image\"><figure class=\"alignleft size-large is-resized\"><img loading=\"lazy\" decoding=\"async\" src=\"https:\/\/enolife.com.ar\/es\/wp-content\/uploads\/2022\/05\/02b1b928-f2cd-4320-8abb-1c1e687a97cf.jpg\" alt=\"\" class=\"wp-image-61696\" width=\"221\" height=\"221\" srcset=\"https:\/\/enolife.com.ar\/es\/wp-content\/uploads\/2022\/05\/02b1b928-f2cd-4320-8abb-1c1e687a97cf.jpg 606w, https:\/\/enolife.com.ar\/es\/wp-content\/uploads\/2022\/05\/02b1b928-f2cd-4320-8abb-1c1e687a97cf-300x300.jpg 300w, https:\/\/enolife.com.ar\/es\/wp-content\/uploads\/2022\/05\/02b1b928-f2cd-4320-8abb-1c1e687a97cf-150x150.jpg 150w, https:\/\/enolife.com.ar\/es\/wp-content\/uploads\/2022\/05\/02b1b928-f2cd-4320-8abb-1c1e687a97cf-585x585.jpg 585w\" sizes=\"auto, (max-width: 221px) 100vw, 221px\" \/><\/figure><\/div>\n\n\n\n<p>En esta nuevo emplazamiento de la <strong>Feria de Arte Accesible<\/strong>, que tendr\u00e1 lugar los d\u00edas 13 y 14 de mayo en la <strong>Peatonal de Mendoza<\/strong>, entre calles <strong>Patricias Mendocinas<\/strong> y <strong>Espa\u00f1a<\/strong>, participar\u00e1n como colaboradores y tambi\u00e9n como expositores de productos en venta, alumnos y docentes de las escuelas especiales <strong>\u00abLe\u00f3n Gieco\u00bb<\/strong> y <strong>\u00abDr. Daniel F. Gonz\u00e1lez\u00bb<\/strong>, de la Capital provincial. Los chicos presentar\u00e1n sus creaciones, fabricadas en su taller con telas, papel, cart\u00f3n y cer\u00e1mica. Tambi\u00e9n tendr\u00e1n su stand los alumnos de la escuela <strong>\u00abSim\u00f3n Ch\u00e1vez\u00bb<\/strong> de El Vergel, Lavalle, con productos elaborados en su taller de arte.<\/p>\n\n\n\n<p>Otra de las entidades colaboradoras es el <strong>Centro de D\u00eda AMAD<\/strong>, un lugar donde personas con discapacidad desarrollan diferentes actividades, recreativas y educativas, un espacio de contenci\u00f3n especialmente dedicado a adultos mayores. Y emprendedores nucleados alrededor del <strong>Observatorio de Discapacidad<\/strong>, una ONG que abocada al seguimiento de las pol\u00edticas inclusivas que desarrollan organismos p\u00fablicos y privados. <\/p>\n\n\n\n<div style=\"height:20px\" aria-hidden=\"true\" class=\"wp-block-spacer\"><\/div>\n\n\n\n<figure class=\"wp-block-gallery columns-2 is-cropped wp-block-gallery-1 is-layout-flex wp-block-gallery-is-layout-flex\"><ul class=\"blocks-gallery-grid\"><li class=\"blocks-gallery-item\"><figure><img loading=\"lazy\" decoding=\"async\" width=\"311\" height=\"275\" src=\"https:\/\/enolife.com.ar\/es\/wp-content\/uploads\/2022\/05\/32787220-280d-48a8-8789-5ae40b5406c5.jpg\" alt=\"\" data-id=\"61697\" class=\"wp-image-61697\" srcset=\"https:\/\/enolife.com.ar\/es\/wp-content\/uploads\/2022\/05\/32787220-280d-48a8-8789-5ae40b5406c5.jpg 311w, https:\/\/enolife.com.ar\/es\/wp-content\/uploads\/2022\/05\/32787220-280d-48a8-8789-5ae40b5406c5-300x265.jpg 300w\" sizes=\"auto, (max-width: 311px) 100vw, 311px\" \/><\/figure><\/li><li class=\"blocks-gallery-item\"><figure><img loading=\"lazy\" decoding=\"async\" width=\"353\" height=\"232\" src=\"https:\/\/enolife.com.ar\/es\/wp-content\/uploads\/2022\/05\/dfb15e4e-66f5-4211-96e2-c70ffc24b24e.jpg\" alt=\"\" data-id=\"61699\" data-full-url=\"https:\/\/enolife.com.ar\/es\/wp-content\/uploads\/2022\/05\/dfb15e4e-66f5-4211-96e2-c70ffc24b24e.jpg\" data-link=\"https:\/\/enolife.com.ar\/es\/?attachment_id=61699\" class=\"wp-image-61699\" srcset=\"https:\/\/enolife.com.ar\/es\/wp-content\/uploads\/2022\/05\/dfb15e4e-66f5-4211-96e2-c70ffc24b24e.jpg 353w, https:\/\/enolife.com.ar\/es\/wp-content\/uploads\/2022\/05\/dfb15e4e-66f5-4211-96e2-c70ffc24b24e-300x197.jpg 300w\" sizes=\"auto, (max-width: 353px) 100vw, 353px\" \/><\/figure><\/li><\/ul><\/figure>\n\n\n\n<div style=\"height:52px\" aria-hidden=\"true\" class=\"wp-block-spacer\"><\/div>\n\n\n\n<p class=\"has-medium-font-size\"><strong>El 21 y 22 de mayo en Vistalba, Luj\u00e1n<\/strong><\/p>\n\n\n\n<div class=\"wp-block-image\"><figure class=\"alignleft size-large is-resized\"><img loading=\"lazy\" decoding=\"async\" src=\"https:\/\/enolife.com.ar\/es\/wp-content\/uploads\/2022\/05\/029dd84e-7e08-4d19-af34-5ade9eb6e56f-1024x1024.jpg\" alt=\"\" class=\"wp-image-61695\" width=\"266\" height=\"266\" srcset=\"https:\/\/enolife.com.ar\/es\/wp-content\/uploads\/2022\/05\/029dd84e-7e08-4d19-af34-5ade9eb6e56f-1024x1024.jpg 1024w, https:\/\/enolife.com.ar\/es\/wp-content\/uploads\/2022\/05\/029dd84e-7e08-4d19-af34-5ade9eb6e56f-300x300.jpg 300w, https:\/\/enolife.com.ar\/es\/wp-content\/uploads\/2022\/05\/029dd84e-7e08-4d19-af34-5ade9eb6e56f-150x150.jpg 150w, https:\/\/enolife.com.ar\/es\/wp-content\/uploads\/2022\/05\/029dd84e-7e08-4d19-af34-5ade9eb6e56f-768x768.jpg 768w, https:\/\/enolife.com.ar\/es\/wp-content\/uploads\/2022\/05\/029dd84e-7e08-4d19-af34-5ade9eb6e56f-585x585.jpg 585w, https:\/\/enolife.com.ar\/es\/wp-content\/uploads\/2022\/05\/029dd84e-7e08-4d19-af34-5ade9eb6e56f.jpg 1080w\" sizes=\"auto, (max-width: 266px) 100vw, 266px\" \/><\/figure><\/div>\n\n\n\n<p>La feria inclusiva Arte Accesible continuar\u00e1 los d\u00edas s\u00e1bado 21 y domingo 22 de mayo en el <strong>Patio Cultural Vistalba<\/strong>, ubicado en calle Gobernador Ortiz 1.620 de ese distrito de Luj\u00e1n de Cuyo (con acceso por la Ruta Panamericana, bajando por la \u00abRotonda de Olimpo\u00bb). All\u00ed, en un ambiente familiar y amigable con las mascotas, los interesados podr\u00e1n comprar libros, indumentaria de dise\u00f1o, cuadros, tazas, cuchillos, cartucheras, ilustraciones, mochilas , cer\u00e1micas y otros reagalos. Tambi\u00e9n en este caso la organizaci\u00f3n corresponde a <strong>Encuentro INDI<\/strong> y <strong>Misi\u00f3n Verde Soluciones Sustentables (MIVE)<\/strong>.<\/p>\n\n\n\n<p>Para el s\u00e1bado 21 habr\u00e1 una atracci\u00f3n extra en el mismo predio: un recital de la banda de rock local <strong>Las Manos de Filippi.<\/strong><\/p>\n\n\n\n<p>El ciclo Arte Accesible ha sido declarado de inter\u00e9s legislativo por la <strong>C\u00e1mara de Diputados de Mendoza (resoluci\u00f3n N\u00ba863\/2022)<\/strong> por incluir entre sus expositores a personas con discapacidad.<\/p>\n\n\n\n<div style=\"height:43px\" aria-hidden=\"true\" class=\"wp-block-spacer\"><\/div>\n","protected":false},"excerpt":{"rendered":"<p>Los pr\u00f3ximos d\u00edas viernes 13 y s\u00e1bado 14 de mayo, de 10 a 21 hs,&hellip;<\/p>\n","protected":false},"author":3,"featured_media":61701,"comment_status":"open","ping_status":"open","sticky":false,"template":"","format":"standard","meta":{"footnotes":""},"categories":[47],"tags":[],"class_list":["post-61672","post","type-post","status-publish","format-standard","has-post-thumbnail","hentry","category-agenda"],"_links":{"self":[{"href":"https:\/\/enolife.com.ar\/es\/wp-json\/wp\/v2\/posts\/61672","targetHints":{"allow":["GET"]}}],"collection":[{"href":"https:\/\/enolife.com.ar\/es\/wp-json\/wp\/v2\/posts"}],"about":[{"href":"https:\/\/enolife.com.ar\/es\/wp-json\/wp\/v2\/types\/post"}],"author":[{"embeddable":true,"href":"https:\/\/enolife.com.ar\/es\/wp-json\/wp\/v2\/users\/3"}],"replies":[{"embeddable":true,"href":"https:\/\/enolife.com.ar\/es\/wp-json\/wp\/v2\/comments?post=61672"}],"version-history":[{"count":0,"href":"https:\/\/enolife.com.ar\/es\/wp-json\/wp\/v2\/posts\/61672\/revisions"}],"wp:featuredmedia":[{"embeddable":true,"href":"https:\/\/enolife.com.ar\/es\/wp-json\/wp\/v2\/media\/61701"}],"wp:attachment":[{"href":"https:\/\/enolife.com.ar\/es\/wp-json\/wp\/v2\/media?parent=61672"}],"wp:term":[{"taxonomy":"category","embeddable":true,"href":"https:\/\/enolife.com.ar\/es\/wp-json\/wp\/v2\/categories?post=61672"},{"taxonomy":"post_tag","embeddable":true,"href":"https:\/\/enolife.com.ar\/es\/wp-json\/wp\/v2\/tags?post=61672"}],"curies":[{"name":"wp","href":"https:\/\/api.w.org\/{rel}","templated":true}]}}