{"id":61659,"date":"2022-05-11T02:45:40","date_gmt":"2022-05-11T02:45:40","guid":{"rendered":"http:\/\/enolife.com.ar\/es\/?p=61659"},"modified":"2022-05-15T15:47:46","modified_gmt":"2022-05-15T15:47:46","slug":"conoce-a-los-ganadores-del-concurso-fotografico-tiempo-de-cosecha-2022-de-avm-y-enolife","status":"publish","type":"post","link":"https:\/\/enolife.com.ar\/es\/conoce-a-los-ganadores-del-concurso-fotografico-tiempo-de-cosecha-2022-de-avm-y-enolife\/","title":{"rendered":"Conoc\u00e9 a los ganadores del concurso fotogr\u00e1fico \u00abTiempo de Cosecha 2022\u00bb de AVM y Enolife"},"content":{"rendered":"\n<h4 class=\"wp-block-heading\"><em><strong>El 1 de mayo pasado culmin\u00f3 la segunda edici\u00f3n del concurso fotogr\u00e1fico \u00abTiempo de Cosecha\u00bb, organizado por la Asociaci\u00f3n de Vi\u00f1ateros de Mendoza (AVM) y Enolife, del que participaron cosechadores, en\u00f3logos, operarios de bodega, fot\u00f3grafos aficionados y profesionales. El objetivo fue premiar a los esforzados vendimiadores que, adem\u00e1s de hacer posible el vino que disfrutamos, capturasen las instant\u00e1neas y postales m\u00e1s representativas de esta temporada 2022 en las hileras y las bodegas. Se recibieron 250 fotos de 120 participantes, entre las cuales el jurado tuvo que elegir los 3 primeros puestos y 4 menciones especiales. Adem\u00e1s, hubo otro premio para la foto m\u00e1s votada por nuestros seguidores en las redes. Y los ganadores son&#8230; <\/strong><\/em><\/h4>\n\n\n\n<div style=\"height:20px\" aria-hidden=\"true\" class=\"wp-block-spacer\"><\/div>\n\n\n<a href=\"https:\/\/estanciamendoza.com.ar\/es\/\" aria-label=\"Copia de BEM &#8211; Banner adaptaciones diario digital_BEM &#8211; Banner Enolife &#8211; 1700&#215;500\"><img loading=\"lazy\" decoding=\"async\" src=\"https:\/\/enolife.com.ar\/es\/wp-content\/uploads\/2019\/07\/Copia-de-BEM-Banner-adaptaciones-diario-digital_BEM-Banner-Enolife-1700x500-1.jpg\" alt=\"\"  srcset=\"https:\/\/enolife.com.ar\/es\/wp-content\/uploads\/2019\/07\/Copia-de-BEM-Banner-adaptaciones-diario-digital_BEM-Banner-Enolife-1700x500-1.jpg 1700w, https:\/\/enolife.com.ar\/es\/wp-content\/uploads\/2019\/07\/Copia-de-BEM-Banner-adaptaciones-diario-digital_BEM-Banner-Enolife-1700x500-1-300x88.jpg 300w, https:\/\/enolife.com.ar\/es\/wp-content\/uploads\/2019\/07\/Copia-de-BEM-Banner-adaptaciones-diario-digital_BEM-Banner-Enolife-1700x500-1-1024x301.jpg 1024w, https:\/\/enolife.com.ar\/es\/wp-content\/uploads\/2019\/07\/Copia-de-BEM-Banner-adaptaciones-diario-digital_BEM-Banner-Enolife-1700x500-1-768x226.jpg 768w, https:\/\/enolife.com.ar\/es\/wp-content\/uploads\/2019\/07\/Copia-de-BEM-Banner-adaptaciones-diario-digital_BEM-Banner-Enolife-1700x500-1-1536x452.jpg 1536w, https:\/\/enolife.com.ar\/es\/wp-content\/uploads\/2019\/07\/Copia-de-BEM-Banner-adaptaciones-diario-digital_BEM-Banner-Enolife-1700x500-1-1170x344.jpg 1170w, https:\/\/enolife.com.ar\/es\/wp-content\/uploads\/2019\/07\/Copia-de-BEM-Banner-adaptaciones-diario-digital_BEM-Banner-Enolife-1700x500-1-585x172.jpg 585w\" sizes=\"auto, (max-width: 1700px) 100vw, 1700px\" width=\"1700\" height=\"500\"   \/><\/a>\n\n\n<div style=\"height:48px\" aria-hidden=\"true\" class=\"wp-block-spacer\"><\/div>\n\n\n\n<p>La edici\u00f3n 2022 del concurso fotogr\u00e1fico <strong>\u00abTiempo de Cosecha\u00bb<\/strong>, organizado por <strong>Enolife<\/strong> y la <strong>Asociaci\u00f3n de Vi\u00f1ateros de Mendoza (AVM)<\/strong> que lleg\u00f3 a su fin el 1 de mayo pasado, ya tiene sus ganadores. <\/p>\n\n\n\n<p>No fue f\u00e1cil la elecci\u00f3n. Los 120 participantes enviaron fotos a las que se les puso sentimiento, emociones, esperanza y pasi\u00f3n por la vitivinicultura. Retratos de ni\u00f1os cosechando, abuelos y nietos, padres e hijos, una hermosa embarazada, los chocos fieles amigos del hombre,  y por supuesto no pod\u00eda faltar la Patrona de los Vi\u00f1edos, nuestra Virgen de la Carrodilla.<\/p>\n\n\n\n<p>Se recibieron tambi\u00e9n bellos paisajes identitarios de diferentes provincias argentinas, Mendoza, C\u00f3rdoba, Tucum\u00e1n, Salta, Jujuy y, pasando las fronteras, tuvimos el honor de que una viticultora venezolana tambi\u00e9n participara con fotos del trabajo vitivin\u00edcola en su pa\u00eds.<\/p>\n\n\n\n<p>Postales de labores de cosecha y elaboraci\u00f3n, tractores, acarreo, las uvas cuando entran en bodega, sus colores, la labor de convertirla en vino. <\/p>\n\n\n\n<p>Conocimos tambi\u00e9n a los protagonistas, sus manos laboriosas, sus caras y, muy gratificante, el brillo de sus ojos que denota el orgullo del oficio, la fuerza y la garra que ponen cada d\u00eda en las vi\u00f1as, el prensado, los tanques y el laboratorio.<\/p>\n\n\n\n<p>Pero como en todo concurso, hubo que elegir, y para ser objetivos, al jurado conformado por los periodistas de <strong>Enolife <\/strong>&#8211;<strong>Lorena Mellone y Pedro Straniero<\/strong>&#8211; y  el equipo de Comunicaci\u00f3n y cultura de&nbsp;<strong>AVM<\/strong>, se sum\u00f3 un fot\u00f3grafo profesional de reconocida trayectoria, <strong>Marcos Garc\u00eda<\/strong>.&nbsp;<\/p>\n\n\n\n<div style=\"height:20px\" aria-hidden=\"true\" class=\"wp-block-spacer\"><\/div>\n\n\n\n<div class=\"wp-block-image\"><figure class=\"alignleft size-large is-resized\"><img loading=\"lazy\" decoding=\"async\" src=\"https:\/\/enolife.com.ar\/es\/wp-content\/uploads\/2022\/05\/71015509_124014135729751_1590924588133826231_n.jpg\" alt=\"\" class=\"wp-image-61677\" width=\"191\" height=\"171\" srcset=\"https:\/\/enolife.com.ar\/es\/wp-content\/uploads\/2022\/05\/71015509_124014135729751_1590924588133826231_n.jpg 440w, https:\/\/enolife.com.ar\/es\/wp-content\/uploads\/2022\/05\/71015509_124014135729751_1590924588133826231_n-300x268.jpg 300w\" sizes=\"auto, (max-width: 191px) 100vw, 191px\" \/><\/figure><\/div>\n\n\n\n<p class=\"has-background has-very-light-gray-background-color\"><strong>Marcos Garc\u00eda<\/strong> estudi\u00f3 fotograf\u00eda en el Espacio Contempor\u00e1neo de Arte (ECA). Comenz\u00f3 su carrera con fotograf\u00eda art\u00edstica, blanco y negro, en la \u00e9poca del rollo, el papel y el revelado manual. Hizo trabajos para el Ministerio de Cultura de Mendoza y, durante 16 a\u00f1os, fue fotoperiodista del diario Los Andes. Ahora es el responsable de contenido de imagen, foto y videos de una  agencia de marketing digital. Pod\u00e9s conocerlo en su instagram <strong><a href=\"https:\/\/www.instagram.com\/marcos74garcia\/?hl=es-la\">@marcos74garcia<\/a><\/strong><\/p>\n\n\n\n<div style=\"height:20px\" aria-hidden=\"true\" class=\"wp-block-spacer\"><\/div>\n\n\n\n<p>Finalmente, las fotos ganadoras se eligieron siempre en l\u00ednea con el objetivo del concurso, que ha sido mostrar y difundir la importancia del trabajo en la vi\u00f1a, la dedicaci\u00f3n, el esfuerzo, el amor a la tierra y los frutos que luego llegan a nuestra mesa y llenan nuestras copas.<\/p>\n\n\n\n<div style=\"height:20px\" aria-hidden=\"true\" class=\"wp-block-spacer\"><\/div>\n\n\n\n<div style=\"height:20px\" aria-hidden=\"true\" class=\"wp-block-spacer\"><\/div>\n\n\n\n<p class=\"has-text-align-center has-medium-font-size\"><strong>Y los ganadores son<\/strong>&#8230;<\/p>\n\n\n\n<div style=\"height:20px\" aria-hidden=\"true\" class=\"wp-block-spacer\"><\/div>\n\n\n\n<p class=\"has-background has-luminous-vivid-amber-background-color\"><strong>PRIMER PREMIO de $11.500: Mar\u00eda Victoria Quiroga Palacios<\/strong>, de Salta, empleada p\u00fablica, por la foto <strong>\u00abVendimia al coraz\u00f3n\u00bb.<\/strong><\/p>\n\n\n\n<div class=\"wp-block-image\"><figure class=\"aligncenter size-large\"><img loading=\"lazy\" decoding=\"async\" width=\"400\" height=\"600\" src=\"https:\/\/enolife.com.ar\/es\/wp-content\/uploads\/2022\/05\/1-VICTORIA-QUIROGA-Vendimia-al-Coraz\u00f3n-1.jpg\" alt=\"\" class=\"wp-image-61708\" srcset=\"https:\/\/enolife.com.ar\/es\/wp-content\/uploads\/2022\/05\/1-VICTORIA-QUIROGA-Vendimia-al-Coraz\u00f3n-1.jpg 400w, https:\/\/enolife.com.ar\/es\/wp-content\/uploads\/2022\/05\/1-VICTORIA-QUIROGA-Vendimia-al-Coraz\u00f3n-1-200x300.jpg 200w\" sizes=\"auto, (max-width: 400px) 100vw, 400px\" \/><\/figure><\/div>\n\n\n\n<div style=\"height:54px\" aria-hidden=\"true\" class=\"wp-block-spacer\"><\/div>\n\n\n\n<p class=\"has-background has-luminous-vivid-amber-background-color\"><strong> SEGUNDO PREMIO de $8.250: Carolina P\u00e9rez<\/strong>, de Jun\u00edn de Mendoza, estudiantes, por la foto  <strong>\u00abEl vino es la \u00fanica obra de arte que se puede beber\u00bb.<\/strong><\/p>\n\n\n\n<div class=\"wp-block-image\"><figure class=\"aligncenter size-large\"><img loading=\"lazy\" decoding=\"async\" width=\"450\" height=\"600\" src=\"https:\/\/enolife.com.ar\/es\/wp-content\/uploads\/2022\/05\/2-CAROLINA-PEREZ-El-vino-es-la-\u00fanica-obra-de-arte-que-se-puede-beber.jpg\" alt=\"\" class=\"wp-image-61709\" srcset=\"https:\/\/enolife.com.ar\/es\/wp-content\/uploads\/2022\/05\/2-CAROLINA-PEREZ-El-vino-es-la-\u00fanica-obra-de-arte-que-se-puede-beber.jpg 450w, https:\/\/enolife.com.ar\/es\/wp-content\/uploads\/2022\/05\/2-CAROLINA-PEREZ-El-vino-es-la-\u00fanica-obra-de-arte-que-se-puede-beber-225x300.jpg 225w\" sizes=\"auto, (max-width: 450px) 100vw, 450px\" \/><\/figure><\/div>\n\n\n\n<div style=\"height:65px\" aria-hidden=\"true\" class=\"wp-block-spacer\"><\/div>\n\n\n\n<p class=\"has-background has-luminous-vivid-amber-background-color\"><strong>TERCER PREMIO de $6.000: Franco Bast\u00edas,<\/strong> de Tupungato, Mendoza, ingeniero agr\u00f3nomo, por la foto <strong>\u00abCosecha mec\u00e1nica de luna llena\u00bb.<\/strong><\/p>\n\n\n\n<div class=\"wp-block-image\"><figure class=\"aligncenter size-large\"><img loading=\"lazy\" decoding=\"async\" width=\"450\" height=\"600\" src=\"https:\/\/enolife.com.ar\/es\/wp-content\/uploads\/2022\/05\/3-FRANCO-BASTIAS-Cosecha-mec\u00e1nica-de-Luna-llena..jpeg\" alt=\"\" class=\"wp-image-61717\" srcset=\"https:\/\/enolife.com.ar\/es\/wp-content\/uploads\/2022\/05\/3-FRANCO-BASTIAS-Cosecha-mec\u00e1nica-de-Luna-llena..jpeg 450w, https:\/\/enolife.com.ar\/es\/wp-content\/uploads\/2022\/05\/3-FRANCO-BASTIAS-Cosecha-mec\u00e1nica-de-Luna-llena.-225x300.jpeg 225w\" sizes=\"auto, (max-width: 450px) 100vw, 450px\" \/><\/figure><\/div>\n\n\n\n<div style=\"height:64px\" aria-hidden=\"true\" class=\"wp-block-spacer\"><\/div>\n\n\n\n<p class=\"has-background has-luminous-vivid-amber-background-color\"><strong>PREMIO de $4.500<\/strong> al elegido por nuestros seguidores de <strong>Facebook<\/strong>, con <strong>398 me gusta &#x1f44d; y 83 me encanta<\/strong>&#x2764;&#xfe0f;:<strong> Fernanda Irup\u00e9 Villa<\/strong>, de Tinogasta, Catamarca, fot\u00f3grafa, por la foto<strong> \u00abManos trabajadoras\u00bb<\/strong>.  <\/p>\n\n\n\n<div class=\"wp-block-image\"><figure class=\"aligncenter size-large is-resized\"><img loading=\"lazy\" decoding=\"async\" src=\"https:\/\/enolife.com.ar\/es\/wp-content\/uploads\/2022\/05\/IRUPE-VILLA-face-manos-trabajadoras-1.jpg\" alt=\"\" class=\"wp-image-61720\" width=\"547\" height=\"450\" srcset=\"https:\/\/enolife.com.ar\/es\/wp-content\/uploads\/2022\/05\/IRUPE-VILLA-face-manos-trabajadoras-1.jpg 607w, https:\/\/enolife.com.ar\/es\/wp-content\/uploads\/2022\/05\/IRUPE-VILLA-face-manos-trabajadoras-1-300x247.jpg 300w, https:\/\/enolife.com.ar\/es\/wp-content\/uploads\/2022\/05\/IRUPE-VILLA-face-manos-trabajadoras-1-585x482.jpg 585w\" sizes=\"auto, (max-width: 547px) 100vw, 547px\" \/><\/figure><\/div>\n\n\n\n<div style=\"height:74px\" aria-hidden=\"true\" class=\"wp-block-spacer\"><\/div>\n\n\n\n<p class=\"has-medium-font-size\"><strong>Menciones especiales<\/strong><\/p>\n\n\n\n<div class=\"wp-block-image\"><figure class=\"alignleft size-large is-resized\"><img loading=\"lazy\" decoding=\"async\" src=\"https:\/\/enolife.com.ar\/es\/wp-content\/uploads\/2022\/05\/Estancia_Mendoza_Espumante_Extra_Brut-1.png\" alt=\"\" class=\"wp-image-61737\" width=\"216\" height=\"216\" srcset=\"https:\/\/enolife.com.ar\/es\/wp-content\/uploads\/2022\/05\/Estancia_Mendoza_Espumante_Extra_Brut-1.png 450w, https:\/\/enolife.com.ar\/es\/wp-content\/uploads\/2022\/05\/Estancia_Mendoza_Espumante_Extra_Brut-1-300x300.png 300w, https:\/\/enolife.com.ar\/es\/wp-content\/uploads\/2022\/05\/Estancia_Mendoza_Espumante_Extra_Brut-1-150x150.png 150w\" sizes=\"auto, (max-width: 216px) 100vw, 216px\" \/><\/figure><\/div>\n\n\n\n<p style=\"background-color:#ece287\" class=\"has-background\">Adem\u00e1s de las fotos premiadas con dinero, se han agregado 4 menciones especiales, cuyos autores <strong>se llevar\u00e1n de regalo un espumante Estancia Mendoza Extra Brut Chardonnay<\/strong>. Es un vino espumante que tiene una guarda potencial de 3 a\u00f1os, fermentado en tanques de acero inoxidable a 16\u00b0C, toma de espuma mediante el m\u00e9todo Charmat a 15\u00b0C durante 15 d\u00edas. <strong>Notas de cata: <\/strong>A la vista tiene burbujas finas en un rosario que se desprende de la base de la copa conformando una persistente y elegante corona. En nariz se pueden apreciar frutos c\u00edtricos, anan\u00e1 y manzanas verdes en armon\u00eda con notas de pan fresco y pan tostado logrados a trav\u00e9s del contacto con la levadura. En boca es fresco, frutado y muy suave y se destaca por su fineza, complejidad y su final de boca amplio y largo. La temperatura de servicio es de 4\u00b0C a 6\u00b0C. Un burbujeante ideal para celebrar el fin de la cosecha 2022.<\/p>\n\n\n\n<div style=\"height:67px\" aria-hidden=\"true\" class=\"wp-block-spacer\"><\/div>\n\n\n\n<p class=\"has-background has-luminous-vivid-amber-background-color\"><strong>Menci\u00f3n especial, con espumante<\/strong> de regalo: <strong>Florencia Gonz\u00e1lez<\/strong>, de Godoy Cruz, Mendoza, sommellier, por <strong>\u00abContagiando la pasi\u00f3n de cosecha a la siguiente generaci\u00f3n\u00bb.<\/strong><\/p>\n\n\n\n<div class=\"wp-block-image\"><figure class=\"aligncenter size-large\"><img loading=\"lazy\" decoding=\"async\" width=\"450\" height=\"600\" src=\"https:\/\/enolife.com.ar\/es\/wp-content\/uploads\/2022\/05\/4-menci\u00f3n-1-FLORENCIA-GONZALEZ-Contagiando-la-pasi\u00f3n-de-cosecha-a-la-siguiente-generaci\u00f3n.jpg\" alt=\"\" class=\"wp-image-61722\" srcset=\"https:\/\/enolife.com.ar\/es\/wp-content\/uploads\/2022\/05\/4-menci\u00f3n-1-FLORENCIA-GONZALEZ-Contagiando-la-pasi\u00f3n-de-cosecha-a-la-siguiente-generaci\u00f3n.jpg 450w, https:\/\/enolife.com.ar\/es\/wp-content\/uploads\/2022\/05\/4-menci\u00f3n-1-FLORENCIA-GONZALEZ-Contagiando-la-pasi\u00f3n-de-cosecha-a-la-siguiente-generaci\u00f3n-225x300.jpg 225w\" sizes=\"auto, (max-width: 450px) 100vw, 450px\" \/><\/figure><\/div>\n\n\n\n<div style=\"height:65px\" aria-hidden=\"true\" class=\"wp-block-spacer\"><\/div>\n\n\n\n<p class=\"has-background has-luminous-vivid-amber-background-color\"><strong>Menci\u00f3n especial, con espumante<\/strong> de regalo: <strong>Gina Catena<\/strong>, de Rivadavia, Mendoza, por <strong>\u00abFichero mendocino\u00bb.<\/strong><\/p>\n\n\n\n<div class=\"wp-block-image\"><figure class=\"aligncenter size-large\"><img loading=\"lazy\" decoding=\"async\" width=\"450\" height=\"600\" src=\"https:\/\/enolife.com.ar\/es\/wp-content\/uploads\/2022\/05\/5-mension-2-GINA-CATENA-Fichero-mendocino.jpeg\" alt=\"\" class=\"wp-image-61724\" srcset=\"https:\/\/enolife.com.ar\/es\/wp-content\/uploads\/2022\/05\/5-mension-2-GINA-CATENA-Fichero-mendocino.jpeg 450w, https:\/\/enolife.com.ar\/es\/wp-content\/uploads\/2022\/05\/5-mension-2-GINA-CATENA-Fichero-mendocino-225x300.jpeg 225w\" sizes=\"auto, (max-width: 450px) 100vw, 450px\" \/><\/figure><\/div>\n\n\n\n<div style=\"height:76px\" aria-hidden=\"true\" class=\"wp-block-spacer\"><\/div>\n\n\n\n<p class=\"has-background has-luminous-vivid-amber-background-color\"><strong>Menci\u00f3n especial, con espumante<\/strong> de regalo: <strong>Gonzalo Fern\u00e1ndez<\/strong>, San Carlos, Mendoza, abogado, por <strong>\u00abV\u00ednculos pasados\u00bb.<\/strong><\/p>\n\n\n\n<div class=\"wp-block-image\"><figure class=\"aligncenter size-large\"><img loading=\"lazy\" decoding=\"async\" width=\"450\" height=\"600\" src=\"https:\/\/enolife.com.ar\/es\/wp-content\/uploads\/2022\/05\/6-mension-3-GONZALO-FERNANDEZ-V\u00ednculos-Pasados.jpeg\" alt=\"\" class=\"wp-image-61726\" srcset=\"https:\/\/enolife.com.ar\/es\/wp-content\/uploads\/2022\/05\/6-mension-3-GONZALO-FERNANDEZ-V\u00ednculos-Pasados.jpeg 450w, https:\/\/enolife.com.ar\/es\/wp-content\/uploads\/2022\/05\/6-mension-3-GONZALO-FERNANDEZ-V\u00ednculos-Pasados-225x300.jpeg 225w\" sizes=\"auto, (max-width: 450px) 100vw, 450px\" \/><\/figure><\/div>\n\n\n\n<div style=\"height:59px\" aria-hidden=\"true\" class=\"wp-block-spacer\"><\/div>\n\n\n\n<p class=\"has-background has-luminous-vivid-amber-background-color\"><strong>Menci\u00f3n especial, con espumante<\/strong> de regalo: <strong>Daniela Mansilla Galdeano<\/strong>, de Colonia Caroya, C\u00f3rdoba, por <strong>\u00abTerminando el d\u00eda\u00bb.<\/strong><\/p>\n\n\n\n<div class=\"wp-block-image\"><figure class=\"aligncenter size-large is-resized\"><img loading=\"lazy\" decoding=\"async\" src=\"https:\/\/enolife.com.ar\/es\/wp-content\/uploads\/2022\/05\/5-DANIELA-MANSILLA-GALDEANO-Terminando-el-d\u00eda.jpg\" alt=\"\" class=\"wp-image-61731\" width=\"558\" height=\"419\" srcset=\"https:\/\/enolife.com.ar\/es\/wp-content\/uploads\/2022\/05\/5-DANIELA-MANSILLA-GALDEANO-Terminando-el-d\u00eda.jpg 800w, https:\/\/enolife.com.ar\/es\/wp-content\/uploads\/2022\/05\/5-DANIELA-MANSILLA-GALDEANO-Terminando-el-d\u00eda-300x225.jpg 300w, https:\/\/enolife.com.ar\/es\/wp-content\/uploads\/2022\/05\/5-DANIELA-MANSILLA-GALDEANO-Terminando-el-d\u00eda-768x576.jpg 768w, https:\/\/enolife.com.ar\/es\/wp-content\/uploads\/2022\/05\/5-DANIELA-MANSILLA-GALDEANO-Terminando-el-d\u00eda-585x439.jpg 585w\" sizes=\"auto, (max-width: 558px) 100vw, 558px\" \/><\/figure><\/div>\n\n\n\n<div style=\"height:84px\" aria-hidden=\"true\" class=\"wp-block-spacer\"><\/div>\n","protected":false},"excerpt":{"rendered":"<p>El 1 de mayo pasado culmin\u00f3 la segunda edici\u00f3n del concurso fotogr\u00e1fico \u00abTiempo de Cosecha\u00bb,&hellip;<\/p>\n","protected":false},"author":3,"featured_media":61705,"comment_status":"open","ping_status":"open","sticky":false,"template":"","format":"standard","meta":{"footnotes":""},"categories":[14],"tags":[],"class_list":["post-61659","post","type-post","status-publish","format-standard","has-post-thumbnail","hentry","category-news"],"_links":{"self":[{"href":"https:\/\/enolife.com.ar\/es\/wp-json\/wp\/v2\/posts\/61659","targetHints":{"allow":["GET"]}}],"collection":[{"href":"https:\/\/enolife.com.ar\/es\/wp-json\/wp\/v2\/posts"}],"about":[{"href":"https:\/\/enolife.com.ar\/es\/wp-json\/wp\/v2\/types\/post"}],"author":[{"embeddable":true,"href":"https:\/\/enolife.com.ar\/es\/wp-json\/wp\/v2\/users\/3"}],"replies":[{"embeddable":true,"href":"https:\/\/enolife.com.ar\/es\/wp-json\/wp\/v2\/comments?post=61659"}],"version-history":[{"count":0,"href":"https:\/\/enolife.com.ar\/es\/wp-json\/wp\/v2\/posts\/61659\/revisions"}],"wp:featuredmedia":[{"embeddable":true,"href":"https:\/\/enolife.com.ar\/es\/wp-json\/wp\/v2\/media\/61705"}],"wp:attachment":[{"href":"https:\/\/enolife.com.ar\/es\/wp-json\/wp\/v2\/media?parent=61659"}],"wp:term":[{"taxonomy":"category","embeddable":true,"href":"https:\/\/enolife.com.ar\/es\/wp-json\/wp\/v2\/categories?post=61659"},{"taxonomy":"post_tag","embeddable":true,"href":"https:\/\/enolife.com.ar\/es\/wp-json\/wp\/v2\/tags?post=61659"}],"curies":[{"name":"wp","href":"https:\/\/api.w.org\/{rel}","templated":true}]}}