{"id":61447,"date":"2022-05-09T23:08:42","date_gmt":"2022-05-09T23:08:42","guid":{"rendered":"http:\/\/enolife.com.ar\/es\/?p=61447"},"modified":"2022-05-13T00:35:06","modified_gmt":"2022-05-13T00:35:06","slug":"las-cooperativas-producen-el-63-del-vino-del-mundo-pero-solo-comercializan-el-12","status":"publish","type":"post","link":"https:\/\/enolife.com.ar\/es\/las-cooperativas-producen-el-63-del-vino-del-mundo-pero-solo-comercializan-el-12\/","title":{"rendered":"Las cooperativas producen el  63% del vino del mundo, pero s\u00f3lo comercializan el 12%"},"content":{"rendered":"\n<h4 class=\"wp-block-heading\"><em><strong>Con el objetivo de fortalecer las estrategias comerciales de las cooperativas, para as\u00ed llegar a m\u00e1s mercados globales, y que los beneficios se derramen en mayor proporci\u00f3n hacia los propios productores, los d\u00edas 19 y 20 de mayo se realizar\u00e1 el Pre-Foro Mundial de Cooperativas Vitivin\u00edcolas en la Bodega Cuatro Rayas de Valladolid, Espa\u00f1a. Ser\u00e1 tambi\u00e9n la antesala del XI Foro Mundial, que tendr\u00e1 lugar en Italia en octubre pr\u00f3ximo. Representantes de las cooperativas m\u00e1s grandes de Italia, Francia, Espa\u00f1a, Brasil, Portugal, Uruguay y Argentina -cuya delegaci\u00f3n ser\u00e1 encabezada por el mendocino Eduardo Sancho, presidente de Fecovita y tambi\u00e9n del Foro Mundial- intercambiar\u00e1n experiencias y t\u00e9cnicas en busca de generar alianzas para el bien com\u00fan.<\/strong><\/em><\/h4>\n\n\n\n<div style=\"height:20px\" aria-hidden=\"true\" class=\"wp-block-spacer\"><\/div>\n\n\n<a href=\"https:\/\/www.linkedin.com\/company\/agrinet-sa\/?originalSubdomain=ar\" aria-label=\"1700X500\"><img loading=\"lazy\" decoding=\"async\" src=\"https:\/\/enolife.com.ar\/es\/wp-content\/uploads\/2021\/11\/1700X500.gif\" alt=\"\"  width=\"1700\" height=\"500\"   \/><\/a>\n\n\n<div style=\"height:51px\" aria-hidden=\"true\" class=\"wp-block-spacer\"><\/div>\n\n\n\n<p>El&nbsp;<strong>Foro Mundial de Cooperativas Vitivin\u00edcolas&nbsp;<\/strong>es un \u00e1mbito de encuentro y debate entre las cooperativas con mayor dimensi\u00f3n de las principales zonas de producci\u00f3n vitivin\u00edcola del mundo. Se realiza desde el a\u00f1o 2011 y re\u00fane a miles de productores de vinos, espumantes y mostos de Am\u00e9rica, Europa y Ocean\u00eda bajo los valores de&nbsp;ayuda mutua,&nbsp; igualdad, solidaridad y equidad. <\/p>\n\n\n\n<div style=\"height:20px\" aria-hidden=\"true\" class=\"wp-block-spacer\"><\/div>\n\n\n\n<h4 class=\"has-vivid-red-color has-text-color wp-block-heading\"><strong>El foro nuclea a 19 de las m\u00e1s grandes cooperativas vitivin\u00edcolas de Am\u00e9rica, Europa y Ocean\u00eda.<\/strong><\/h4>\n\n\n\n<div style=\"height:20px\" aria-hidden=\"true\" class=\"wp-block-spacer\"><\/div>\n\n\n\n<p>Seg\u00fan explicaron desde la organizaci\u00f3n del Foro, el 63% de la producci\u00f3n de la vitivinicultura mundial es de origen cooperativo, y s\u00f3lo el 12 % se comercializa directamente al consumidor, por lo que se buscar\u00e1 en el encuentro de Espa\u00f1a aunar esfuerzos para acercar a productores y consumidores.<\/p>\n\n\n\n<p><em>\u00abEsto se podr\u00eda lograr generando alianzas estrat\u00e9gicas para mejorar la competitividad de todas las cooperativas vitivin\u00edcolas&nbsp; en el mercado global, a trav\u00e9s de un comercio justo y equitativo para productores y consumidores,&nbsp; bajo el paradigma de la sostenibilidad econ\u00f3mica, social y medioambiental\u00bb, <\/em>apuntaron los dirigentes del Foro.<\/p>\n\n\n\n<p>En este sentido, el presidente del Foro Mundial y de la cooperativa argentina <strong>Fecovita<\/strong>, el mendocino <strong>Eduardo Sancho<\/strong>, expres\u00f3: <em>\u00abCreemos que ha sido fundamental la integraci\u00f3n de las cooperativas vitivin\u00edcolas de los tres continentes: Am\u00e9rica, Europa y Ocean\u00eda. El objetivo final de este tipo de alianzas entre las cooperativas mundiales es conseguir mejores condiciones para los productores y consumidores\u00bb.&nbsp;<\/em><\/p>\n\n\n\n<div style=\"height:20px\" aria-hidden=\"true\" class=\"wp-block-spacer\"><\/div>\n\n\n\n<blockquote class=\"wp-block-quote is-layout-flow wp-block-quote-is-layout-flow\"><p>\u201c<em>Queremos articular una estrategia comercial con nuestros colegas de distintos puntos del mundo para fortalecer la llegada a distintos mercados internacionales<\/em>\u201d.<\/p><cite>Eduardo Sancho, presidente de Fecovita y del Foro Mundial de Cooperativas<\/cite><\/blockquote>\n\n\n\n<div style=\"height:20px\" aria-hidden=\"true\" class=\"wp-block-spacer\"><\/div>\n\n\n\n<p>Acerc\u00e1ndose a la fecha del XI Foro Mundial, que ser\u00e1 en octubre en la <strong>Cooperativa Caviro, en Faenza (Emilia-Roma\u00f1a)<\/strong>, Italia, las entidades resolvieron una previa en Valladolid con los presidentes de las cooperativas miembros, a la que asistir\u00e1n asociaciones miembros de<strong> Italia, Francia, Espa\u00f1a, Brasil, Portugal, Uruguay y Argentina<\/strong>, cuya delegaci\u00f3n estar\u00e1 encabezada por su actual presidente, Eduardo Sancho, mientras que ecoordinador general de la reuni\u00f3n ser\u00e1 <strong>Ignacio Obreg\u00f3n<\/strong>, anfitri\u00f3n y presidente de la Bodega Cuatro Rayas.<\/p>\n\n\n\n<div style=\"height:20px\" aria-hidden=\"true\" class=\"wp-block-spacer\"><\/div>\n\n\n\n<p class=\"has-background has-very-light-gray-background-color\">Los interesados en conocer m\u00e1s sobre el Pre-Foro de Espa\u00f1a y el Foro Mundial de Italia, puede visitar la web de la organizaci\u00f3n: <strong><a href=\"https:\/\/forummundialvitivinicola.org\/\">https:\/\/forummundialvitivinicola.org\/<\/a><\/strong><\/p>\n\n\n\n<div style=\"height:20px\" aria-hidden=\"true\" class=\"wp-block-spacer\"><\/div>\n\n\n\n<p>Seg\u00fan Sancho, el Pre-Foro buscar\u00e1 fortalecer estrategias comerciales ya que la cadena de compra y de venta a nivel mundial est\u00e1 fuertemente concentrada generando que los beneficios comerciales no se derramen hacia los productores vitivin\u00edcolas del mundo. En tal sentido, el dirigente mendocino manifest\u00f3: <em>\u00abQueremos articular una estrategia comercial con nuestros colegas de distintos puntos del mundo para fortalecer la llegada a distintos mercados internacionales\u00bb.<\/em><\/p>\n\n\n\n<p>La agenda del Pre-Foro Mundial de Cooperativas vitivin\u00edcolas 2022 incluye, entre otros temas a tratar, revisi\u00f3n del Foro anterior, trabajo por comisiones, actos protocolares y planificaci\u00f3n de acciones futuras.<\/p>\n\n\n\n<div style=\"height:35px\" aria-hidden=\"true\" class=\"wp-block-spacer\"><\/div>\n","protected":false},"excerpt":{"rendered":"<p>Con el objetivo de fortalecer las estrategias comerciales de las cooperativas, para as\u00ed llegar a&hellip;<\/p>\n","protected":false},"author":3,"featured_media":61474,"comment_status":"open","ping_status":"open","sticky":false,"template":"","format":"standard","meta":{"footnotes":""},"categories":[14],"tags":[],"class_list":["post-61447","post","type-post","status-publish","format-standard","has-post-thumbnail","hentry","category-news"],"_links":{"self":[{"href":"https:\/\/enolife.com.ar\/es\/wp-json\/wp\/v2\/posts\/61447","targetHints":{"allow":["GET"]}}],"collection":[{"href":"https:\/\/enolife.com.ar\/es\/wp-json\/wp\/v2\/posts"}],"about":[{"href":"https:\/\/enolife.com.ar\/es\/wp-json\/wp\/v2\/types\/post"}],"author":[{"embeddable":true,"href":"https:\/\/enolife.com.ar\/es\/wp-json\/wp\/v2\/users\/3"}],"replies":[{"embeddable":true,"href":"https:\/\/enolife.com.ar\/es\/wp-json\/wp\/v2\/comments?post=61447"}],"version-history":[{"count":0,"href":"https:\/\/enolife.com.ar\/es\/wp-json\/wp\/v2\/posts\/61447\/revisions"}],"wp:featuredmedia":[{"embeddable":true,"href":"https:\/\/enolife.com.ar\/es\/wp-json\/wp\/v2\/media\/61474"}],"wp:attachment":[{"href":"https:\/\/enolife.com.ar\/es\/wp-json\/wp\/v2\/media?parent=61447"}],"wp:term":[{"taxonomy":"category","embeddable":true,"href":"https:\/\/enolife.com.ar\/es\/wp-json\/wp\/v2\/categories?post=61447"},{"taxonomy":"post_tag","embeddable":true,"href":"https:\/\/enolife.com.ar\/es\/wp-json\/wp\/v2\/tags?post=61447"}],"curies":[{"name":"wp","href":"https:\/\/api.w.org\/{rel}","templated":true}]}}