{"id":6143,"date":"2020-01-04T14:27:06","date_gmt":"2020-01-04T14:27:06","guid":{"rendered":"http:\/\/enolife.com.ar\/es\/?p=6143"},"modified":"2020-01-07T23:47:26","modified_gmt":"2020-01-07T23:47:26","slug":"pau-roca-titular-de-la-oiv-es-lamentable-que-algunos-paises-pongan-barreras-al-comercio","status":"publish","type":"post","link":"https:\/\/enolife.com.ar\/es\/pau-roca-titular-de-la-oiv-es-lamentable-que-algunos-paises-pongan-barreras-al-comercio\/","title":{"rendered":"Pau Roca, titular de la OIV: \u00abEs lamentable que algunos pa\u00edses pongan barreras al comercio\u00bb"},"content":{"rendered":"\n<h4 class=\"wp-block-heading\"><em><strong>En su discurso de cierre del 2019, en Par\u00eds, el cient\u00edfico y productor espa\u00f1ol que dirige el m\u00e1ximo organismo mundial del vino hasta 2024 abog\u00f3 por un desarrollo \u00abarmonioso\u00bb del comercio internacional y pidi\u00f3 mayor apertura a los pa\u00edses que levantan barreras aduaneras. Tambi\u00e9n se refiri\u00f3 al \u00abreto del cambio clim\u00e1tico\u00bb y al rol de la entidad global, de la que forma parte Argentina. <\/strong><\/em><\/h4>\n\n\n\n<div style=\"height:20px\" aria-hidden=\"true\" class=\"wp-block-spacer\"><\/div>\n\n\n\n<p>Pau Roca record\u00f3 la importancia de la Organizaci\u00f3n Internacional de la Vi\u00f1a y el Vino (OIV): \u201cEs una organizaci\u00f3n que re\u00fane a aproximadamente 750 expertos con una gran riqueza de conocimiento y sabidur\u00eda, un colectivo que se renueva constantemente gracias a las delegaciones nacionales, siempre dispuestas a involucrarse, a dar respuestas y a sugerir soluciones a los problemas del sector de la vi\u00f1a y del vino; podemos estar orgullosos de avanzar en proyectos como la reducci\u00f3n de insumos\u201d<\/p>\n\n\n\n<p>En su discurso, Roca mencion\u00f3 al cambio clim\u00e1tico y la necesidad de garantizar un comercio internacional seguro como los temas m\u00e1s importantes para el vino y los productos de la vid.<\/p>\n\n\n\n<p>\u201cLamentablemente, nuestros respectivos pa\u00edses no lograron llegar a un acuerdo durante la COP25, que se celebr\u00f3 recientemente en Madrid. Pero esto no significa que no estemos haciendo progresos concretos, especialmente en los grupos m\u00e1s especializados. Por ejemplo, la semana pasada, durante la iniciativa \u20184 por 1000\u2019, fue muy satisfactorio observar cu\u00e1ntos proyectos han avanzado, proyectos que pueden resolver, en gran parte, la captura de carbono en los suelos\u201d, declar\u00f3 con entusiasmo el director.<\/p>\n\n\n\n<p>En tal sentido, Roca destac\u00f3 el papel que desempe\u00f1a la OIV:&nbsp;\u201cPodemos estar orgullosos de avanzar en los proyectos previstos para este a\u00f1o, como la reducci\u00f3n de los insumos y la caracterizaci\u00f3n de los suelos mediante t\u00e9cnicas gen\u00e9ticas que arrojan luz sobre un nuevo y desconocido universo de microorganismos, entre otros\u201d.<\/p>\n\n\n\n<p>En lo que respecta al comercio internacional, el director afirm\u00f3 que resulta fundamental que las relaciones comerciales contin\u00faen siendo fluidas.<strong> \u201cEs lamentable que algunos pa\u00edses puedan poner barreras al comercio cuando ofrecemos las normas armonizadas de la OIV. Adem\u00e1s, algunos Estados fijan aranceles repentinamente debido a otros conflictos que no tienen nada que ver con el vino: el vino no puede ser una moneda de cambio\u201d,<\/strong> declar\u00f3 el director.<\/p>\n\n\n\n<div style=\"height:20px\" aria-hidden=\"true\" class=\"wp-block-spacer\"><\/div>\n\n\n\n<p class=\"has-medium-font-size\"><strong>En l\u00ednea con el desarrollo sostenible <\/strong><\/p>\n\n\n\n<p>Mediante importantes reuniones internacionales, como las del Codex Alimentarius, en las que la OIV ha visto reforzada la representatividad intergubernamental de la actividad vitivin\u00edcola, o a trav\u00e9s de su presencia en m\u00e1s de cincuenta eventos celebrados bajo su alto patrocinio, tanto en concursos como en simposios cient\u00edficos, \u201cla OIV ha demostrado este a\u00f1o (por 2019), una vez m\u00e1s, la vitalidad de su actividad\u201d, se\u00f1al\u00f3 el director.<\/p>\n\n\n\n<p>En octubre de 2019, la OIV tambi\u00e9n aprob\u00f3, en la Asamblea General, su nuevo Plan Estrat\u00e9gico, que estar\u00e1 en vigor de 2020 a 2024.&nbsp;Por todo esto, \u201cel 2020 se presenta, para la OIV, como un per\u00edodo lleno de oportunidades para los proyectos que hemos identificado, totalmente en l\u00ednea con los ejes del Plan Estrat\u00e9gico, con los principios y valores que hacen de la viticultura un fen\u00f3meno presente en todos los planos: sociales, econ\u00f3micos, culturales y medioambientales\u201d, dijo Roca.<\/p>\n\n\n\n<p>\u201cPara el 43.\u00ba Congreso Mundial de la Vi\u00f1a y el Vino, que se celebrar\u00e1 del 23 al 27 de noviembre de 2020, iremos a Chile,<em> <\/em>uno de los pa\u00edses m\u00e1s activos en el comercio internacional del vino, comprometido en la investigaci\u00f3n de los problemas relacionados con la resistencia y la lucha contra el decaimiento de la vid\u201d, anticip\u00f3 Roca.<\/p>\n\n\n\n<div style=\"height:20px\" aria-hidden=\"true\" class=\"wp-block-spacer\"><\/div>\n\n\n\n<div class=\"wp-block-image\"><figure class=\"aligncenter is-resized\"><img loading=\"lazy\" decoding=\"async\" src=\"https:\/\/enolife.com.ar\/es\/wp-content\/uploads\/2020\/01\/image.png\" alt=\"\" class=\"wp-image-6221\" width=\"350\" height=\"342\"\/><figcaption><em><strong> Monika Christmann, vicepresidenta de la OIV. <\/strong><\/em><\/figcaption><\/figure><\/div>\n\n\n\n<div style=\"height:20px\" aria-hidden=\"true\" class=\"wp-block-spacer\"><\/div>\n\n\n\n<p style=\"background-color:#7dda5d\" class=\"has-background has-medium-font-size\"><strong>Qu\u00e9 es la iniciativa 4 por 100<\/strong><\/p>\n\n\n\n<p style=\"background-color:#7dda5d\" class=\"has-background\">La iniciativa internacional \u00ab&nbsp;4 por 1000&nbsp;\u00bb, lanzada por Francia el 1 de diciembre de 2015 durante la COP 21, consiste en unir todos los actores voluntarios del sector p\u00fablico y privado (Estados, colectividades, empresas, organizaciones profesionales, ONG, centros de investigaci\u00f3n) en el marco del Plan de acci\u00f3n Lima-Par\u00eds.<br><br>La iniciativa busca mostrar que la agricultura, especialmente los suelos agr\u00edcolas, pueden desempe\u00f1ar un papel determinante para la seguridad alimentaria y el cambio clim\u00e1tico.<br><br>Bas\u00e1ndose en documentaci\u00f3n cient\u00edfica s\u00f3lida, esta iniciativa invita a todos los socios a dar a conocer o establecer acciones concretas sobre el almacenamiento de carbono en los suelos, y el tipo de pr\u00e1cticas para lograrlo (agroecolog\u00eda, agroforester\u00eda, agricultura de conservaci\u00f3n, de gesti\u00f3n del paisaje\u2026). &nbsp;&nbsp;<br><br>La ambici\u00f3n de la iniciativa&nbsp;<strong>es<\/strong>&nbsp;incitar a los actores a que se comprometan en una transici\u00f3n hacia una agricultura productiva, altamente resistente, basada en un manejo adaptado de las tierras y los suelos, generadora de empleos e ingresos, y as\u00ed mensajera de un desarrollo sostenible.<br><br>CGIAR System Organization, organizaci\u00f3n internacional ubicada en Montpellier, alberga la Secretar\u00eda Ejecutiva de la iniciativa \u00ab&nbsp;4 por 1000&nbsp;\u00bb. &nbsp;<\/p>\n\n\n\n<p class=\"has-small-font-size\"><em><strong>Fuentes: <\/strong><\/em><a href=\"https:\/\/www.4p1000.org\/es\"><em><strong>OIV<\/strong><\/em><\/a><em><strong> y  <\/strong><\/em><a href=\"https:\/\/www.4p1000.org\/es\"><em><strong>https:\/\/www.4p1000.org\/es<\/strong><\/em><\/a><em><strong> <\/strong><\/em><\/p>\n\n\n\n\n\n<p><br><\/p>\n","protected":false},"excerpt":{"rendered":"<p>En su discurso de cierre del 2019, en Par\u00eds, el cient\u00edfico y productor espa\u00f1ol que&hellip;<\/p>\n","protected":false},"author":3,"featured_media":6229,"comment_status":"open","ping_status":"open","sticky":false,"template":"","format":"standard","meta":{"footnotes":""},"categories":[4],"tags":[],"class_list":["post-6143","post","type-post","status-publish","format-standard","has-post-thumbnail","hentry","category-protagonistas"],"_links":{"self":[{"href":"https:\/\/enolife.com.ar\/es\/wp-json\/wp\/v2\/posts\/6143","targetHints":{"allow":["GET"]}}],"collection":[{"href":"https:\/\/enolife.com.ar\/es\/wp-json\/wp\/v2\/posts"}],"about":[{"href":"https:\/\/enolife.com.ar\/es\/wp-json\/wp\/v2\/types\/post"}],"author":[{"embeddable":true,"href":"https:\/\/enolife.com.ar\/es\/wp-json\/wp\/v2\/users\/3"}],"replies":[{"embeddable":true,"href":"https:\/\/enolife.com.ar\/es\/wp-json\/wp\/v2\/comments?post=6143"}],"version-history":[{"count":0,"href":"https:\/\/enolife.com.ar\/es\/wp-json\/wp\/v2\/posts\/6143\/revisions"}],"wp:featuredmedia":[{"embeddable":true,"href":"https:\/\/enolife.com.ar\/es\/wp-json\/wp\/v2\/media\/6229"}],"wp:attachment":[{"href":"https:\/\/enolife.com.ar\/es\/wp-json\/wp\/v2\/media?parent=6143"}],"wp:term":[{"taxonomy":"category","embeddable":true,"href":"https:\/\/enolife.com.ar\/es\/wp-json\/wp\/v2\/categories?post=6143"},{"taxonomy":"post_tag","embeddable":true,"href":"https:\/\/enolife.com.ar\/es\/wp-json\/wp\/v2\/tags?post=6143"}],"curies":[{"name":"wp","href":"https:\/\/api.w.org\/{rel}","templated":true}]}}