{"id":61189,"date":"2022-05-07T02:51:03","date_gmt":"2022-05-07T02:51:03","guid":{"rendered":"http:\/\/enolife.com.ar\/es\/?p=61189"},"modified":"2022-05-10T00:20:28","modified_gmt":"2022-05-10T00:20:28","slug":"el-agro-pide-trasvasar-el-grande-al-atuel-el-dique-los-blancos-y-obras-de-riego-en-vez-de-portezuelo","status":"publish","type":"post","link":"https:\/\/enolife.com.ar\/es\/el-agro-pide-trasvasar-el-grande-al-atuel-el-dique-los-blancos-y-obras-de-riego-en-vez-de-portezuelo\/","title":{"rendered":"El agro pide trasvasar el Grande al Atuel, el dique Los Blancos y obras de riego en vez de Portezuelo"},"content":{"rendered":"\n<h4 class=\"wp-block-heading\"><em><strong>Diferentes c\u00e1maras agr\u00edcolas y agroindustriales de Mendoza se unieron para solicitar al gobierno local que, de no hacerse la represa hidroel\u00e9ctrica Portezuelo del Viento en Malarg\u00fce, se destinen los fondos a otras obras h\u00eddricas para lograr un uso eficiente del agua, desde la distribuci\u00f3n hasta el riego intrafinca. A continuaci\u00f3n replicamos el comunicado completo.<\/strong><\/em><\/h4>\n\n\n\n<div style=\"height:20px\" aria-hidden=\"true\" class=\"wp-block-spacer\"><\/div>\n\n\n\n\n\n<div style=\"height:56px\" aria-hidden=\"true\" class=\"wp-block-spacer\"><\/div>\n\n\n\n<p class=\"has-text-align-center\"><strong>Oportunidad para el desarrollo del agua en Mendoza<\/strong><\/p>\n\n\n\n<p>\u00abEn conjunto, las C\u00e1maras Agr\u00edcolas y Agroindustriales de Mendoza, expresamos el apoyo a lo dicho p\u00fablicamente por el Gobernador de la Provincia respecto a que los fondos que no se utilizar\u00edan en la obra Portezuelo del Viento sean destinados a generar un plan de acci\u00f3n de obras h\u00eddricas para el sector y de esta manera hacer frente a la megasequ\u00eda que atraviesa la provincia.<\/p>\n\n\n\n<p>\u00abTenemos la oportunidad hist\u00f3rica de hacer crecer fuertemente a Mendoza con un modelo agroindustrial competitivo, sostenible, con agregado de valor, distribuidor de riqueza en todo el territorio, justo coincidente con la demanda creciente de alimentos de calidad a nivel mundial y la posibilidad de generar fuentes de trabajo genuino. Es oportuno mencionar a su vez, el aporte que realiza el sector agropecuario para el desarrollo de Mendoza y su potencial crecimiento.<\/p>\n\n\n\n<p>\u00abLa situaci\u00f3n de mega sequ\u00eda, nos exige hacer un uso eficiente del agua desde la distribuci\u00f3n, hasta el riego intrafinca. La aceleraci\u00f3n de los procesos de Cambio Clim\u00e1tico (y la toma de conciencia comunitaria del mismo), nos urge. Debemos buscar el modo m\u00e1s propicio de ejecutar las inversiones que necesita la provincia, obteniendo el mayor provecho de estos fondos excepcionales (por \u00fanica vez en la historia) que tenemos. Es el momento de que Mendoza vuelva a ser un polo agroindustrial, aprovechando las oportunidades que los mercados demandan.<\/p>\n\n\n\n<p>\u00abComo representantes de los sectores agr\u00edcolas y agroindustriales, proponemos que ante la alarmante situaci\u00f3n descripta que atraviesa la provincia, los fondos que le corresponden a la provincia en concepto de indemnizaci\u00f3n en perjuicio de la promoci\u00f3n industrial sean utilizados para el desarrollo productivo de la provincia; adem\u00e1s de desarrollar obras estrat\u00e9gicas hist\u00f3ricamente pedidas como, por ejemplo, el Trasvase en la cuenca alta del R\u00edo Grande al Atuel, Los Blancos, Uspallata, etc., las mismas hoy m\u00e1s que nunca exigen su concreci\u00f3n. Nos ponemos a disposici\u00f3n para articular, en conjunto con el Gobierno Provincial, un plan.<\/p>\n\n\n\n<p>\u00abUn tiempo desafiante se avecina para los poderes p\u00fablicos y para las organizaciones de la econom\u00eda, que nos interroga sobre la expresi\u00f3n m\u00e1s correcta del Bien Com\u00fan provincial, al que contribuiremos en la formulaci\u00f3n por parte del gobierno de planes de corto, mediano y largo plazo que generen beneficios para toda la provincia.<\/p>\n\n\n\n<p>\u00abEn el desierto y en una sequ\u00eda creciente, necesitamos unidad y consistencia para la planificaci\u00f3n, inversi\u00f3n y gesti\u00f3n del recurso estrat\u00e9gico m\u00e1s importante; con amplia participaci\u00f3n y criterios de racionalidad y sustentabilidad en el uso de los fondos. \u00a1Sin AGUA NO HAY ALIMENTOS!\u00bb<\/p>\n\n\n\n<p><strong>Entidades firmantes:<\/strong><\/p>\n\n\n\n<ul class=\"wp-block-list\"><li>Asociaci\u00f3n de Cooperativas Vitivin\u00edcolas Argentinas<\/li><li>Asociaci\u00f3n de productores y exportadores de frutas frescas<\/li><li>Asociaci\u00f3n de Productores, Empacadores y Exportadores de Ajos, Cebollas y Afines de la Provincia de Mendoza<\/li><li>Asociaci\u00f3n de los Productores del Oasis Este Mendocino<\/li><li>Asociaci\u00f3n Oliv\u00edcola de Mendoza<\/li><li>Asociaci\u00f3n Tomate 2000<\/li><li>Asociaci\u00f3n de Vi\u00f1ateros de Mendoza<\/li><li>C\u00e1mara Argentina de Vinos a Granel<\/li><li>C\u00e1mara Argentina de Fabricantes y Exportadores de Mosto de Uva<\/li><li>C\u00e1mara de Comercio, Industria y Agricultura de Gral. San Mart\u00edn<\/li><li>C\u00e1mara de Comercio, Industria, Agricultura y Ganader\u00eda de General Alvear<\/li><li>C\u00e1mara de Comercio Exterior de Cuyo<\/li><li>C\u00e1mara de Comercio, Industria, Agricultura y Turismo de Tunuy\u00e1n<\/li><li>C\u00e1mara de Agricultura, Industria, Comercio y Turismo del Valle de Tupungato<\/li><li>C\u00e1mara empresaria de Rivadavia<\/li><li>C\u00e1mara de la Fruta Industrializada de Mendoza<\/li><li>Cooperativa La L\u00ednea LTDA<\/li><li>Federaci\u00f3n de C\u00e1maras Vit\u00edcolas<\/li><li>Lavalle Cooperativa Frutihorticola LTDA LACOFRUT<\/li><li>Sociedad Rural de San Rafael<\/li><li>Sociedad Rural Valle de Uco<\/li><\/ul>\n\n\n\n<p><\/p>\n","protected":false},"excerpt":{"rendered":"<p>Diferentes c\u00e1maras agr\u00edcolas y agroindustriales de Mendoza se unieron para solicitar al gobierno local que,&hellip;<\/p>\n","protected":false},"author":3,"featured_media":61306,"comment_status":"open","ping_status":"open","sticky":false,"template":"","format":"standard","meta":{"footnotes":""},"categories":[14],"tags":[],"class_list":["post-61189","post","type-post","status-publish","format-standard","has-post-thumbnail","hentry","category-news"],"_links":{"self":[{"href":"https:\/\/enolife.com.ar\/es\/wp-json\/wp\/v2\/posts\/61189","targetHints":{"allow":["GET"]}}],"collection":[{"href":"https:\/\/enolife.com.ar\/es\/wp-json\/wp\/v2\/posts"}],"about":[{"href":"https:\/\/enolife.com.ar\/es\/wp-json\/wp\/v2\/types\/post"}],"author":[{"embeddable":true,"href":"https:\/\/enolife.com.ar\/es\/wp-json\/wp\/v2\/users\/3"}],"replies":[{"embeddable":true,"href":"https:\/\/enolife.com.ar\/es\/wp-json\/wp\/v2\/comments?post=61189"}],"version-history":[{"count":0,"href":"https:\/\/enolife.com.ar\/es\/wp-json\/wp\/v2\/posts\/61189\/revisions"}],"wp:featuredmedia":[{"embeddable":true,"href":"https:\/\/enolife.com.ar\/es\/wp-json\/wp\/v2\/media\/61306"}],"wp:attachment":[{"href":"https:\/\/enolife.com.ar\/es\/wp-json\/wp\/v2\/media?parent=61189"}],"wp:term":[{"taxonomy":"category","embeddable":true,"href":"https:\/\/enolife.com.ar\/es\/wp-json\/wp\/v2\/categories?post=61189"},{"taxonomy":"post_tag","embeddable":true,"href":"https:\/\/enolife.com.ar\/es\/wp-json\/wp\/v2\/tags?post=61189"}],"curies":[{"name":"wp","href":"https:\/\/api.w.org\/{rel}","templated":true}]}}