{"id":60906,"date":"2022-05-05T00:05:48","date_gmt":"2022-05-05T00:05:48","guid":{"rendered":"http:\/\/enolife.com.ar\/es\/?p=60906"},"modified":"2022-05-09T23:08:06","modified_gmt":"2022-05-09T23:08:06","slug":"al-1-5-22-se-recolectaron-191-m-de-quintales-de-uva-un-13-menos-que-a-la-misma-fecha-de-2021","status":"publish","type":"post","link":"https:\/\/enolife.com.ar\/es\/al-1-5-22-se-recolectaron-191-m-de-quintales-de-uva-un-13-menos-que-a-la-misma-fecha-de-2021\/","title":{"rendered":"Al 1\/5\/22 se recolectaron 19,1 M de quintales de uva, un 13% menos que a la misma fecha de 2021"},"content":{"rendered":"\n<h4 class=\"wp-block-heading\"><em><strong>Tal como adelant\u00f3 la estimaci\u00f3n del Instituto Nacional de Vitivinicultura (INV) en conjunto con otros organismos, la vendimia 2022 en Argentina sufri\u00f3 una merma del 13% respecto a la de 2021. Si bien a\u00fan quedan algunas pocas vi\u00f1as por cosechar, a la semana 22 el n\u00famero es pr\u00e1cticamente el definitivo: 1.912.120.246 kilos de uva.<\/strong><\/em><\/h4>\n\n\n\n<div style=\"height:37px\" aria-hidden=\"true\" class=\"wp-block-spacer\"><\/div>\n\n\n<a href=\"https:\/\/instagram.com\/labelsolutions?igshid=YmMyMTA2M2Y=\" aria-label=\"Banner Palero 1700&#215;500\"><img loading=\"lazy\" decoding=\"async\" src=\"https:\/\/enolife.com.ar\/es\/wp-content\/uploads\/2021\/09\/Banner-Palero-1700x500-1.gif\" alt=\"\"  width=\"1700\" height=\"500\"   \/><\/a>\n\n\n<div style=\"height:62px\" aria-hidden=\"true\" class=\"wp-block-spacer\"><\/div>\n\n\n\n<p>Llegando al final de la cosecha, al 1\/5\/22, se recolectaron 19.121.202,46 quintales de uva, con los que se elaboraron 1.001.746.385 litros de vino y 284.609.282 litros de mosto. A continuaci\u00f3n, se detallan los n\u00fameros exactos relevados y procesados por el  INV.<\/p>\n\n\n\n<p class=\"has-background has-luminous-vivid-amber-background-color\"><strong>Ver nota Enolife del 16\/2: <a href=\"https:\/\/enolife.com.ar\/es\/el-inv-entidades-cientificas-y-productores-estimaron-que-la-cosecha-2022-sera-13-menor-a-la-2021\/\">El INV, entidades cient\u00edficas y productores estimaron que la cosecha 2022 ser\u00e1 13% menor a la 2021<\/a><\/strong><\/p>\n\n\n\n<div style=\"height:40px\" aria-hidden=\"true\" class=\"wp-block-spacer\"><\/div>\n\n\n\n<p class=\"has-text-align-center has-medium-font-size\"><strong>Informe proceso de elaboraci\u00f3n 2022<\/strong><\/p>\n\n\n\n<p class=\"has-background has-text-align-center has-very-light-gray-background-color\"><strong>Totales&nbsp; acumulados al 1 de mayo de 2022<\/strong><\/p>\n\n\n\n<div class=\"wp-block-image\"><figure class=\"aligncenter size-large is-resized\"><img loading=\"lazy\" decoding=\"async\" src=\"https:\/\/enolife.com.ar\/es\/wp-content\/uploads\/2022\/05\/Imagen1-2-1024x681.jpg\" alt=\"\" class=\"wp-image-60907\" width=\"843\" height=\"560\" srcset=\"https:\/\/enolife.com.ar\/es\/wp-content\/uploads\/2022\/05\/Imagen1-2-1024x681.jpg 1024w, https:\/\/enolife.com.ar\/es\/wp-content\/uploads\/2022\/05\/Imagen1-2-300x200.jpg 300w, https:\/\/enolife.com.ar\/es\/wp-content\/uploads\/2022\/05\/Imagen1-2-768x511.jpg 768w, https:\/\/enolife.com.ar\/es\/wp-content\/uploads\/2022\/05\/Imagen1-2-585x389.jpg 585w, https:\/\/enolife.com.ar\/es\/wp-content\/uploads\/2022\/05\/Imagen1-2.jpg 1030w\" sizes=\"auto, (max-width: 843px) 100vw, 843px\" \/><\/figure><\/div>\n\n\n\n<div class=\"wp-block-image\"><figure class=\"aligncenter size-large is-resized\"><img loading=\"lazy\" decoding=\"async\" src=\"https:\/\/enolife.com.ar\/es\/wp-content\/uploads\/2022\/05\/Imagen2-1-1024x192.jpg\" alt=\"\" class=\"wp-image-60908\" width=\"846\" height=\"158\" srcset=\"https:\/\/enolife.com.ar\/es\/wp-content\/uploads\/2022\/05\/Imagen2-1-1024x192.jpg 1024w, https:\/\/enolife.com.ar\/es\/wp-content\/uploads\/2022\/05\/Imagen2-1-300x56.jpg 300w, https:\/\/enolife.com.ar\/es\/wp-content\/uploads\/2022\/05\/Imagen2-1-768x144.jpg 768w, https:\/\/enolife.com.ar\/es\/wp-content\/uploads\/2022\/05\/Imagen2-1-585x110.jpg 585w, https:\/\/enolife.com.ar\/es\/wp-content\/uploads\/2022\/05\/Imagen2-1.jpg 1030w\" sizes=\"auto, (max-width: 846px) 100vw, 846px\" \/><\/figure><\/div>\n\n\n\n<div style=\"height:20px\" aria-hidden=\"true\" class=\"wp-block-spacer\"><\/div>\n\n\n\n<p class=\"has-text-align-center has-medium-font-size\"><strong>Comparativo kilogramos de uva 2012\/2021<\/strong><\/p>\n\n\n\n<p class=\"has-background has-text-align-center has-very-light-gray-background-color\"><strong>Acumulado al d\u00eda 1 de mayo de cada a\u00f1o<\/strong><\/p>\n\n\n\n<div class=\"wp-block-image\"><figure class=\"aligncenter size-large is-resized\"><img loading=\"lazy\" decoding=\"async\" src=\"https:\/\/enolife.com.ar\/es\/wp-content\/uploads\/2022\/05\/Imagen3-1024x392.jpg\" alt=\"\" class=\"wp-image-60909\" width=\"1021\" height=\"391\" srcset=\"https:\/\/enolife.com.ar\/es\/wp-content\/uploads\/2022\/05\/Imagen3-1024x392.jpg 1024w, https:\/\/enolife.com.ar\/es\/wp-content\/uploads\/2022\/05\/Imagen3-300x115.jpg 300w, https:\/\/enolife.com.ar\/es\/wp-content\/uploads\/2022\/05\/Imagen3-768x294.jpg 768w, https:\/\/enolife.com.ar\/es\/wp-content\/uploads\/2022\/05\/Imagen3-1170x448.jpg 1170w, https:\/\/enolife.com.ar\/es\/wp-content\/uploads\/2022\/05\/Imagen3-585x224.jpg 585w, https:\/\/enolife.com.ar\/es\/wp-content\/uploads\/2022\/05\/Imagen3.jpg 1280w\" sizes=\"auto, (max-width: 1021px) 100vw, 1021px\" \/><\/figure><\/div>\n\n\n\n<div class=\"wp-block-image\"><figure class=\"aligncenter size-large is-resized\"><img loading=\"lazy\" decoding=\"async\" src=\"https:\/\/enolife.com.ar\/es\/wp-content\/uploads\/2022\/05\/Imagen4-1024x27.jpg\" alt=\"\" class=\"wp-image-60910\" width=\"943\" height=\"25\" srcset=\"https:\/\/enolife.com.ar\/es\/wp-content\/uploads\/2022\/05\/Imagen4-1024x27.jpg 1024w, https:\/\/enolife.com.ar\/es\/wp-content\/uploads\/2022\/05\/Imagen4-300x8.jpg 300w, https:\/\/enolife.com.ar\/es\/wp-content\/uploads\/2022\/05\/Imagen4-768x20.jpg 768w, https:\/\/enolife.com.ar\/es\/wp-content\/uploads\/2022\/05\/Imagen4-1170x31.jpg 1170w, https:\/\/enolife.com.ar\/es\/wp-content\/uploads\/2022\/05\/Imagen4-585x16.jpg 585w, https:\/\/enolife.com.ar\/es\/wp-content\/uploads\/2022\/05\/Imagen4.jpg 1280w\" sizes=\"auto, (max-width: 943px) 100vw, 943px\" \/><\/figure><\/div>\n\n\n\n<div class=\"wp-block-image\"><figure class=\"aligncenter size-large is-resized\"><img loading=\"lazy\" decoding=\"async\" src=\"https:\/\/enolife.com.ar\/es\/wp-content\/uploads\/2022\/05\/Imagen5-1-1024x74.jpg\" alt=\"\" class=\"wp-image-60911\" width=\"1032\" height=\"74\" srcset=\"https:\/\/enolife.com.ar\/es\/wp-content\/uploads\/2022\/05\/Imagen5-1-1024x74.jpg 1024w, https:\/\/enolife.com.ar\/es\/wp-content\/uploads\/2022\/05\/Imagen5-1-300x22.jpg 300w, https:\/\/enolife.com.ar\/es\/wp-content\/uploads\/2022\/05\/Imagen5-1-768x55.jpg 768w, https:\/\/enolife.com.ar\/es\/wp-content\/uploads\/2022\/05\/Imagen5-1-1170x84.jpg 1170w, https:\/\/enolife.com.ar\/es\/wp-content\/uploads\/2022\/05\/Imagen5-1-585x42.jpg 585w, https:\/\/enolife.com.ar\/es\/wp-content\/uploads\/2022\/05\/Imagen5-1.jpg 1280w\" sizes=\"auto, (max-width: 1032px) 100vw, 1032px\" \/><\/figure><\/div>\n\n\n\n<div style=\"height:20px\" aria-hidden=\"true\" class=\"wp-block-spacer\"><\/div>\n\n\n\n<p class=\"has-background has-text-align-center has-very-light-gray-background-color\"><strong>Kilogramos de uva elaborada por variedad y por color \u2013 total&nbsp; por provincia acumulado al 1 de mayo 2022<\/strong><\/p>\n\n\n\n<div class=\"wp-block-image\"><figure class=\"aligncenter size-large\"><img loading=\"lazy\" decoding=\"async\" width=\"519\" height=\"462\" src=\"https:\/\/enolife.com.ar\/es\/wp-content\/uploads\/2022\/05\/Imagen6-1.jpg\" alt=\"\" class=\"wp-image-60913\" srcset=\"https:\/\/enolife.com.ar\/es\/wp-content\/uploads\/2022\/05\/Imagen6-1.jpg 519w, https:\/\/enolife.com.ar\/es\/wp-content\/uploads\/2022\/05\/Imagen6-1-300x267.jpg 300w\" sizes=\"auto, (max-width: 519px) 100vw, 519px\" \/><\/figure><\/div>\n\n\n\n<div style=\"height:20px\" aria-hidden=\"true\" class=\"wp-block-spacer\"><\/div>\n\n\n\n<p class=\"has-small-font-size\"><em><strong>Foto principal: Walter Mendoza, participante del concurso fotogr\u00e1fico \u00abTiempo de Cosecha 2021\u00bb, de Enolife y la Asociaci\u00f3n Vi\u00f1ateros de Mendoza.<\/strong><\/em><\/p>\n\n\n\n<div style=\"height:37px\" aria-hidden=\"true\" class=\"wp-block-spacer\"><\/div>\n","protected":false},"excerpt":{"rendered":"<p>Tal como adelant\u00f3 la estimaci\u00f3n del Instituto Nacional de Vitivinicultura (INV) en conjunto con otros&hellip;<\/p>\n","protected":false},"author":3,"featured_media":60941,"comment_status":"open","ping_status":"open","sticky":false,"template":"","format":"standard","meta":{"footnotes":""},"categories":[14],"tags":[],"class_list":["post-60906","post","type-post","status-publish","format-standard","has-post-thumbnail","hentry","category-news"],"_links":{"self":[{"href":"https:\/\/enolife.com.ar\/es\/wp-json\/wp\/v2\/posts\/60906","targetHints":{"allow":["GET"]}}],"collection":[{"href":"https:\/\/enolife.com.ar\/es\/wp-json\/wp\/v2\/posts"}],"about":[{"href":"https:\/\/enolife.com.ar\/es\/wp-json\/wp\/v2\/types\/post"}],"author":[{"embeddable":true,"href":"https:\/\/enolife.com.ar\/es\/wp-json\/wp\/v2\/users\/3"}],"replies":[{"embeddable":true,"href":"https:\/\/enolife.com.ar\/es\/wp-json\/wp\/v2\/comments?post=60906"}],"version-history":[{"count":0,"href":"https:\/\/enolife.com.ar\/es\/wp-json\/wp\/v2\/posts\/60906\/revisions"}],"wp:featuredmedia":[{"embeddable":true,"href":"https:\/\/enolife.com.ar\/es\/wp-json\/wp\/v2\/media\/60941"}],"wp:attachment":[{"href":"https:\/\/enolife.com.ar\/es\/wp-json\/wp\/v2\/media?parent=60906"}],"wp:term":[{"taxonomy":"category","embeddable":true,"href":"https:\/\/enolife.com.ar\/es\/wp-json\/wp\/v2\/categories?post=60906"},{"taxonomy":"post_tag","embeddable":true,"href":"https:\/\/enolife.com.ar\/es\/wp-json\/wp\/v2\/tags?post=60906"}],"curies":[{"name":"wp","href":"https:\/\/api.w.org\/{rel}","templated":true}]}}