{"id":60802,"date":"2022-05-04T23:38:47","date_gmt":"2022-05-04T23:38:47","guid":{"rendered":"http:\/\/enolife.com.ar\/es\/?p=60802"},"modified":"2022-05-07T02:52:48","modified_gmt":"2022-05-07T02:52:48","slug":"arrancaron-los-cursos-2022-de-la-vitivinicultura-hace-escuela-que-otorgan-puntaje-a-los-docentes","status":"publish","type":"post","link":"https:\/\/enolife.com.ar\/es\/arrancaron-los-cursos-2022-de-la-vitivinicultura-hace-escuela-que-otorgan-puntaje-a-los-docentes\/","title":{"rendered":"Arrancaron los cursos 2022 de \u00abLa vitivinicultura hace escuela\u00bb, que otorgan puntaje a los docentes"},"content":{"rendered":"\n<h4 class=\"wp-block-heading\"><em><strong>El 30 de abril comenz\u00f3 el primer nivel del curso para docentes dictado por el Fondo Vitivin\u00edcola Mendoza, \u00abAprender y ense\u00f1ar la cultura de la vid y el vino\u00bb. Esta primera capacitaci\u00f3n del a\u00f1o, en formato presencial, forma parte del programa \u00abLa vitivinicultura hace escuela\u00bb, que proporciona herramientas a los educadores para incentivar el conocimiento y la comprensi\u00f3n de la vitivinicultura en ni\u00f1os y j\u00f3venes. Gracias a un convenio con la Direcci\u00f3n General de Escuelas de Mendoza, el curso permite a maestros y profesores sumar puntos en su legajo, \u00fatiles para postularse en concursos de cargos superiores.<\/strong><\/em><\/h4>\n\n\n\n<div style=\"height:30px\" aria-hidden=\"true\" class=\"wp-block-spacer\"><\/div>\n\n\n<a href=\"https:\/\/ar.verallia.com\/\" aria-label=\"VERALLIA 1700 x 500\"><img loading=\"lazy\" decoding=\"async\" src=\"https:\/\/enolife.com.ar\/es\/wp-content\/uploads\/2021\/04\/VERALLIA-1700-x-500.jpg\" alt=\"\"  srcset=\"https:\/\/enolife.com.ar\/es\/wp-content\/uploads\/2021\/04\/VERALLIA-1700-x-500.jpg 1700w, https:\/\/enolife.com.ar\/es\/wp-content\/uploads\/2021\/04\/VERALLIA-1700-x-500-300x88.jpg 300w, https:\/\/enolife.com.ar\/es\/wp-content\/uploads\/2021\/04\/VERALLIA-1700-x-500-1024x301.jpg 1024w, https:\/\/enolife.com.ar\/es\/wp-content\/uploads\/2021\/04\/VERALLIA-1700-x-500-768x226.jpg 768w, https:\/\/enolife.com.ar\/es\/wp-content\/uploads\/2021\/04\/VERALLIA-1700-x-500-1536x452.jpg 1536w, https:\/\/enolife.com.ar\/es\/wp-content\/uploads\/2021\/04\/VERALLIA-1700-x-500-1170x344.jpg 1170w, https:\/\/enolife.com.ar\/es\/wp-content\/uploads\/2021\/04\/VERALLIA-1700-x-500-585x172.jpg 585w\" sizes=\"auto, (max-width: 1700px) 100vw, 1700px\" width=\"1700\" height=\"500\"   \/><\/a>\n\n\n<div style=\"height:62px\" aria-hidden=\"true\" class=\"wp-block-spacer\"><\/div>\n\n\n\n<p>Desde su creaci\u00f3n en 2003, mediante estos cursos impulsados por el Fondo Vitivin\u00edcola Mendoza y dictados por docentes especializados en vitivinicultura, se han capacitado a m\u00e1s de 10.000 educadores, quienes transmitieron los contenidos did\u00e1cticos, ejercicios, juegos y espect\u00e1culos educativos a 30.000 alumnos de los niveles inicial, primario y secundario.<\/p>\n\n\n\n<p>Este a\u00f1o, el primer curso, en formato presencial, comenz\u00f3 el 30 de abril y proseguir\u00e1 para los docentes inscriptos previamente los d\u00edas 7 y 14 de mayo, de 8.30 a 13 hs en la Enoteca, el Centro Tem\u00e1tico del Vino de Mendoza. <\/p>\n\n\n\n<p><strong>Los pr\u00f3ximos dos cursos presenciales del a\u00f1o<\/strong> se brindar\u00e1n uno los d\u00edas 4 y 5 de agosto en el Centro de Congresos y Exposiciones de San Rafael, y otro los d\u00edas (s\u00e1bados) 17 y 24 de setiembre y 1 de octubre en la Enoteca de Mendoza.<\/p>\n\n\n\n<p>En forma complementaria, se dictar\u00e1n <strong>otras tres capacitaciones en modalidad sincr\u00f3nico\/virtual (por internet, en vivo).<\/strong> <strong>La primera, del nivel 1<\/strong>, del 30\/5\/22 al 3\/6\/22, los 5 d\u00edas de 19.30 a 21.45 hs. <strong>La segunda,<\/strong> tambi\u00e9n del nivel 1, del lunes 22\/8\/22 al 26\/8\/22, los 5 d\u00edas de 19.30 a 21.45 hs. Y <strong>la tercera<\/strong>, para el nivel 2, del 3\/10\/22 al 6\/10\/22, los 5 d\u00edas de 19.30 a 21.45 hs.<\/p>\n\n\n\n<div style=\"height:20px\" aria-hidden=\"true\" class=\"wp-block-spacer\"><\/div>\n\n\n\n<p class=\"has-background has-very-light-gray-background-color\"><strong>C\u00f3mo inscribirse en forma gratuita<\/strong><br><br>El recorrido formativo contempla dos niveles, cada uno con una duraci\u00f3n de 40 horas, avalados por la <strong>Coordinaci\u00f3n General de Educaci\u00f3n Superior. <\/strong>En todos los casos, <strong>los cursos son gratuitos<\/strong>. Y para inscribirse, los docentes interesados deber\u00e1n enviar un <strong>correo a&nbsp;<a href=\"mailto:alejandro@fondovitivinicola.com.ar\">alejandro@fondovitivinicola.com.ar<\/a>,<\/strong>&nbsp;consignando nombre completo, DNI, nivel al que desean inscribirse, modalidad y fecha elegida.<\/p>\n\n\n\n<div style=\"height:20px\" aria-hidden=\"true\" class=\"wp-block-spacer\"><\/div>\n\n\n\n<p>Todos los cursos de este programa son gratuitos y est\u00e1n destinados a docentes, directivos y supervisores de todos los niveles y modalidades (otorgan puntaje docente), estudiantes del nivel Superior y p\u00fablico en general relacionado con la gastronom\u00eda, turismo, hoteler\u00eda y comercio interesados \u200b\u200ben la cultura vitivin\u00edcola.<\/p>\n\n\n\n<div style=\"height:20px\" aria-hidden=\"true\" class=\"wp-block-spacer\"><\/div>\n\n\n\n<p class=\"has-medium-font-size\"><strong>Para que cada mendocino sea embajador del vino argentino<\/strong><\/p>\n\n\n\n<p>El docente y escritor&nbsp;<strong>Alejandro Cobo, coordinador pedag\u00f3gico del proyecto<\/strong>, resumi\u00f3 a<strong> Enolife<\/strong>:&nbsp;<em>\u00abEl punto de inicio es el a\u00f1o 2003, con el convenio &#8216;Recuperaci\u00f3n de los saberes relativos a la vitivinicultura para la construcci\u00f3n de un curr\u00edculo&#8217; firmado entre el Fondo Vitivin\u00edcola Mendoza y la Direcci\u00f3n General de Escuelas (DGE). En 2007 se puso en marcha el dispositivo en formato de curso presencial y, en sus 15 a\u00f1os de existencia, se han capacitado m\u00e1s de diez mil docentes en Mendoza\u00bb. <\/em><\/p>\n\n\n\n<p>Cobo puntualiz\u00f3 adem\u00e1s que, <em>\u00abCon el objetivo de lograr que&nbsp;cada mendocino sea embajador del vino argentino,&nbsp;la propuesta ha llegado, a trav\u00e9s de los educadores que realizaron el curso, a aproximadamente treinta mil alumnos, en proyectos que han abordado diferentes perspectivas para comprender los aspectos sociales, econ\u00f3micos y culturales involucrados en el mundo vitivin\u00edcola\u00bb.<\/em><\/p>\n\n\n\n<div style=\"height:29px\" aria-hidden=\"true\" class=\"wp-block-spacer\"><\/div>\n","protected":false},"excerpt":{"rendered":"<p>El 30 de abril comenz\u00f3 el primer nivel del curso para docentes dictado por el&hellip;<\/p>\n","protected":false},"author":3,"featured_media":61088,"comment_status":"open","ping_status":"open","sticky":false,"template":"","format":"standard","meta":{"footnotes":""},"categories":[47],"tags":[],"class_list":["post-60802","post","type-post","status-publish","format-standard","has-post-thumbnail","hentry","category-agenda"],"_links":{"self":[{"href":"https:\/\/enolife.com.ar\/es\/wp-json\/wp\/v2\/posts\/60802","targetHints":{"allow":["GET"]}}],"collection":[{"href":"https:\/\/enolife.com.ar\/es\/wp-json\/wp\/v2\/posts"}],"about":[{"href":"https:\/\/enolife.com.ar\/es\/wp-json\/wp\/v2\/types\/post"}],"author":[{"embeddable":true,"href":"https:\/\/enolife.com.ar\/es\/wp-json\/wp\/v2\/users\/3"}],"replies":[{"embeddable":true,"href":"https:\/\/enolife.com.ar\/es\/wp-json\/wp\/v2\/comments?post=60802"}],"version-history":[{"count":0,"href":"https:\/\/enolife.com.ar\/es\/wp-json\/wp\/v2\/posts\/60802\/revisions"}],"wp:featuredmedia":[{"embeddable":true,"href":"https:\/\/enolife.com.ar\/es\/wp-json\/wp\/v2\/media\/61088"}],"wp:attachment":[{"href":"https:\/\/enolife.com.ar\/es\/wp-json\/wp\/v2\/media?parent=60802"}],"wp:term":[{"taxonomy":"category","embeddable":true,"href":"https:\/\/enolife.com.ar\/es\/wp-json\/wp\/v2\/categories?post=60802"},{"taxonomy":"post_tag","embeddable":true,"href":"https:\/\/enolife.com.ar\/es\/wp-json\/wp\/v2\/tags?post=60802"}],"curies":[{"name":"wp","href":"https:\/\/api.w.org\/{rel}","templated":true}]}}