{"id":6069,"date":"2019-12-27T22:31:10","date_gmt":"2019-12-27T22:31:10","guid":{"rendered":"http:\/\/enolife.com.ar\/es\/?p=6069"},"modified":"2020-01-04T22:49:00","modified_gmt":"2020-01-04T22:49:00","slug":"comienza-el-reclutamiento-de-personal-temporario-en-las-bodegas-y-tercerizar-es-la-opcion-mas-elegida","status":"publish","type":"post","link":"https:\/\/enolife.com.ar\/es\/comienza-el-reclutamiento-de-personal-temporario-en-las-bodegas-y-tercerizar-es-la-opcion-mas-elegida\/","title":{"rendered":"Comienza el reclutamiento de personal temporario en bodegas y tercerizar es la opci\u00f3n m\u00e1s elegida"},"content":{"rendered":"\n<h4 class=\"wp-block-heading\"><em><strong>Diciembre es cuando las empresas comienzan con su b\u00fasqueda de trabajadores para la vendimia. Cosechadores, en\u00f3logos, operarios comunes y especializados, personal para control de calidad, ingenieros agr\u00f3nomos, t\u00e9cnicos qu\u00edmicos y laboratoristas, un abanico de recursos humanos. Por ello, las bodegas delegan esa tarea a consultoras especializadas. <\/strong><\/em><\/h4>\n\n\n\n<div style=\"height:20px\" aria-hidden=\"true\" class=\"wp-block-spacer\"><\/div>\n\n\n\n<p>La contrataci\u00f3n de empresas dedicadas a la b\u00fasqueda del personal temporario es una opci\u00f3n por la cual las bodegas optan cada vez con mayor frecuencia. As\u00ed, se evitan la b\u00fasqueda del recurso humano,  las liquidaciones de sueldos y tr\u00e1mites legales como la vinculaci\u00f3n con las ART, la gesti\u00f3n de ausencias y aportes y otras responsabilidades.<\/p>\n\n\n\n<p>Enolife profundiz\u00f3 el tema tomando como referente a una de las principales empresas dedicadas al reclutamiento, la Consultora de Recursos Humanos Cona, que brinda soluciones para estos procesos. Seg\u00fan la misi\u00f3n que proclama Cona, el capital humano hace la diferencia estrat\u00e9gica sustentable en el tiempo para una organizaci\u00f3n. <\/p>\n\n\n\n<p>Alejandro Svriz,  gerente operativo de Cona para Mendoza y San Juan, nos cuenta como trabajan: \u00abDise\u00f1amos y desarrollamos programas espec\u00edficos para el reclutamiento y selecci\u00f3n de j\u00f3venes profesionales y pasantes, para integrar los cuadros profesionales de las organizaciones. Contamos con t\u00e9cnicas de Assessment Centre, Casos de Negocios y Rol Playing, y otras herramientas de diagn\u00f3stico que garantizan un servicio adecuado a las exigencias que demandan las Empresas. Disponemos de distintos programas y recursos para la retenci\u00f3n del talento, como as\u00ed tambi\u00e9n para la evaluaci\u00f3n de potencial y el desarrollo de carrera\u00bb.<\/p>\n\n\n\n<p>Para Fabricio Gaitano, gerente comercial para Mendoza y San Juan, el per\u00edodo de vendimia implica, entre otras cosas, incorporar gran cantidad de personal en un per\u00edodo corto de tiempo, y el personal eventual es una soluci\u00f3n que se ajusta perfectamente a esta actividad estacional. <\/p>\n\n\n\n<p>Relata Gaitano: \u201cUna de las principales ventajas de la tercerizaci\u00f3n de las contrataciones de personal temporario para vendimia es que se pueden graduar las necesidades de gente al volumen real de cosecha o a la exigencia de elaboraci\u00f3n; as\u00ed, logramos ser aliados muy importantes en la eficiencia y la productividad, dos focos claves para las fincas y bodegas en contextos donde el control de costos se torna fundamental\u00bb.<\/p>\n\n\n\n<p>Y contin\u00faa Gaitano: \u00abPor otro lado, nuestros clientes, a trav\u00e9s nuestro, realizan un reclutamiento profesional  a medida para los diferentes perfiles, culturas y pr\u00e1cticas de trabajo que necesita antes, durante y despu\u00e9s de la vendimia; de esa manera nos constituimos en un gran apoyo para las empresas vitivin\u00edcolas que cuentan con estructuras de recursos humanos acotadas, o absorbidas por la gesti\u00f3n del d\u00eda a d\u00eda. Incluso m\u00e1s \u00fatil les resulta nuestra gesti\u00f3n a aquellas bodegas que no cuentan con un departamento de Recursos Humanos espec\u00edfico, con el cual moverse en esta etapa que requiere alta velocidad de respuesta en el reclutamiento, para cubrir los requerimiento de cada operaci\u00f3n. La ventaja de contratarnos es que nuestros clientes pueden concentrarse en sus procesos productivos, dejando las necesidades estacionales y extraordinarias de personal en manos de especialistas que ya tienen bases de candidatos preseleccionados y listos para ser asignado a sus tareas.<\/p>\n\n\n\n<div style=\"height:37px\" aria-hidden=\"true\" class=\"wp-block-spacer\"><\/div>\n\n\n\n<p class=\"has-medium-font-size\"><strong>El perfil del recurso humano<\/strong><\/p>\n\n\n\n<div style=\"height:20px\" aria-hidden=\"true\" class=\"wp-block-spacer\"><\/div>\n\n\n\n<p>El gerente Svriz respondi\u00f3 a nuestras inquietudes espec\u00edficas sobre la contrataci\u00f3n de personal temporario para bodegas:<\/p>\n\n\n\n<div style=\"height:20px\" aria-hidden=\"true\" class=\"wp-block-spacer\"><\/div>\n\n\n\n<p class=\"has-text-color has-vivid-red-color\">-\u00bf<strong>Cu\u00e1les son los puestos que se necesitan cubrir durante esta \u00e9poca?<\/strong><\/p>\n\n\n\n<div style=\"height:20px\" aria-hidden=\"true\" class=\"wp-block-spacer\"><\/div>\n\n\n\n<p>-En general, los perfiles m\u00e1s demandados son los de cosechadores, operarios de bodega, personal de log\u00edstica como clarkistas y trabajadores para carga y descarga. Tambi\u00e9n se requiere personal especializado en agronom\u00eda, laboratorio y enolog\u00eda. En algunos casos, tambi\u00e9n se busca reforzar algunas posiciones administrativas de apoyo a las tareas productivas.<\/p>\n\n\n\n<div style=\"height:20px\" aria-hidden=\"true\" class=\"wp-block-spacer\"><\/div>\n\n\n\n<ul class=\"wp-block-gallery columns-2 is-cropped wp-block-gallery-1 is-layout-flex wp-block-gallery-is-layout-flex\"><li class=\"blocks-gallery-item\"><figure><img loading=\"lazy\" decoding=\"async\" width=\"1024\" height=\"680\" src=\"https:\/\/enolife.com.ar\/es\/wp-content\/uploads\/2019\/12\/LABORATORIO-ENOLOGICO-LA-MATANZA-1024x680.jpg\" alt=\"\" data-id=\"6099\" data-link=\"https:\/\/enolife.com.ar\/es\/?attachment_id=6099\" class=\"wp-image-6099\" srcset=\"https:\/\/enolife.com.ar\/es\/wp-content\/uploads\/2019\/12\/LABORATORIO-ENOLOGICO-LA-MATANZA-1024x680.jpg 1024w, https:\/\/enolife.com.ar\/es\/wp-content\/uploads\/2019\/12\/LABORATORIO-ENOLOGICO-LA-MATANZA-300x199.jpg 300w, https:\/\/enolife.com.ar\/es\/wp-content\/uploads\/2019\/12\/LABORATORIO-ENOLOGICO-LA-MATANZA-768x510.jpg 768w, https:\/\/enolife.com.ar\/es\/wp-content\/uploads\/2019\/12\/LABORATORIO-ENOLOGICO-LA-MATANZA-1170x777.jpg 1170w, https:\/\/enolife.com.ar\/es\/wp-content\/uploads\/2019\/12\/LABORATORIO-ENOLOGICO-LA-MATANZA-585x388.jpg 585w, https:\/\/enolife.com.ar\/es\/wp-content\/uploads\/2019\/12\/LABORATORIO-ENOLOGICO-LA-MATANZA.jpg 1600w\" sizes=\"auto, (max-width: 1024px) 100vw, 1024px\" \/><\/figure><\/li><li class=\"blocks-gallery-item\"><figure><img loading=\"lazy\" decoding=\"async\" width=\"424\" height=\"424\" src=\"https:\/\/enolife.com.ar\/es\/wp-content\/uploads\/2019\/12\/equipo_bodega.jpg\" alt=\"\" data-id=\"6100\" data-link=\"https:\/\/enolife.com.ar\/es\/?attachment_id=6100\" class=\"wp-image-6100\" srcset=\"https:\/\/enolife.com.ar\/es\/wp-content\/uploads\/2019\/12\/equipo_bodega.jpg 424w, https:\/\/enolife.com.ar\/es\/wp-content\/uploads\/2019\/12\/equipo_bodega-150x150.jpg 150w, https:\/\/enolife.com.ar\/es\/wp-content\/uploads\/2019\/12\/equipo_bodega-300x300.jpg 300w\" sizes=\"auto, (max-width: 424px) 100vw, 424px\" \/><\/figure><\/li><\/ul>\n\n\n\n<div style=\"height:20px\" aria-hidden=\"true\" class=\"wp-block-spacer\"><\/div>\n\n\n\n<p class=\"has-text-color has-vivid-red-color\">&#8211;<strong>\u00bfCu\u00e1les son los perfiles m\u00e1s dif\u00edciles de encontrar? \u00bfC\u00f3mo se hacen las b\u00fasquedas para tan amplio espectro?<\/strong><\/p>\n\n\n\n<div style=\"height:20px\" aria-hidden=\"true\" class=\"wp-block-spacer\"><\/div>\n\n\n\n<p>-Nuestra empresa se caracteriza por ir haciendo un trabajo proactivo de reclutamiento de los perfiles que sabemos que nos demandar\u00e1n en la vendimia, lo que termina dejando como resultado perfiles entrevistados y evaluados de manera anticipada y listos para ser incorporados por nuestros clientes.&nbsp;Sabemos que calidad en los procesos de selecci\u00f3n y velocidad de respuesta son los aspectos claves que nuestros clientes valoran.<\/p>\n\n\n\n<div style=\"height:20px\" aria-hidden=\"true\" class=\"wp-block-spacer\"><\/div>\n\n\n\n<p class=\"has-text-color has-vivid-red-color\">&#8211;<strong>\u00bfQu\u00e9 tipos de convenios se utilizan?<\/strong><\/p>\n\n\n\n<div style=\"height:20px\" aria-hidden=\"true\" class=\"wp-block-spacer\"><\/div>\n\n\n\n<p>-En general, los convenios m\u00e1s usados para la vendimia son dos: el Convenio Colectivo de Trabajo N\u00b0 85\/89 para bodega (*1) y el Convenio Colectivo de Trabajo N\u00b0 154\/91 para vi\u00f1a (*2). Hay algunas excepciones que operan en el marco de otros convenios, como por ejemplo alimentaci\u00f3n; nosotros&nbsp;sabemos adaptarnos y tenemos un fuerte respaldo de tecnolog\u00eda para responder con eficacia y flexibilidad en estos casos. Hoy, nuestra empresa presta servicios y liquida remuneraciones a m\u00e1as de 30 Convenios Colectivos de Trabajo, sin inconvenientes.<\/p>\n\n\n\n<p class=\"has-background has-very-light-gray-background-color\"><strong>(*1) Convenio Colectivo de Trabajo N\u00b0 85\/89 para la contrataci\u00f3n de personal para bodega    <\/strong><a href=\"http:\/\/foevaonline.com.ar\/CCT_85-1989.pdf\"><strong>http:\/\/foevaonline.com.ar\/CCT_85-1989.pdf<\/strong><\/a><\/p>\n\n\n\n<p class=\"has-background has-very-light-gray-background-color\"><strong>(*2) Convenio Colectivo de Trabajo N\u00b0 154\/91 para contrataci\u00f3n de personal para vi\u00f1a   <\/strong><a href=\"http:\/\/foevaonline.com.ar\/CCT_154-1991.pdf\"><strong>http:\/\/foevaonline.com.ar\/CCT_154-1991.pdf<\/strong><\/a><strong> <\/strong><\/p>\n\n\n\n<div style=\"height:20px\" aria-hidden=\"true\" class=\"wp-block-spacer\"><\/div>\n\n\n\n<p class=\"has-text-color has-vivid-red-color\">&#8211;<strong>\u00bfLas medidas del nuevo gobierno modifican algo con respecto a la vendimia anterior?<\/strong><\/p>\n\n\n\n<div style=\"height:20px\" aria-hidden=\"true\" class=\"wp-block-spacer\"><\/div>\n\n\n\n<p>-Al ser perfiles que se incorporan de manera espor\u00e1dica y por un per\u00edodo corto de tiempo, no habr\u00eda en principio ning\u00fan impacto.<\/p>\n\n\n\n<div style=\"height:20px\" aria-hidden=\"true\" class=\"wp-block-spacer\"><\/div>\n\n\n\n<p class=\"has-text-color has-vivid-red-color\">-\u00bf<strong>Qu\u00e9 tiene que tener en cuenta una bodega para cada puesto laboral?, \u00bfqu\u00e9 ventajas les aporta hacer la contrataci\u00f3n con terceros?<\/strong><\/p>\n\n\n\n<div style=\"height:20px\" aria-hidden=\"true\" class=\"wp-block-spacer\"><\/div>\n\n\n\n<p>-Es importante, al momento de contratar personal por medio de empresas que brindan soluciones de personal eventual, que el proceso de reclutamiento y selecci\u00f3n se realice con la profesionalidad que este sensible proceso requiere; de lo contrario, se corre el riesgo que el personal incorporado no sea id\u00f3neo o no tenga experiencia real en la tarea, ocasionando ineficiencias en tiempo y dinero. Nuestra empresa cuenta con la ventaja de que surgi\u00f3 como empresa de soluciones de recursos humanos, por lo que nuestros procesos son muy cuidadosos, profesionales, y est\u00e1n certificados con Normas ISO 9001.<\/p>\n\n\n\n<div style=\"height:20px\" aria-hidden=\"true\" class=\"wp-block-spacer\"><\/div>\n\n\n\n<p class=\"has-text-color has-vivid-red-color\">&#8211;<strong>\u00bfQu\u00e9 valor agrega para al cliente el hecho de que ustedes sean una empresa con sucursales en diferentes regiones del pa\u00eds?<\/strong><\/p>\n\n\n\n<div style=\"height:20px\" aria-hidden=\"true\" class=\"wp-block-spacer\"><\/div>\n\n\n\n<p>-Nuestro principal valor es que podemos dar servicios estandarizados en calidad, para clientes que cuentan con operaciones en distintas zonas del pa\u00eds, sin inconvenientes, y para lograr ese objetivo hay un gran soporte de profesionales y tecnolog\u00eda.<\/p>\n\n\n\n<div style=\"height:20px\" aria-hidden=\"true\" class=\"wp-block-spacer\"><\/div>\n\n\n\n<p class=\"has-text-color has-vivid-red-color\">-\u00bf<strong>Cu\u00e1les son las etapas del proceso de selecci\u00f3n en las que intervienen las empresas de RRHH?<\/strong><\/p>\n\n\n\n<div style=\"height:20px\" aria-hidden=\"true\" class=\"wp-block-spacer\"><\/div>\n\n\n\n<p>-Nosotros tenemos una amplia gama de soluciones de recursos humanos para todo el ciclo de vida de las personas en las organizaciones, que va desde el reclutamiento, selecci\u00f3n, inducci\u00f3n, capacitaci\u00f3n y desarrollo y compensaciones, hasta el acompa\u00f1amiento y orientaci\u00f3n en el caso de desvinculaciones o redireccionamiento de carrera.<\/p>\n\n\n\n<div style=\"height:37px\" aria-hidden=\"true\" class=\"wp-block-spacer\"><\/div>\n\n\n\n<p class=\"has-medium-font-size\"><strong>Seguridad y garant\u00edas para el trabajador<\/strong><\/p>\n\n\n\n<div style=\"height:20px\" aria-hidden=\"true\" class=\"wp-block-spacer\"><\/div>\n\n\n\n<p class=\"has-text-color has-vivid-red-color\">&#8211;<strong>\u00bfQu\u00e9&nbsp;beneficios le brinda al trabajador ser contratado por Cona?<\/strong><\/p>\n\n\n\n<div style=\"height:20px\" aria-hidden=\"true\" class=\"wp-block-spacer\"><\/div>\n\n\n\n<p>-El beneficio para el trabajador es que ser\u00e1 contratado formalmente, cumpliendo con todos los requerimientos legales; esto le da seguridad y garant\u00edas a nuestro trabajador eventual. Cuidamos a las personas para garantizar el mejor servicio a nuestras empresas clientes.<\/p>\n\n\n\n<div style=\"height:20px\" aria-hidden=\"true\" class=\"wp-block-spacer\"><\/div>\n\n\n\n<p class=\"has-text-color has-vivid-red-color\">&#8211;<strong>\u00bfA partir de cu\u00e1ndo empieza la demanda de personal? <\/strong><\/p>\n\n\n\n<div style=\"height:20px\" aria-hidden=\"true\" class=\"wp-block-spacer\"><\/div>\n\n\n\n<p>-En el caso de Mendoza, la actividad tiene su pico entre marzo y abril, mientras que en San Juan se da entre febrero y marzo; por eso trabajamos proactivamente en el proceso de reclutamiento para ofrecer la tranquilidad de que las obdegas contar\u00e1n con los perfiles adecuados en el momento de la vendimia. Actualmente, tenemos m\u00e1s de 330 candidatos en nuestra base propia, listos y esperando los requerimientos de las bodegas y empresas.<\/p>\n\n\n\n<div style=\"height:20px\" aria-hidden=\"true\" class=\"wp-block-spacer\"><\/div>\n\n\n\n<p class=\"has-background has-luminous-vivid-amber-background-color\"><strong>M\u00e1s informaci\u00f3n:  <\/strong><a href=\"http:\/\/cona.com.ar\/\"><strong>http:\/\/cona.com.ar\/<\/strong><\/a><strong> <\/strong><\/p>\n\n\n\n<div style=\"height:20px\" aria-hidden=\"true\" class=\"wp-block-spacer\"><\/div>\n","protected":false},"excerpt":{"rendered":"<p>Diciembre es cuando las empresas comienzan con su b\u00fasqueda de trabajadores para la vendimia. Cosechadores,&hellip;<\/p>\n","protected":false},"author":3,"featured_media":6080,"comment_status":"open","ping_status":"open","sticky":false,"template":"","format":"standard","meta":{"footnotes":""},"categories":[5],"tags":[],"class_list":["post-6069","post","type-post","status-publish","format-standard","has-post-thumbnail","hentry","category-fincas"],"_links":{"self":[{"href":"https:\/\/enolife.com.ar\/es\/wp-json\/wp\/v2\/posts\/6069","targetHints":{"allow":["GET"]}}],"collection":[{"href":"https:\/\/enolife.com.ar\/es\/wp-json\/wp\/v2\/posts"}],"about":[{"href":"https:\/\/enolife.com.ar\/es\/wp-json\/wp\/v2\/types\/post"}],"author":[{"embeddable":true,"href":"https:\/\/enolife.com.ar\/es\/wp-json\/wp\/v2\/users\/3"}],"replies":[{"embeddable":true,"href":"https:\/\/enolife.com.ar\/es\/wp-json\/wp\/v2\/comments?post=6069"}],"version-history":[{"count":0,"href":"https:\/\/enolife.com.ar\/es\/wp-json\/wp\/v2\/posts\/6069\/revisions"}],"wp:featuredmedia":[{"embeddable":true,"href":"https:\/\/enolife.com.ar\/es\/wp-json\/wp\/v2\/media\/6080"}],"wp:attachment":[{"href":"https:\/\/enolife.com.ar\/es\/wp-json\/wp\/v2\/media?parent=6069"}],"wp:term":[{"taxonomy":"category","embeddable":true,"href":"https:\/\/enolife.com.ar\/es\/wp-json\/wp\/v2\/categories?post=6069"},{"taxonomy":"post_tag","embeddable":true,"href":"https:\/\/enolife.com.ar\/es\/wp-json\/wp\/v2\/tags?post=6069"}],"curies":[{"name":"wp","href":"https:\/\/api.w.org\/{rel}","templated":true}]}}