{"id":60671,"date":"2022-05-03T19:47:13","date_gmt":"2022-05-03T19:47:13","guid":{"rendered":"http:\/\/enolife.com.ar\/es\/?p=60671"},"modified":"2022-05-06T17:33:00","modified_gmt":"2022-05-06T17:33:00","slug":"las-bodegas-pueden-presentar-hasta-el-31-5-por-internet-la-declaracion-jurada-de-la-cosecha-2022","status":"publish","type":"post","link":"https:\/\/enolife.com.ar\/es\/las-bodegas-pueden-presentar-hasta-el-31-5-por-internet-la-declaracion-jurada-de-la-cosecha-2022\/","title":{"rendered":"Las bodegas pueden presentar hasta el 31\/5 por internet la declaraci\u00f3n jurada de la cosecha 2022"},"content":{"rendered":"\n<h4 class=\"wp-block-heading\"><em><strong>La Direcci\u00f3n de Fiscalizaci\u00f3n y Control del Ministerio de Econom\u00eda y Energ\u00eda de Mendoza dispuso la presentaci\u00f3n de manera electr\u00f3nica de la Declaraci\u00f3n Jurada Anual de Cosecha 2022 a todo el sector bodeguero. Los formularios deben completarse a trav\u00e9s del sistema Tickets del gobierno local.<\/strong><\/em><\/h4>\n\n\n\n<div style=\"height:20px\" aria-hidden=\"true\" class=\"wp-block-spacer\"><\/div>\n\n\n<a href=\"https:\/\/www.instagram.com\/agroconciencia_\" aria-label=\"BANNER AGROCONCIENCIA 1700X500\"><img loading=\"lazy\" decoding=\"async\" src=\"https:\/\/enolife.com.ar\/es\/wp-content\/uploads\/2019\/07\/BANNER-AGROCONCIENCIA-1700X500-1.jpg\" alt=\"\"  srcset=\"https:\/\/enolife.com.ar\/es\/wp-content\/uploads\/2019\/07\/BANNER-AGROCONCIENCIA-1700X500-1.jpg 1700w, https:\/\/enolife.com.ar\/es\/wp-content\/uploads\/2019\/07\/BANNER-AGROCONCIENCIA-1700X500-1-300x88.jpg 300w, https:\/\/enolife.com.ar\/es\/wp-content\/uploads\/2019\/07\/BANNER-AGROCONCIENCIA-1700X500-1-1024x301.jpg 1024w, https:\/\/enolife.com.ar\/es\/wp-content\/uploads\/2019\/07\/BANNER-AGROCONCIENCIA-1700X500-1-768x226.jpg 768w, https:\/\/enolife.com.ar\/es\/wp-content\/uploads\/2019\/07\/BANNER-AGROCONCIENCIA-1700X500-1-1536x452.jpg 1536w, https:\/\/enolife.com.ar\/es\/wp-content\/uploads\/2019\/07\/BANNER-AGROCONCIENCIA-1700X500-1-1170x344.jpg 1170w, https:\/\/enolife.com.ar\/es\/wp-content\/uploads\/2019\/07\/BANNER-AGROCONCIENCIA-1700X500-1-585x172.jpg 585w\" sizes=\"auto, (max-width: 1700px) 100vw, 1700px\" width=\"1700\" height=\"500\"   \/><\/a>\n\n\n<div style=\"height:67px\" aria-hidden=\"true\" class=\"wp-block-spacer\"><\/div>\n\n\n\n<p>Al respecto, el funcionario mendocino <strong>Jos\u00e9 Cortez<\/strong>, director de Fiscalizaci\u00f3n y Control, detall\u00f3: <em>\u00abLa realizaci\u00f3n del formulario implica que los bodegueros conocen y aceptan las especificaciones estipuladas en el documento. Adem\u00e1s, este sistema permite proporcionar veracidad y exactitud de la informaci\u00f3n, ya que el formulario posee&nbsp;car\u00e1cter de declaraci\u00f3n jurada\u00bb.<\/em><\/p>\n\n\n\n<p>El funcionario detall\u00f3 el cronograma de vencimientos seg\u00fan el tipo de declaraci\u00f3n a presentar:<strong>&nbsp;<\/strong><\/p>\n\n\n\n<ul class=\"wp-block-list\"><li><strong>Las mosteras<\/strong> tendr\u00e1n tiempo <strong>hasta el 16 de mayo <\/strong>de 2022 para presentar sus declaraciones juradas.<\/li><li><strong>Las bodegas<\/strong> tendr\u00e1n plazo<strong> hasta el 31 de mayo <\/strong>para presentar sus declaraciones anuales.<\/li><li>Las <strong>declaraciones rectificativas<\/strong> podr\u00e1n presentarse <strong>hasta el 15 de junio<\/strong> del corriente a\u00f1o.<\/li><\/ul>\n\n\n\n<div style=\"height:20px\" aria-hidden=\"true\" class=\"wp-block-spacer\"><\/div>\n\n\n\n<p class=\"has-medium-font-size\"><strong>Detalle de la documentaci\u00f3n a presentar<\/strong><\/p>\n\n\n\n<ol class=\"wp-block-list\"><li>CEC 05.<\/li><li>Pericia de da\u00f1os.<\/li><li>Comprobante de elaboraci\u00f3n de mosto de otro establecimiento.<\/li><\/ol>\n\n\n\n<p>En caso de haber recibido <strong>uvas de vi\u00f1edos que tuvieron da\u00f1o clim\u00e1tico<\/strong> por helada o granizo, deber\u00e1n adjuntar al final del formulario el certificado de da\u00f1os emitido por la Direcci\u00f3n de Contingencias Clim\u00e1ticas.<\/p>\n\n\n\n<p>En caso de haber recibido <strong>uvas con da\u00f1os por peron\u00f3spora-botritis- pudrici\u00f3n<\/strong>, deber\u00e1n adjuntar adem\u00e1s certificado de producci\u00f3n de los vi\u00f1edos afectados (otorgado por el INV) de los \u00faltimos diez a\u00f1os, m\u00e1s el a\u00f1o en curso, y certificado de los vi\u00f1edos afectados CIU (certificado de ingreso de uva) que respaldan la relaci\u00f3n del vi\u00f1edo.<\/p>\n\n\n\n<p class=\"has-background has-very-light-gray-background-color\"><strong>Completar formulario: <a href=\"https:\/\/ticketsform.mendoza.gov.ar\/ticketsform\/servlet\/responderformulario?DECLARACION_JURADA_ELABORACION_2021\">AQU\u00cd<\/a><\/strong><\/p>\n\n\n\n<p>Los interesados podr\u00e1n resolver dudas o consultas comunic\u00e1ndose al correo electr\u00f3nico de la Direcci\u00f3n &nbsp;de Fiscalizaci\u00f3n y Control: <strong><a rel=\"noreferrer noopener\" href=\"mailto:industria@mendoza.gov.ar\" target=\"_blank\">industria@mendoza.gov.ar<\/a>.<\/strong><\/p>\n\n\n\n<div style=\"height:20px\" aria-hidden=\"true\" class=\"wp-block-spacer\"><\/div>\n\n\n\n<p class=\"has-small-font-size\"><em><strong>Fuente: Gobierno de Mendoza &#8211; Foto principal: Pedro Manzano, participante del concurso de fotos \u00abTiempo de Cosecha\u00bb 2021<\/strong><\/em><\/p>\n\n\n\n<div style=\"height:20px\" aria-hidden=\"true\" class=\"wp-block-spacer\"><\/div>\n","protected":false},"excerpt":{"rendered":"<p>La Direcci\u00f3n de Fiscalizaci\u00f3n y Control del Ministerio de Econom\u00eda y Energ\u00eda de Mendoza dispuso&hellip;<\/p>\n","protected":false},"author":3,"featured_media":60796,"comment_status":"open","ping_status":"open","sticky":false,"template":"","format":"standard","meta":{"footnotes":""},"categories":[14],"tags":[],"class_list":["post-60671","post","type-post","status-publish","format-standard","has-post-thumbnail","hentry","category-news"],"_links":{"self":[{"href":"https:\/\/enolife.com.ar\/es\/wp-json\/wp\/v2\/posts\/60671","targetHints":{"allow":["GET"]}}],"collection":[{"href":"https:\/\/enolife.com.ar\/es\/wp-json\/wp\/v2\/posts"}],"about":[{"href":"https:\/\/enolife.com.ar\/es\/wp-json\/wp\/v2\/types\/post"}],"author":[{"embeddable":true,"href":"https:\/\/enolife.com.ar\/es\/wp-json\/wp\/v2\/users\/3"}],"replies":[{"embeddable":true,"href":"https:\/\/enolife.com.ar\/es\/wp-json\/wp\/v2\/comments?post=60671"}],"version-history":[{"count":0,"href":"https:\/\/enolife.com.ar\/es\/wp-json\/wp\/v2\/posts\/60671\/revisions"}],"wp:featuredmedia":[{"embeddable":true,"href":"https:\/\/enolife.com.ar\/es\/wp-json\/wp\/v2\/media\/60796"}],"wp:attachment":[{"href":"https:\/\/enolife.com.ar\/es\/wp-json\/wp\/v2\/media?parent=60671"}],"wp:term":[{"taxonomy":"category","embeddable":true,"href":"https:\/\/enolife.com.ar\/es\/wp-json\/wp\/v2\/categories?post=60671"},{"taxonomy":"post_tag","embeddable":true,"href":"https:\/\/enolife.com.ar\/es\/wp-json\/wp\/v2\/tags?post=60671"}],"curies":[{"name":"wp","href":"https:\/\/api.w.org\/{rel}","templated":true}]}}