{"id":60406,"date":"2022-05-03T14:36:28","date_gmt":"2022-05-03T14:36:28","guid":{"rendered":"http:\/\/enolife.com.ar\/es\/?p=60406"},"modified":"2022-05-06T02:10:31","modified_gmt":"2022-05-06T02:10:31","slug":"almuerzo-de-fecovita-sancho-pidio-infraestructura-e-hinojosa-mayor-integracion-para-producir-mas","status":"publish","type":"post","link":"https:\/\/enolife.com.ar\/es\/almuerzo-de-fecovita-sancho-pidio-infraestructura-e-hinojosa-mayor-integracion-para-producir-mas\/","title":{"rendered":"Almuerzo de Fecovita: Sancho pidi\u00f3 infraestructura e Hinojosa mayor integraci\u00f3n para producir m\u00e1s"},"content":{"rendered":"\n<h4 class=\"wp-block-heading\"><em><strong>La Federaci\u00f3n de Cooperativas Vitivin\u00edcolas Argentinas (Fecovita), el principal grupo del sector en el pa\u00eds y una de las cooperativas m\u00e1s grandes del mundo, con 5.000 productores integrados y una elaboraci\u00f3n y comercializaci\u00f3n de 270 millones de litros de vino al a\u00f1o, ofreci\u00f3 un almuerzo por el fin de cosecha para 2.000 asociados e invitados en la Bodega Toro de Maip\u00fa.<\/strong><\/em> <\/h4>\n\n\n\n<hr class=\"wp-block-separator\"\/>\n\n\n\n<h4 class=\"wp-block-heading\"><em><strong>Eduardo Sancho, titular de la empresa; Sergio Moralejo, subsecretario de Agricultura y Ganader\u00eda de Mendoza, y Mart\u00edn Hinojosa, presidente del Instituto Nacional de Vitivinicultura (INV), en sendos discursos de tono general optimista, coincidieron en destacar el protagonismo excluyente de los vi\u00f1ateros, la conveniencia de trabajar juntos el Estado y la empresa privada y la necesidad de mejorar la rentabilidad de los productores para que no abandonen las fincas y haya mayores cosechas.<\/strong><\/em><\/h4>\n\n\n\n<div style=\"height:20px\" aria-hidden=\"true\" class=\"wp-block-spacer\"><\/div>\n\n\n<a href=\"https:\/\/estanciamendoza.com.ar\/es\/\" aria-label=\"Copia de BEM &#8211; Banner adaptaciones diario digital_BEM &#8211; Banner Enolife &#8211; 1700&#215;500\"><img loading=\"lazy\" decoding=\"async\" src=\"https:\/\/enolife.com.ar\/es\/wp-content\/uploads\/2019\/07\/Copia-de-BEM-Banner-adaptaciones-diario-digital_BEM-Banner-Enolife-1700x500-1.jpg\" alt=\"\"  srcset=\"https:\/\/enolife.com.ar\/es\/wp-content\/uploads\/2019\/07\/Copia-de-BEM-Banner-adaptaciones-diario-digital_BEM-Banner-Enolife-1700x500-1.jpg 1700w, https:\/\/enolife.com.ar\/es\/wp-content\/uploads\/2019\/07\/Copia-de-BEM-Banner-adaptaciones-diario-digital_BEM-Banner-Enolife-1700x500-1-300x88.jpg 300w, https:\/\/enolife.com.ar\/es\/wp-content\/uploads\/2019\/07\/Copia-de-BEM-Banner-adaptaciones-diario-digital_BEM-Banner-Enolife-1700x500-1-1024x301.jpg 1024w, https:\/\/enolife.com.ar\/es\/wp-content\/uploads\/2019\/07\/Copia-de-BEM-Banner-adaptaciones-diario-digital_BEM-Banner-Enolife-1700x500-1-768x226.jpg 768w, https:\/\/enolife.com.ar\/es\/wp-content\/uploads\/2019\/07\/Copia-de-BEM-Banner-adaptaciones-diario-digital_BEM-Banner-Enolife-1700x500-1-1536x452.jpg 1536w, https:\/\/enolife.com.ar\/es\/wp-content\/uploads\/2019\/07\/Copia-de-BEM-Banner-adaptaciones-diario-digital_BEM-Banner-Enolife-1700x500-1-1170x344.jpg 1170w, https:\/\/enolife.com.ar\/es\/wp-content\/uploads\/2019\/07\/Copia-de-BEM-Banner-adaptaciones-diario-digital_BEM-Banner-Enolife-1700x500-1-585x172.jpg 585w\" sizes=\"auto, (max-width: 1700px) 100vw, 1700px\" width=\"1700\" height=\"500\"   \/><\/a>\n\n\n<div style=\"height:55px\" aria-hidden=\"true\" class=\"wp-block-spacer\"><\/div>\n\n\n\n<p>En el marco de la celebraci\u00f3n del <strong>fin de la cosecha 2022 y de los 40 a\u00f1os desde la fundaci\u00f3n de Fecovita<\/strong>, con la presencia de unos <strong>2.000 productores<\/strong>, la entidad cooperativa llev\u00f3 a cabo la 4ta. edici\u00f3n de su \u00abAlmuerzo de Productores\u00bb en el predio de la <strong>Bodega Toro<\/strong> en San Mart\u00edn.<\/p>\n\n\n\n<p>En el encuentro participaron legisladores nacionales y provinciales; el presidente del Instituto Nacional de Vitivinicultura (INV), <strong>Mart\u00edn Hinojosa<\/strong>; el subsecretario de Agricultura y Ganader\u00eda del Gobierno de Mendoza, <strong>Sergio Moralejo<\/strong>; el director del Instituto Nacional de Asociativismo y Econom\u00eda Social (Inaes), <strong>Alejandro Russo<\/strong>; el arzobispo de Mendoza, <strong>Marcelo Colombo<\/strong> y el presidente de Fecovita y anfitri\u00f3n <strong>Eduardo Sancho<\/strong>.<\/p>\n\n\n\n<div style=\"height:20px\" aria-hidden=\"true\" class=\"wp-block-spacer\"><\/div>\n\n\n\n<h4 class=\"has-vivid-red-color has-text-color wp-block-heading\">Fecovita lidera el mercado argentino de vinos fraccionados, con el 30 % de participaci\u00f3n. Elabora y comercializa 270 millones de litros al a\u00f1o. Es adem\u00e1s el primer exportador de vinos a granel, el segundo exportador de mosto concentrado y el cuarto exportador de vino fraccionado, hacia 40 pa\u00edses del mundo.<\/h4>\n\n\n\n<div style=\"height:20px\" aria-hidden=\"true\" class=\"wp-block-spacer\"><\/div>\n\n\n\n<p class=\"has-medium-font-size\"><strong>Eduardo Sancho: \u00abNo somos una actividad que tenga ruedas y pueda irse\u00bb<\/strong><\/p>\n\n\n\n<p>\u00ab<em>Tenemos un gran desaf\u00edo para poder seguir con nuestra actividad, el pa\u00eds requiere una estabilidad econ\u00f3mica que nos permita contar con previsibilidad y generar financiamiento; los productores necesitan invertir para tecnificarse.&nbsp;Somo un sector pujante, nos mueve la esperanza y la visi\u00f3n de un futuro mejor\u00bb<\/em>, manifest\u00f3 en su discurso Eduardo Sancho, titular de Fecovita.<\/p>\n\n\n\n<div style=\"height:20px\" aria-hidden=\"true\" class=\"wp-block-spacer\"><\/div>\n\n\n\n<div class=\"wp-block-image\"><figure class=\"aligncenter size-large is-resized\"><img loading=\"lazy\" decoding=\"async\" src=\"https:\/\/enolife.com.ar\/es\/wp-content\/uploads\/2022\/05\/WhatsApp-Image-2022-04-30-at-7.56.33-PM-2.jpeg\" alt=\"\" class=\"wp-image-60705\" width=\"554\" height=\"369\" srcset=\"https:\/\/enolife.com.ar\/es\/wp-content\/uploads\/2022\/05\/WhatsApp-Image-2022-04-30-at-7.56.33-PM-2.jpeg 1024w, https:\/\/enolife.com.ar\/es\/wp-content\/uploads\/2022\/05\/WhatsApp-Image-2022-04-30-at-7.56.33-PM-2-300x200.jpeg 300w, https:\/\/enolife.com.ar\/es\/wp-content\/uploads\/2022\/05\/WhatsApp-Image-2022-04-30-at-7.56.33-PM-2-768x512.jpeg 768w, https:\/\/enolife.com.ar\/es\/wp-content\/uploads\/2022\/05\/WhatsApp-Image-2022-04-30-at-7.56.33-PM-2-585x390.jpeg 585w\" sizes=\"auto, (max-width: 554px) 100vw, 554px\" \/><figcaption><em><strong>Eduardo Sancho durante su discurso<\/strong><\/em><\/figcaption><\/figure><\/div>\n\n\n\n<div style=\"height:20px\" aria-hidden=\"true\" class=\"wp-block-spacer\"><\/div>\n\n\n\n<p>En la misma l\u00ednea, Sancho prosigui\u00f3: <em>\u00abEn nuestro sistema las inversiones aportan al desarrollo y la producci\u00f3n genuina y no especulativa. El esp\u00edritu cooperativo de Fecovita est\u00e1 arraigado a las econom\u00edas regionales y la realidad del pa\u00eds. No somos una actividad que tenga ruedas y que pueda irse, somos la suma de miles de productores que se levantan al alba para trabajar en su finca luchando contra todas las adversidades clim\u00e1ticas y econ\u00f3micas. Por eso estamos comprometidos entre nosotros y con el futuro de la provincia y del pa\u00eds del pa\u00eds. Nuestros resultados est\u00e1n en las fincas y en el desarrollo de esta gran empresa que todos conformamos\u00bb.<\/em><\/p>\n\n\n\n<div style=\"height:20px\" aria-hidden=\"true\" class=\"wp-block-spacer\"><\/div>\n\n\n\n<blockquote class=\"wp-block-quote is-layout-flow wp-block-quote-is-layout-flow\"><p>Necesitamos m\u00e1s di\u00e1logo para generar las pol\u00edticas p\u00fablicas de corto y largo plazo en materia de infraestructura, gesti\u00f3n y eficiencia del agua\u00bb.<\/p><cite>Eduardo Sancho, presidente de Fecovita<\/cite><\/blockquote>\n\n\n\n<div style=\"height:20px\" aria-hidden=\"true\" class=\"wp-block-spacer\"><\/div>\n\n\n\n<p>Asimismo, Sancho destac\u00f3 el camino recorrido por su empresa en conjunto con organismos provinciales y nacionales, para impulsar el desarrollo de la vitivinicultura a trav\u00e9s de financiamiento de largo plazo para cosecha y acarreo. Por otra parte,&nbsp;reiter\u00f3 la predisposici\u00f3n de Fecovita para <em>\u00abfortalecer el di\u00e1logo constructivo junto a los distintos organismos y al conjunto de la sociedad para crear y generar las pol\u00edticas p\u00fablicas de corto, mediano y largo plazo en materia de infraestructura, gesti\u00f3n y eficiencia del agua, que contribuyan a hacer crecer el sector vitivin\u00edcola que est\u00e1 \u00edntimamente ligado a las econom\u00edas regionales del pa\u00eds<\/em>\u00ab.<\/p>\n\n\n\n<div style=\"height:29px\" aria-hidden=\"true\" class=\"wp-block-spacer\"><\/div>\n\n\n\n<p class=\"has-medium-font-size\"><strong>Mart\u00edn Hinojosa: \u00abHay que pensar en integrarse, en vender m\u00e1s sin achicarse\u00bb<\/strong><\/p>\n\n\n\n<p>El tunuyanino presidente del INV eligi\u00f3 un discurso conciliador y unificador, tambi\u00e9n destacando el protagonismo de los productores que se esfuerzan contra las dificultades econ\u00f3micas y las adversidades clim\u00e1ticas.<\/p>\n\n\n\n<div style=\"height:20px\" aria-hidden=\"true\" class=\"wp-block-spacer\"><\/div>\n\n\n\n<div class=\"wp-block-image\"><figure class=\"aligncenter size-large is-resized\"><img loading=\"lazy\" decoding=\"async\" src=\"https:\/\/enolife.com.ar\/es\/wp-content\/uploads\/2022\/05\/468afc47-a0f7-4f3d-809b-f124eb3b5e60-1024x683.jpg\" alt=\"\" class=\"wp-image-60709\" width=\"555\" height=\"369\" srcset=\"https:\/\/enolife.com.ar\/es\/wp-content\/uploads\/2022\/05\/468afc47-a0f7-4f3d-809b-f124eb3b5e60-1024x683.jpg 1024w, https:\/\/enolife.com.ar\/es\/wp-content\/uploads\/2022\/05\/468afc47-a0f7-4f3d-809b-f124eb3b5e60-300x200.jpg 300w, https:\/\/enolife.com.ar\/es\/wp-content\/uploads\/2022\/05\/468afc47-a0f7-4f3d-809b-f124eb3b5e60-768x512.jpg 768w, https:\/\/enolife.com.ar\/es\/wp-content\/uploads\/2022\/05\/468afc47-a0f7-4f3d-809b-f124eb3b5e60-1170x781.jpg 1170w, https:\/\/enolife.com.ar\/es\/wp-content\/uploads\/2022\/05\/468afc47-a0f7-4f3d-809b-f124eb3b5e60-585x390.jpg 585w, https:\/\/enolife.com.ar\/es\/wp-content\/uploads\/2022\/05\/468afc47-a0f7-4f3d-809b-f124eb3b5e60.jpg 1280w\" sizes=\"auto, (max-width: 555px) 100vw, 555px\" \/><figcaption><em><strong>Mart\u00edn Hinojosa<\/strong><\/em><\/figcaption><\/figure><\/div>\n\n\n\n<div style=\"height:20px\" aria-hidden=\"true\" class=\"wp-block-spacer\"><\/div>\n\n\n\n<p>\u00ab<em>El camino es la integraci\u00f3n, el asociativismo, el desarrollo de una econom\u00eda de escala<\/em> -remarc\u00f3 el funcionario nacional-; <em>hay que empezar a pensar m\u00b4\u00e1s en vender que en achicarse, m\u00e1s en la demanda que en la oferta&#8230; Siempre estamos viendo c\u00f3mo nos achicamos, c\u00f3mo una contingencia clim\u00e1tica no mejora la rentabilidad, es una locura pensar de esa manera. Tenemos unos vinos de supercalidad, tenemos que tratar de exportarlos m\u00e1s, venderlos mas, pero integrar, y la integraci\u00f3n tiene que empezar en el proveedor de uvas, tiene que ser parte fundamental del negocio\u00bb.<\/em><\/p>\n\n\n\n<div style=\"height:20px\" aria-hidden=\"true\" class=\"wp-block-spacer\"><\/div>\n\n\n\n<blockquote class=\"wp-block-quote is-layout-flow wp-block-quote-is-layout-flow\"><p>Yo creo en la f\u00f3rmula &#8216;bodegas + productores&#8217;, no en &#8216;bodegas vs productores&#8217;.<\/p><cite>Mart\u00edn Hinojosa, presidente del INV<\/cite><\/blockquote>\n\n\n\n<div style=\"height:20px\" aria-hidden=\"true\" class=\"wp-block-spacer\"><\/div>\n\n\n\n<p>Sobre las opciones de financiamiento que ofrece el Estado nacional, Hinojosa resalt\u00f3: <em>\u00abHoy, a trav\u00e9s del BID y del plan Proviar, est\u00e1 esa posibilidad, y hay que trabajarla junto con el asociativismo y las cooperativas, porque ese es el camino para crecer&#8230; Sin asociarse, sin integrarse, creo que el camino hacia el achicamiento productivo va a seguir\u00bb.<\/em><\/p>\n\n\n\n<p>Finalmente, el titular del organismo fiscalizador de la vitivinicultura argentina hizo un llamado al di\u00e1logo y el trabajo conjunto entre vi\u00f1ateros y bodegueros: <em>\u00abTenemos que trabajar juntos el sector p\u00fablico y el privado, escucharse, analizar las mutuas necesidades, y ser parte de la soluci\u00f3n; hay herramientas para usar, pero si no te sent\u00e1s, si no trabajas en conjunto, si no ves hacia d\u00f3nde va la vitivinicultura en el mundo, porque tambi\u00e9n hay que tener en cuenta eso, que no somos el ombligo del mundo&#8230; Si tenemos un mercado interno muy fuerte, hay que saberlo defender, pero a la vez aprovechar la oportunidad de exportar mucho, podemos vender mucho afuera porque tenemos la calidad&#8230;\u00bb<\/em><\/p>\n\n\n\n<p>Y remat\u00f3 Hinojosa: <em>\u00abYo creo en la f\u00f3rmula &#8216;bodegas + productores&#8217;, no en &#8216;bodegas vs productores&#8217;, y con la aplicaci\u00f3n de esa formula la integraci\u00f3n es un buen negocio, partiendo de la simple consigna del abastecimiento\u00bb.<\/em><\/p>\n\n\n\n<div style=\"height:20px\" aria-hidden=\"true\" class=\"wp-block-spacer\"><\/div>\n\n\n\n<div style=\"height:20px\" aria-hidden=\"true\" class=\"wp-block-spacer\"><\/div>\n\n\n\n<div style=\"height:20px\" aria-hidden=\"true\" class=\"wp-block-spacer\"><\/div>\n\n\n\n<p class=\"has-medium-font-size\"><strong>Sergio Moralejo: \u00abPara el vino hacen falta 4 a\u00f1os de trabajo, no hay magia\u00bb<\/strong><\/p>\n\n\n\n<p>A su turno, el subsecretario de Agricultura de Mendoza, Sergio Moralejo, expres\u00f3 que <em>\u00abcuando comenz\u00f3 la pandemia, hubo quienes dijeron que no se iba a poder terminar la cosecha, y se pudo\u00bb<\/em>, y atribuy\u00f3 el m\u00e9rito a los productores. <\/p>\n\n\n\n<div style=\"height:20px\" aria-hidden=\"true\" class=\"wp-block-spacer\"><\/div>\n\n\n\n<div class=\"wp-block-image\"><figure class=\"aligncenter size-large is-resized\"><img loading=\"lazy\" decoding=\"async\" src=\"https:\/\/enolife.com.ar\/es\/wp-content\/uploads\/2022\/05\/523dff0b-35fa-43c9-ac42-8dd146d04ec0-1024x683.jpg\" alt=\"\" class=\"wp-image-60711\" width=\"548\" height=\"365\" srcset=\"https:\/\/enolife.com.ar\/es\/wp-content\/uploads\/2022\/05\/523dff0b-35fa-43c9-ac42-8dd146d04ec0-1024x683.jpg 1024w, https:\/\/enolife.com.ar\/es\/wp-content\/uploads\/2022\/05\/523dff0b-35fa-43c9-ac42-8dd146d04ec0-300x200.jpg 300w, https:\/\/enolife.com.ar\/es\/wp-content\/uploads\/2022\/05\/523dff0b-35fa-43c9-ac42-8dd146d04ec0-768x512.jpg 768w, https:\/\/enolife.com.ar\/es\/wp-content\/uploads\/2022\/05\/523dff0b-35fa-43c9-ac42-8dd146d04ec0-1170x781.jpg 1170w, https:\/\/enolife.com.ar\/es\/wp-content\/uploads\/2022\/05\/523dff0b-35fa-43c9-ac42-8dd146d04ec0-585x390.jpg 585w, https:\/\/enolife.com.ar\/es\/wp-content\/uploads\/2022\/05\/523dff0b-35fa-43c9-ac42-8dd146d04ec0.jpg 1280w\" sizes=\"auto, (max-width: 548px) 100vw, 548px\" \/><figcaption><em><strong>Sergio Moralejo<\/strong><\/em><\/figcaption><\/figure><\/div>\n\n\n\n<div style=\"height:20px\" aria-hidden=\"true\" class=\"wp-block-spacer\"><\/div>\n\n\n\n<p>Tambi\u00e9n, con cierto tono cr\u00edtico hacia el gobierno nacional, manifest\u00f3 que <em>\u00ablos productores vitivin\u00edcolas demuestran que trabajando se puede salir adelante, en lugar de depender de un sistema asistencialista\u00bb. \u00abPara ver un vino hacen falta cuatro a\u00f1os, no hay magia\u00bb<\/em>, remat\u00f3. <\/p>\n\n\n\n<p>Y anunci\u00f3 Moralejo que en el transcurso de los pr\u00f3ximos d\u00edas el gobierno provincial anunciar\u00e1 una l\u00ednea de cr\u00e9ditos, en el marco de un plan a 10 a\u00f1os, para proteger las 16.000 hect\u00e1reas en la provincia que habitualmente corren riesgo de verse afectadas por las heladas.<\/p>\n\n\n\n<div style=\"height:20px\" aria-hidden=\"true\" class=\"wp-block-spacer\"><\/div>\n\n\n\n<p class=\"has-medium-font-size\"><strong>Postales<\/strong><\/p>\n\n\n\n<div class=\"wp-block-image\"><figure class=\"alignleft size-large is-resized\"><img loading=\"lazy\" decoding=\"async\" src=\"https:\/\/enolife.com.ar\/es\/wp-content\/uploads\/2022\/05\/FRoVePoWQAEl7nU-3.jpg\" alt=\"\" class=\"wp-image-60727\" width=\"238\" height=\"307\" srcset=\"https:\/\/enolife.com.ar\/es\/wp-content\/uploads\/2022\/05\/FRoVePoWQAEl7nU-3.jpg 398w, https:\/\/enolife.com.ar\/es\/wp-content\/uploads\/2022\/05\/FRoVePoWQAEl7nU-3-233x300.jpg 233w\" sizes=\"auto, (max-width: 238px) 100vw, 238px\" \/><\/figure><\/div>\n\n\n\n<p class=\"has-background has-very-light-gray-background-color\"><br><strong>Virgen de La Carrodilla<br><\/strong><br>El ingreso de la imagen de la Virgen de la Carrodilla, venerada en Mendoza como la Patrona de los Vi\u00f1edos. <br><br>Fue recibida de pie, con los pa\u00f1uelos blancos y su himno tradicional y aplaudida por los 2.000 comensales dentro de la enorme carpa de Bodega Toro. <br><br>Ahora, una r\u00e9plica de la imagen original emplazada en la Iglesia de la Carrodilla, tendr\u00e1 su lugar en la bodega de San Mart\u00edn.<br><\/p>\n\n\n\n<div style=\"height:20px\" aria-hidden=\"true\" class=\"wp-block-spacer\"><\/div>\n\n\n\n<div class=\"wp-block-image\"><figure class=\"aligncenter size-large is-resized\"><img loading=\"lazy\" decoding=\"async\" src=\"https:\/\/enolife.com.ar\/es\/wp-content\/uploads\/2022\/05\/FRqyTwlWUAEizLc-1024x768.jpg\" alt=\"\" class=\"wp-image-60698\" width=\"527\" height=\"395\" srcset=\"https:\/\/enolife.com.ar\/es\/wp-content\/uploads\/2022\/05\/FRqyTwlWUAEizLc-1024x768.jpg 1024w, https:\/\/enolife.com.ar\/es\/wp-content\/uploads\/2022\/05\/FRqyTwlWUAEizLc-300x225.jpg 300w, https:\/\/enolife.com.ar\/es\/wp-content\/uploads\/2022\/05\/FRqyTwlWUAEizLc-768x576.jpg 768w, https:\/\/enolife.com.ar\/es\/wp-content\/uploads\/2022\/05\/FRqyTwlWUAEizLc-1536x1152.jpg 1536w, https:\/\/enolife.com.ar\/es\/wp-content\/uploads\/2022\/05\/FRqyTwlWUAEizLc-1170x878.jpg 1170w, https:\/\/enolife.com.ar\/es\/wp-content\/uploads\/2022\/05\/FRqyTwlWUAEizLc-585x439.jpg 585w, https:\/\/enolife.com.ar\/es\/wp-content\/uploads\/2022\/05\/FRqyTwlWUAEizLc.jpg 1600w\" sizes=\"auto, (max-width: 527px) 100vw, 527px\" \/><figcaption><em><strong>Emotivo momento con los veteranos de Malvinas<\/strong><\/em><\/figcaption><\/figure><\/div>\n\n\n\n<div class=\"wp-block-image\"><figure class=\"aligncenter size-large is-resized\"><img loading=\"lazy\" decoding=\"async\" src=\"https:\/\/enolife.com.ar\/es\/wp-content\/uploads\/2022\/05\/IMG_20220430_142813746-1.jpg\" alt=\"\" class=\"wp-image-60702\" width=\"332\" height=\"443\" srcset=\"https:\/\/enolife.com.ar\/es\/wp-content\/uploads\/2022\/05\/IMG_20220430_142813746-1.jpg 375w, https:\/\/enolife.com.ar\/es\/wp-content\/uploads\/2022\/05\/IMG_20220430_142813746-1-225x300.jpg 225w\" sizes=\"auto, (max-width: 332px) 100vw, 332px\" \/><figcaption><em><strong>Una representaci\u00f3n de nuestro pr\u00f3cer mayor \u00abSan Mart\u00edn\u00bb<\/strong><\/em><\/figcaption><\/figure><\/div>\n\n\n\n<div class=\"wp-block-image\"><figure class=\"aligncenter size-large is-resized\"><img loading=\"lazy\" decoding=\"async\" src=\"https:\/\/enolife.com.ar\/es\/wp-content\/uploads\/2022\/05\/FRtiPNsXsAY2dxE.jpg\" alt=\"\" class=\"wp-image-60699\" width=\"366\" height=\"488\" srcset=\"https:\/\/enolife.com.ar\/es\/wp-content\/uploads\/2022\/05\/FRtiPNsXsAY2dxE.jpg 510w, https:\/\/enolife.com.ar\/es\/wp-content\/uploads\/2022\/05\/FRtiPNsXsAY2dxE-225x300.jpg 225w\" sizes=\"auto, (max-width: 366px) 100vw, 366px\" \/><figcaption><em><strong>La reina y virreina de la vendimia estuvieron presentes<\/strong><\/em><\/figcaption><\/figure><\/div>\n\n\n\n<div style=\"height:43px\" aria-hidden=\"true\" class=\"wp-block-spacer\"><\/div>\n","protected":false},"excerpt":{"rendered":"<p>La Federaci\u00f3n de Cooperativas Vitivin\u00edcolas Argentinas (Fecovita), el principal grupo del sector en el pa\u00eds&hellip;<\/p>\n","protected":false},"author":3,"featured_media":60734,"comment_status":"open","ping_status":"open","sticky":false,"template":"","format":"standard","meta":{"footnotes":""},"categories":[14],"tags":[],"class_list":["post-60406","post","type-post","status-publish","format-standard","has-post-thumbnail","hentry","category-news"],"_links":{"self":[{"href":"https:\/\/enolife.com.ar\/es\/wp-json\/wp\/v2\/posts\/60406","targetHints":{"allow":["GET"]}}],"collection":[{"href":"https:\/\/enolife.com.ar\/es\/wp-json\/wp\/v2\/posts"}],"about":[{"href":"https:\/\/enolife.com.ar\/es\/wp-json\/wp\/v2\/types\/post"}],"author":[{"embeddable":true,"href":"https:\/\/enolife.com.ar\/es\/wp-json\/wp\/v2\/users\/3"}],"replies":[{"embeddable":true,"href":"https:\/\/enolife.com.ar\/es\/wp-json\/wp\/v2\/comments?post=60406"}],"version-history":[{"count":0,"href":"https:\/\/enolife.com.ar\/es\/wp-json\/wp\/v2\/posts\/60406\/revisions"}],"wp:featuredmedia":[{"embeddable":true,"href":"https:\/\/enolife.com.ar\/es\/wp-json\/wp\/v2\/media\/60734"}],"wp:attachment":[{"href":"https:\/\/enolife.com.ar\/es\/wp-json\/wp\/v2\/media?parent=60406"}],"wp:term":[{"taxonomy":"category","embeddable":true,"href":"https:\/\/enolife.com.ar\/es\/wp-json\/wp\/v2\/categories?post=60406"},{"taxonomy":"post_tag","embeddable":true,"href":"https:\/\/enolife.com.ar\/es\/wp-json\/wp\/v2\/tags?post=60406"}],"curies":[{"name":"wp","href":"https:\/\/api.w.org\/{rel}","templated":true}]}}