{"id":6021,"date":"2019-12-24T13:14:08","date_gmt":"2019-12-24T13:14:08","guid":{"rendered":"http:\/\/enolife.com.ar\/es\/?p=6021"},"modified":"2019-12-27T21:26:40","modified_gmt":"2019-12-27T21:26:40","slug":"acovi-pide-al-gobierno-dar-marcha-atras-con-la-ley-que-permite-el-uso-del-cianuro","status":"publish","type":"post","link":"https:\/\/enolife.com.ar\/es\/acovi-pide-al-gobierno-dar-marcha-atras-con-la-ley-que-permite-el-uso-del-cianuro\/","title":{"rendered":"Acovi pide al gobierno dar marcha atr\u00e1s con la ley que permite el uso del cianuro"},"content":{"rendered":"\n<h4 class=\"wp-block-heading\"><em><strong>Desde su sede en Mendoza, la Asociaci\u00f3n de Cooperativas Vitivin\u00edcolas Argentinas difundi\u00f3 el 23\/12 un comunicado rechazando el \u00abapuro\u00bb con que la Legislatura modific\u00f3 la ley 7.722 que regula la miner\u00eda en la provincia. Repudian la violencia que se vio en las manifestaciones y solicitan un debate profundo que posibilite un mayor consenso.<\/strong><\/em><\/h4>\n\n\n\n<div style=\"height:34px\" aria-hidden=\"true\" class=\"wp-block-spacer\"><\/div>\n\n\n\n<p style=\"font-size:18px\"><strong>Comunicado de las Cooperativas Vitivin\u00edcolas de Mendoza sobre la modificaci\u00f3n de la ley 7.722<\/strong><\/p>\n\n\n\n<p>\u00abComo expresamos oportunamente en nuestro comunicado institucional del d\u00eda 19 de noviembre difundido por las redes y, ante las expresiones sociales manifestadas en  nuestra provincia , repudiamos todo tipo de violencia y  desde la Asociaci\u00f3n de Cooperativas Vitivin\u00edcolas creemos necesario encausar el debate de la miner\u00eda en el marco de una planificaci\u00f3n territorial y productiva integral, en donde se proyecte, y efectivamente comience a concretarse, una pol\u00edtica de Estado de mediano y largo plazo para el crecimiento sustentable de todas las actividades que integran nuestra matriz productiva, en un marco de consenso social leg\u00edtimo\u00bb.<\/p>\n\n\n\n<p>\u00abEl apuro y la forma con el que ha sido tratado el proyecto de modificaci\u00f3n de la ley 7722 -contin\u00faa el comunicado- no hace m\u00e1s que alimentar la desconfianza y la grieta entre sectores de la sociedad\u00bb.<\/p>\n\n\n\n<p>\u00abEntendemos que la discusi\u00f3n sobre la miner\u00eda debe encaminarse en un debate profundo y honesto sin posturas radicalizadas ni estar supeditada a tiempos pol\u00edticos. Es por ello que creemos conveniente que el sector pol\u00edtico no avance en la modificaci\u00f3n de la ley 7.722 en la forma en la que se ha planteado y solicitamos al Se\u00f1or Gobernador d\u00e9 marcha atr\u00e1s con la misma\u00bb.<\/p>\n\n\n\n<p>Y concluye: \u00abNos ponemos a disposici\u00f3n para contribuir al desarrollo de toda nuestra matriz productiva\u00bb.<\/p>\n","protected":false},"excerpt":{"rendered":"<p>Desde su sede en Mendoza, la Asociaci\u00f3n de Cooperativas Vitivin\u00edcolas Argentinas difundi\u00f3 el 23\/12 un&hellip;<\/p>\n","protected":false},"author":3,"featured_media":6025,"comment_status":"open","ping_status":"open","sticky":false,"template":"","format":"standard","meta":{"footnotes":""},"categories":[14],"tags":[],"class_list":["post-6021","post","type-post","status-publish","format-standard","has-post-thumbnail","hentry","category-news"],"_links":{"self":[{"href":"https:\/\/enolife.com.ar\/es\/wp-json\/wp\/v2\/posts\/6021","targetHints":{"allow":["GET"]}}],"collection":[{"href":"https:\/\/enolife.com.ar\/es\/wp-json\/wp\/v2\/posts"}],"about":[{"href":"https:\/\/enolife.com.ar\/es\/wp-json\/wp\/v2\/types\/post"}],"author":[{"embeddable":true,"href":"https:\/\/enolife.com.ar\/es\/wp-json\/wp\/v2\/users\/3"}],"replies":[{"embeddable":true,"href":"https:\/\/enolife.com.ar\/es\/wp-json\/wp\/v2\/comments?post=6021"}],"version-history":[{"count":0,"href":"https:\/\/enolife.com.ar\/es\/wp-json\/wp\/v2\/posts\/6021\/revisions"}],"wp:featuredmedia":[{"embeddable":true,"href":"https:\/\/enolife.com.ar\/es\/wp-json\/wp\/v2\/media\/6025"}],"wp:attachment":[{"href":"https:\/\/enolife.com.ar\/es\/wp-json\/wp\/v2\/media?parent=6021"}],"wp:term":[{"taxonomy":"category","embeddable":true,"href":"https:\/\/enolife.com.ar\/es\/wp-json\/wp\/v2\/categories?post=6021"},{"taxonomy":"post_tag","embeddable":true,"href":"https:\/\/enolife.com.ar\/es\/wp-json\/wp\/v2\/tags?post=6021"}],"curies":[{"name":"wp","href":"https:\/\/api.w.org\/{rel}","templated":true}]}}