{"id":60183,"date":"2022-04-29T16:13:39","date_gmt":"2022-04-29T16:13:39","guid":{"rendered":"http:\/\/enolife.com.ar\/es\/?p=60183"},"modified":"2022-05-01T15:07:59","modified_gmt":"2022-05-01T15:07:59","slug":"cordoba-promociona-en-buenos-aires-sus-caminos-del-vino","status":"publish","type":"post","link":"https:\/\/enolife.com.ar\/es\/cordoba-promociona-en-buenos-aires-sus-caminos-del-vino\/","title":{"rendered":"C\u00f3rdoba promociona en Buenos Aires sus Caminos del Vino"},"content":{"rendered":"\n<h4 class=\"wp-block-heading\"><em><strong>El Gobierno de la provincia argentina de C\u00f3rdoba relanz\u00f3 en fecha reciente su circuito enotur\u00edstico con distintas acciones en la Casa de C\u00f3rdoba en Buenos Aires, ante empresarios y diversos organismos de turismo de la Naci\u00f3n y la Ciudad Aut\u00f3noma de Buenos Aires (CABA). Las Rutas del Vino de C\u00f3rdoba fueron creadas en 2008 y de inmediato se integraron al circuito argentino Caminos del Vino. Hoy, C\u00f3rdoba es el tercer destino del pa\u00eds con m\u00e1s visitas a bodegas y productores artesanales del vino. El circuito enotur\u00edstico conecta los Valles del Norte cordob\u00e9s, Punilla, Calamuchita, Traslasierra y el corredor de Sierras Chicas.&nbsp;<\/strong><\/em><\/h4>\n\n\n\n<div style=\"height:32px\" aria-hidden=\"true\" class=\"wp-block-spacer\"><\/div>\n\n\n\n\n\n<div style=\"height:52px\" aria-hidden=\"true\" class=\"wp-block-spacer\"><\/div>\n\n\n\n<p>El <strong>Gobierno de C\u00f3rdoba<\/strong> present\u00f3 hace d\u00edas en la <strong>Ciudad Aut\u00f3noma de Buenos Aires<\/strong> su circuito <strong>Caminos del Vino<\/strong>, a trav\u00e9s de una acci\u00f3n de promoci\u00f3n conjunta entre la <strong>Agencia C\u00f3rdoba Turismo<\/strong>, la <strong>Casa de C\u00f3rdoba en Buenos Aires<\/strong> y la <strong>C\u00e1mara de Bodegas y Productores Artesanales<\/strong> de la provincia.<\/p>\n\n\n\n<div style=\"height:20px\" aria-hidden=\"true\" class=\"wp-block-spacer\"><\/div>\n\n\n\n<figure class=\"wp-block-embed-youtube wp-block-embed is-type-video is-provider-youtube wp-embed-aspect-16-9 wp-has-aspect-ratio\"><div class=\"wp-block-embed__wrapper\">\n<iframe loading=\"lazy\" title=\"Tours Virtuales por los Caminos del Vino en C\u00f3rdoba\" width=\"1170\" height=\"658\" src=\"https:\/\/www.youtube.com\/embed\/fSy1wqUg7Vo?feature=oembed\" frameborder=\"0\" allow=\"accelerometer; autoplay; clipboard-write; encrypted-media; gyroscope; picture-in-picture\" allowfullscreen><\/iframe>\n<\/div><\/figure>\n\n\n\n<div style=\"height:20px\" aria-hidden=\"true\" class=\"wp-block-spacer\"><\/div>\n\n\n\n<p>Las <strong>Rutas del Vino<\/strong> cordobesas, integradas al circuito mayor de <strong>Caminos del Vino de la Argentina<\/strong>, atraviesan distintos paisajes y zonas vitivin\u00edcolas del territorio, entre el <strong>norte de la provincia hasta el Valle de Traslasierra, al sureste.<\/strong> Actualmente, el circuito cuenta con m\u00e1s de 50 productores registrados, de los cuales 25 ofrecen servicios tur\u00edsticos, gastronom\u00eda y alojamiento. <\/p>\n\n\n\n<div style=\"height:20px\" aria-hidden=\"true\" class=\"wp-block-spacer\"><\/div>\n\n\n\n<h4 class=\"has-vivid-red-color has-text-color wp-block-heading\">A comienzos del siglo XX, el Departamento Col\u00f3n y el corredor Sierras Chicas ya pose\u00edan unas 20.000 mil cepas de vid. Hoy, la superficie implantada con vides es de 280 hect\u00e1reas, seg\u00fan datos del INV de 2021, con el malbec como principal variedad. <\/h4>\n\n\n\n<div style=\"height:20px\" aria-hidden=\"true\" class=\"wp-block-spacer\"><\/div>\n\n\n\n<p>La vitivinicultura cordobesa tiene una larga tradici\u00f3n, ya que sus or\u00edgenes se remontan al <strong>siglo XVII<\/strong>, cuando de la mano de los jesuitas se produjeron los primeros vinos en las actuales zonas de <strong>Jes\u00fas Mar\u00eda<\/strong> y <strong>Colonia Caroya<\/strong>. Seg\u00fan investigaciones y testimonios escritos, se puede considerar que la vitivinicultura cordobesa comenz\u00f3 en esa \u00e9poca en la <strong>Estancia Jesu\u00edtica de Jes\u00fas Mar\u00eda,<\/strong> donde naci\u00f3 uno de los primeros vinos americano, conocido como&nbsp;<em>lagrimilla<\/em>. <\/p>\n\n\n\n<div style=\"height:20px\" aria-hidden=\"true\" class=\"wp-block-spacer\"><\/div>\n\n\n\n<div class=\"wp-block-image\"><figure class=\"aligncenter size-large is-resized\"><img loading=\"lazy\" decoding=\"async\" src=\"https:\/\/enolife.com.ar\/es\/wp-content\/uploads\/2022\/04\/DSC_9568-1024x683-1.jpg\" alt=\"\" class=\"wp-image-60306\" width=\"544\" height=\"362\" srcset=\"https:\/\/enolife.com.ar\/es\/wp-content\/uploads\/2022\/04\/DSC_9568-1024x683-1.jpg 1024w, https:\/\/enolife.com.ar\/es\/wp-content\/uploads\/2022\/04\/DSC_9568-1024x683-1-300x200.jpg 300w, https:\/\/enolife.com.ar\/es\/wp-content\/uploads\/2022\/04\/DSC_9568-1024x683-1-768x512.jpg 768w, https:\/\/enolife.com.ar\/es\/wp-content\/uploads\/2022\/04\/DSC_9568-1024x683-1-585x390.jpg 585w\" sizes=\"auto, (max-width: 544px) 100vw, 544px\" \/><figcaption><em><strong>Sala de degustaci\u00f3n<\/strong><\/em><\/figcaption><\/figure><\/div>\n\n\n\n<div style=\"height:20px\" aria-hidden=\"true\" class=\"wp-block-spacer\"><\/div>\n\n\n\n<p>Hoy, gracias al trabajo de viticultores y bodegueros, apoyados por el gobierno provincial, se producen en la provincia vinos de alto nivel, muchos de ellos de factura artesanal pero con calidad de exportaci\u00f3n. Para consolidar este desarrollo, el Gobierno cordob\u00e9s considera al turismo como una pol\u00edtica de Estado y a los Caminos del Vino como una nueva industria en plena expansi\u00f3n.<\/p>\n\n\n\n<div style=\"height:20px\" aria-hidden=\"true\" class=\"wp-block-spacer\"><\/div>\n\n\n\n<div class=\"wp-block-image\"><figure class=\"aligncenter size-large is-resized\"><img loading=\"lazy\" decoding=\"async\" src=\"https:\/\/enolife.com.ar\/es\/wp-content\/uploads\/2022\/04\/56262549_10219408039734305_2861330066116182016_n-800x600-1.jpg\" alt=\"\" class=\"wp-image-60302\" width=\"557\" height=\"418\" srcset=\"https:\/\/enolife.com.ar\/es\/wp-content\/uploads\/2022\/04\/56262549_10219408039734305_2861330066116182016_n-800x600-1.jpg 800w, https:\/\/enolife.com.ar\/es\/wp-content\/uploads\/2022\/04\/56262549_10219408039734305_2861330066116182016_n-800x600-1-300x225.jpg 300w, https:\/\/enolife.com.ar\/es\/wp-content\/uploads\/2022\/04\/56262549_10219408039734305_2861330066116182016_n-800x600-1-768x576.jpg 768w, https:\/\/enolife.com.ar\/es\/wp-content\/uploads\/2022\/04\/56262549_10219408039734305_2861330066116182016_n-800x600-1-585x439.jpg 585w\" sizes=\"auto, (max-width: 557px) 100vw, 557px\" \/><figcaption><em><strong>Vi\u00f1edos al pie de las sierras cordobesas<\/strong><\/em><\/figcaption><\/figure><\/div>\n\n\n\n<div style=\"height:20px\" aria-hidden=\"true\" class=\"wp-block-spacer\"><\/div>\n\n\n\n<p class=\"has-medium-font-size\"><strong>Cata cordobesa<\/strong> <\/p>\n\n\n\n<p>Seg\u00fan public\u00f3 el diario cordob\u00e9s <strong>La Voz<\/strong>, \u00ab<em>la iniciativa desarrollada en la ciudad de Buenos Aires tuvo por finalidad promover y difundir la calidad de los vinos cordobeses y la excelente y variada oferta enotur\u00edstica con la que cuenta la provincia\u00bb<\/em>.<\/p>\n\n\n\n<div style=\"height:20px\" aria-hidden=\"true\" class=\"wp-block-spacer\"><\/div>\n\n\n\n<div class=\"wp-block-image\"><figure class=\"aligncenter size-large is-resized\"><img loading=\"lazy\" decoding=\"async\" src=\"https:\/\/enolife.com.ar\/es\/wp-content\/uploads\/2022\/04\/03-terra-Camiare-en-Colonia-Caroya-en-baja-1024x651-1.jpg\" alt=\"\" class=\"wp-image-60307\" width=\"557\" height=\"353\" srcset=\"https:\/\/enolife.com.ar\/es\/wp-content\/uploads\/2022\/04\/03-terra-Camiare-en-Colonia-Caroya-en-baja-1024x651-1.jpg 1024w, https:\/\/enolife.com.ar\/es\/wp-content\/uploads\/2022\/04\/03-terra-Camiare-en-Colonia-Caroya-en-baja-1024x651-1-300x191.jpg 300w, https:\/\/enolife.com.ar\/es\/wp-content\/uploads\/2022\/04\/03-terra-Camiare-en-Colonia-Caroya-en-baja-1024x651-1-768x488.jpg 768w, https:\/\/enolife.com.ar\/es\/wp-content\/uploads\/2022\/04\/03-terra-Camiare-en-Colonia-Caroya-en-baja-1024x651-1-585x372.jpg 585w\" sizes=\"auto, (max-width: 557px) 100vw, 557px\" \/><figcaption><em><strong>Bodega Terra Camiare<\/strong><\/em><\/figcaption><\/figure><\/div>\n\n\n\n<div style=\"height:20px\" aria-hidden=\"true\" class=\"wp-block-spacer\"><\/div>\n\n\n\n<p>En sus ediciones online y en papel, el matutino de la provincia mediterr\u00e1nea argentina dio detalles de las actividades: <em>\u00abSe organizaron dos jornadas de trabajo en la Casa de C\u00f3rdoba. La primera consisti\u00f3 en una cata t\u00e9cnica, de la que participaron importantes personalidades del mundo del vino de Argentina. La segunda reuni\u00f3 a los productores y empresarios cordobeses con los operadores de viaje y los medios de prensa nacional\u00bb.<\/em><\/p>\n\n\n\n<div style=\"height:20px\" aria-hidden=\"true\" class=\"wp-block-spacer\"><\/div>\n\n\n\n<div class=\"wp-block-image\"><figure class=\"aligncenter size-large is-resized\"><img loading=\"lazy\" decoding=\"async\" src=\"https:\/\/enolife.com.ar\/es\/wp-content\/uploads\/2022\/04\/Copia-de-DSC_7799-\u00f1-1024x804-1.jpg\" alt=\"\" class=\"wp-image-60303\" width=\"545\" height=\"428\" srcset=\"https:\/\/enolife.com.ar\/es\/wp-content\/uploads\/2022\/04\/Copia-de-DSC_7799-\u00f1-1024x804-1.jpg 1024w, https:\/\/enolife.com.ar\/es\/wp-content\/uploads\/2022\/04\/Copia-de-DSC_7799-\u00f1-1024x804-1-300x236.jpg 300w, https:\/\/enolife.com.ar\/es\/wp-content\/uploads\/2022\/04\/Copia-de-DSC_7799-\u00f1-1024x804-1-768x603.jpg 768w, https:\/\/enolife.com.ar\/es\/wp-content\/uploads\/2022\/04\/Copia-de-DSC_7799-\u00f1-1024x804-1-585x459.jpg 585w\" sizes=\"auto, (max-width: 545px) 100vw, 545px\" \/><figcaption><em><strong>Una t\u00edpica \u00abpicadita\u00bb cordobesa<\/strong><\/em><\/figcaption><\/figure><\/div>\n\n\n\n<div style=\"height:20px\" aria-hidden=\"true\" class=\"wp-block-spacer\"><\/div>\n\n\n\n<p>Consultado sobre las repercusiones de este emprendimiento p\u00fablico-privado, el presidente de la <strong>Agencia C\u00f3rdoba Turismo, Esteban Avil\u00e9s,<\/strong> destac\u00f3: <em>\u00abLos productores son los responsables de este avance, son un ejemplo de trabajo, que forma parte de nuestra cultura e idiosincrasia. Por eso, desde el Estado provincial decidimos acompa\u00f1ar a esta industria, que crece d\u00eda a d\u00eda y que enaltece la oferta tur\u00edstica de C\u00f3rdoba\u00bb.<\/em><\/p>\n\n\n\n<div style=\"height:20px\" aria-hidden=\"true\" class=\"wp-block-spacer\"><\/div>\n\n\n\n<div class=\"wp-block-image\"><figure class=\"aligncenter size-large is-resized\"><img loading=\"lazy\" decoding=\"async\" src=\"https:\/\/enolife.com.ar\/es\/wp-content\/uploads\/2022\/04\/bodega-la-caroyense-1.jpg\" alt=\"\" class=\"wp-image-60305\" width=\"562\" height=\"344\" srcset=\"https:\/\/enolife.com.ar\/es\/wp-content\/uploads\/2022\/04\/bodega-la-caroyense-1.jpg 816w, https:\/\/enolife.com.ar\/es\/wp-content\/uploads\/2022\/04\/bodega-la-caroyense-1-300x184.jpg 300w, https:\/\/enolife.com.ar\/es\/wp-content\/uploads\/2022\/04\/bodega-la-caroyense-1-768x471.jpg 768w, https:\/\/enolife.com.ar\/es\/wp-content\/uploads\/2022\/04\/bodega-la-caroyense-1-585x358.jpg 585w\" sizes=\"auto, (max-width: 562px) 100vw, 562px\" \/><figcaption><em><strong>Bodega La Caroyense<\/strong><\/em><\/figcaption><\/figure><\/div>\n\n\n\n<div style=\"height:20px\" aria-hidden=\"true\" class=\"wp-block-spacer\"><\/div>\n\n\n\n<p>En la puesta en escena del producto cordob\u00e9s se degustaron m\u00e1s de 20 etiquetas de la provincia, que fueron servidas y comentadas por sus propios productores.<\/p>\n\n\n\n<div style=\"height:20px\" aria-hidden=\"true\" class=\"wp-block-spacer\"><\/div>\n\n\n\n<p class=\"has-background has-pale-cyan-blue-background-color\"><strong>Nicol\u00e1s Jascalevich, de Noble de San Javier; Gabriel Campana, de Terra Camiare; Daniela Martinelli, de Vista Grande; Jorge y Hugo Furfaro, de Famiglia Furfaro; Ignacio Lozano, de Bodega del Gredal, y Juan Cruz Borsotti y \u00c1lvaro L\u00f3pez, de Piensa Wines, fueron algunos de los empresarios que participaron en la presentaci\u00f3n.<\/strong><\/p>\n\n\n\n<div style=\"height:20px\" aria-hidden=\"true\" class=\"wp-block-spacer\"><\/div>\n\n\n\n<p><em>\u00abEl evento tambi\u00e9n sirvi\u00f3 para informar acerca del funcionamiento de la renovada herramienta de Tours Virtuales 3D desarrollada por la Agencia C\u00f3rdoba Turismo, que permite a los usuarios recorrer digitalmente bodegas y vi\u00f1edos a trav\u00e9s de una tecnolog\u00eda de vanguardia<\/em>\u00ab, ampli\u00f3 La Voz.<\/p>\n\n\n\n<p>La presentaci\u00f3n en Buenos Aires fue seguida con atenci\u00f3n por numerosos medios nacionales y locales de esa ciudad y por reconocidos periodistas e influencers, como <strong>Mario Markic<\/strong>, <strong>Araceli Gonz\u00e1lez<\/strong>, <strong>Malena Guinzburg<\/strong> y el <strong>mendocino Agust\u00edn Neglia<\/strong>, entre otros.<\/p>\n\n\n\n<div style=\"height:20px\" aria-hidden=\"true\" class=\"wp-block-spacer\"><\/div>\n\n\n\n<p class=\"has-small-font-size\"><em><strong>Fuentes: La Voz  y Gobierno de C\u00f3rdoba<\/strong><\/em><\/p>\n\n\n\n<div style=\"height:23px\" aria-hidden=\"true\" class=\"wp-block-spacer\"><\/div>\n","protected":false},"excerpt":{"rendered":"<p>El Gobierno de la provincia argentina de C\u00f3rdoba relanz\u00f3 en fecha reciente su circuito enotur\u00edstico&hellip;<\/p>\n","protected":false},"author":3,"featured_media":60313,"comment_status":"open","ping_status":"open","sticky":false,"template":"","format":"standard","meta":{"footnotes":""},"categories":[11],"tags":[],"class_list":["post-60183","post","type-post","status-publish","format-standard","has-post-thumbnail","hentry","category-enoturismo"],"_links":{"self":[{"href":"https:\/\/enolife.com.ar\/es\/wp-json\/wp\/v2\/posts\/60183","targetHints":{"allow":["GET"]}}],"collection":[{"href":"https:\/\/enolife.com.ar\/es\/wp-json\/wp\/v2\/posts"}],"about":[{"href":"https:\/\/enolife.com.ar\/es\/wp-json\/wp\/v2\/types\/post"}],"author":[{"embeddable":true,"href":"https:\/\/enolife.com.ar\/es\/wp-json\/wp\/v2\/users\/3"}],"replies":[{"embeddable":true,"href":"https:\/\/enolife.com.ar\/es\/wp-json\/wp\/v2\/comments?post=60183"}],"version-history":[{"count":0,"href":"https:\/\/enolife.com.ar\/es\/wp-json\/wp\/v2\/posts\/60183\/revisions"}],"wp:featuredmedia":[{"embeddable":true,"href":"https:\/\/enolife.com.ar\/es\/wp-json\/wp\/v2\/media\/60313"}],"wp:attachment":[{"href":"https:\/\/enolife.com.ar\/es\/wp-json\/wp\/v2\/media?parent=60183"}],"wp:term":[{"taxonomy":"category","embeddable":true,"href":"https:\/\/enolife.com.ar\/es\/wp-json\/wp\/v2\/categories?post=60183"},{"taxonomy":"post_tag","embeddable":true,"href":"https:\/\/enolife.com.ar\/es\/wp-json\/wp\/v2\/tags?post=60183"}],"curies":[{"name":"wp","href":"https:\/\/api.w.org\/{rel}","templated":true}]}}