{"id":6003,"date":"2019-12-22T01:54:47","date_gmt":"2019-12-22T01:54:47","guid":{"rendered":"http:\/\/enolife.com.ar\/es\/?p=6003"},"modified":"2019-12-26T14:36:50","modified_gmt":"2019-12-26T14:36:50","slug":"que-cambia-en-la-ley-que-regula-la-mineria-en-mendoza","status":"publish","type":"post","link":"https:\/\/enolife.com.ar\/es\/que-cambia-en-la-ley-que-regula-la-mineria-en-mendoza\/","title":{"rendered":"Qu\u00e9 cambia en la ley que regula la miner\u00eda en Mendoza"},"content":{"rendered":"\n<h4 class=\"wp-block-heading\"><em><strong>El viernes 20\/12\/19, la C\u00e1mara de Diputados aprob\u00f3 modificaciones a la ley 1722 que reglamenta el uso de qu\u00edmicos t\u00f3xicos para extraer metales como el oro, el cobre y el zinc. Grupos ambientalistas y algunas organizaciones de productores agrarios se oponen a esa flexibilizaci\u00f3n porque temen contaminaci\u00f3n y despilfarro de agua, mantienen protestas callejeras y anticipan plantear su inconstitucionalidad ante la Justicia.<\/strong><\/em><strong><em> <\/em><\/strong><\/h4>\n\n\n\n<div style=\"height:38px\" aria-hidden=\"true\" class=\"wp-block-spacer\"><\/div>\n\n\n\n<p>La <strong>C\u00e1mara de Diputados&nbsp;de Mendoza<\/strong> dio sanci\u00f3n final al proyecto que modifica distintos art\u00edculos de la&nbsp;ley 7722, la que regula la miner\u00eda en la provincia, previendo&nbsp;m\u00e1s controles y la creaci\u00f3n de un <strong>Fondo Compensador para la Gesti\u00f3n del Recurso H\u00eddrico<\/strong>.<\/p>\n\n\n\n<p>La ley, que fue aprobada por&nbsp;<strong>36 votos afirmativos, 11 en contra y 1 abstenci\u00f3n<\/strong>, establece &nbsp;que el uso de sustancias qu\u00edmicas, mezclas o disoluciones de ellas, quedar\u00e1 restringido a aquellas que aseguren la&nbsp;sostenibilidad del proyecto y estar\u00e1 limitado a aquellos productos cuya producci\u00f3n, importaci\u00f3n y uso est\u00e9 permitido en la Rep\u00fablica Argentina, y su aplicaci\u00f3n, transporte, almacenamiento y distribuci\u00f3n estar\u00e1 sujeto a las normas vigentes provinciales, nacionales e internacionales. <\/p>\n\n\n\n<div style=\"height:20px\" aria-hidden=\"true\" class=\"wp-block-spacer\"><\/div>\n\n\n\n<figure class=\"wp-block-image\"><img loading=\"lazy\" decoding=\"async\" width=\"839\" height=\"659\" src=\"https:\/\/enolife.com.ar\/es\/wp-content\/uploads\/2019\/12\/image-37.png\" alt=\"\" class=\"wp-image-6008\" srcset=\"https:\/\/enolife.com.ar\/es\/wp-content\/uploads\/2019\/12\/image-37.png 839w, https:\/\/enolife.com.ar\/es\/wp-content\/uploads\/2019\/12\/image-37-300x236.png 300w, https:\/\/enolife.com.ar\/es\/wp-content\/uploads\/2019\/12\/image-37-768x603.png 768w, https:\/\/enolife.com.ar\/es\/wp-content\/uploads\/2019\/12\/image-37-585x459.png 585w\" sizes=\"auto, (max-width: 839px) 100vw, 839px\" \/><\/figure>\n\n\n\n<div style=\"height:20px\" aria-hidden=\"true\" class=\"wp-block-spacer\"><\/div>\n\n\n\n<p>Seg\u00fan especifica el documento legislativo que detalla los cambios, se \u201c<em>garantiza la&nbsp;sustentabilidad en el aprovechamiento de los recursos naturales, con especial \u00e9nfasis en la&nbsp;tutela del recurso h\u00eddrico y asegurando el cumplimiento de la actividad minera de los principios ambientales de sustentabilidad establecidos en leyes nacionales y provinciales,&nbsp;como la de Ordenamiento Territorial y de Protecci\u00f3n de \u00c1reas Naturales, e incluso la Constituci\u00f3n Nacional y Provincia<\/em>l\u201d.<\/p>\n\n\n\n<p>El texto agrega adem\u00e1s, que \u201c<em>los efluentes generados como consecuencia de la actividad, deber\u00e1n cumplir con los par\u00e1metros m\u00e1ximos permitidos en la Resoluci\u00f3n N\u00ba 778\/96 del Departamento General de Irrigaci\u00f3n y normas subsiguiente<\/em>s\u201d.<\/p>\n\n\n\n<p>Por otra parte, dispone que todo proyecto minero que tenga como finalidad obtener concentrados o metales, aplicando cualquier m\u00e9todo de explotaci\u00f3n e industrializaci\u00f3n, la Declaraci\u00f3n de Impacto Ambiental (DIA)<a rel=\"noreferrer noopener\" href=\"https:\/\/es.wikipedia.org\/wiki\/Declaraci%C3%B3n_de_Impacto_Ambiental\" target=\"_blank\">&nbsp;<\/a>deber\u00e1 contener los informes sectoriales Municipales del lugar donde pretenda ejecutarse, del&nbsp;Departamento General de Irrigaci\u00f3n, del Instituto Argentino de Nivolog\u00eda, Glaciolog\u00eda y Ciencias Ambientales (IANIGLA), y de otros organismos que considere la autoridad de aplicaci\u00f3n como necesarios. Adem\u00e1s se deber\u00e1 incluir una manifestaci\u00f3n espec\u00edfica de impacto ambiental sobre los recursos h\u00eddricos conforme al art\u00edculo 30 de la Ley Provincial N\u00ba 5961 \u2013 Preservaci\u00f3n del Medio Ambiente-.<\/p>\n\n\n\n<p>Por \u00faltimo, la comunicaci\u00f3n legislativa dispone: \u201c<em>Las opiniones vertidas en los dict\u00e1menes sectoriales deber\u00e1n fundar expresamente las motivaciones t\u00e9cnicas que los justifican, y ser avalado por profesional matriculado habilitado seg\u00fan su incumbencia profesional<\/em>\u201d.<\/p>\n\n\n\n<div style=\"height:20px\" aria-hidden=\"true\" class=\"wp-block-spacer\"><\/div>\n\n\n\n<p class=\"has-medium-font-size\"><strong>Autoridad de aplicaci\u00f3n<\/strong><\/p>\n\n\n\n<p>Se establece, que en lo que respecta a la evaluaci\u00f3n y control ambiental de la actividad minera se designa como autoridad de aplicaci\u00f3n a la Secretar\u00eda de Ambiente y Ordenamiento Territorial u organismo que la reemplace. Se crea tambi\u00e9n la<strong>&nbsp;Polic\u00eda Ambiental de Actividades Extractivas<\/strong>, para la que se afectar\u00e1n los fondos provenientes de las Tasas de Fiscalizaci\u00f3n y Control Ambiental.<\/p>\n\n\n\n<p class=\"has-medium-font-size\"><strong>Participaci\u00f3n ciudadana<\/strong><\/p>\n\n\n\n<p>La participaci\u00f3n ciudadana en el control ambiental de las actividades mineras se realizar\u00e1 a trav\u00e9s de la <strong>Red de Vigilancia Ambiental<\/strong>, prevista en el Art\u00edculo 34 del Decreto Provincial N\u00ba 820\/06 u otras que se conformen, incluyendo a tales efectos a las Organizaciones de la Sociedad Civil y ciudadanos. El Poder Ejecutivo reglamentar\u00e1 su integraci\u00f3n y funcionamiento.<\/p>\n\n\n\n<p class=\"has-medium-font-size\"><strong>Seguro<\/strong><\/p>\n\n\n\n<p>En otro orden, se incluye en el texto normativo que todo proyecto minero, en cada etapa, deber\u00e1 contratar un seguro de responsabilidad civil, cauci\u00f3n, fianza bancaria, fondo de reparaci\u00f3n u otra garant\u00eda equivalente y de entidad suficiente, para asegurar la recomposici\u00f3n de los eventuales da\u00f1os ambientales, el costo del cierre de mina y el costo de reparaci\u00f3n, rehabilitaci\u00f3n, recomposici\u00f3n y restauraci\u00f3n de los terrenos afectados por la actividad, de acuerdo con los t\u00e9rminos del Art\u00edculo 22 de la Ley Nacional N\u00b0 25.675 &#8211; General del Ambiente. Dicha garant\u00eda deber\u00e1 ser constituida, a favor del Gobierno de la Provincia de Mendoza, una vez aprobada la Declaraci\u00f3n de Impacto Ambiental y previo al inicio de las actividades.<\/p>\n\n\n\n<p class=\"has-medium-font-size\"><strong>Controles<\/strong><\/p>\n\n\n\n<p>Se crea la <strong>Comisi\u00f3n Bicameral de Contralor Ambiental <\/strong>y seguimiento de actividades extractivas, la que deber\u00e1 informar anualmente el estado del ambiente en la provincia en relaci\u00f3n con la actividad minera y petrolera, y el cumplimiento o no, por parte del Poder Ejecutivo y las empresas, de las normas de cuidado y preservaci\u00f3n del agua y el ambiente, contenidos en la legislaci\u00f3n nacional, provincial y en la declaraci\u00f3n de impacto ambiental correspondiente.<\/p>\n\n\n\n<p class=\"has-background has-very-light-gray-background-color\">Tambi\u00e9n te puede interesar:  <a href=\"https:\/\/www.losandes.com.ar\/article\/view?slug=la-mineria-no-salvara-a-mendoza---por-rodolfo-cavagnaro\">https:\/\/www.losandes.com.ar\/article\/view?slug=la-mineria-no-salvara-a-mendoza&#8212;por-rodolfo-cavagnaro<\/a> <\/p>\n\n\n\n<p class=\"has-medium-font-size\"><strong>Fondo para gestionar el recurso h\u00eddrico<\/strong><\/p>\n\n\n\n<p>Sin perjuicio de los montos percibidos en concepto de regal\u00edas mineras, se crea el <strong>Fondo de Compensaci\u00f3n para la Gesti\u00f3n Integrada del Recurso H\u00eddrico y Saneamiento<\/strong>, que estar\u00e1 conformado por un porcentaje equivalente al 1,5% del valor de venta del producto obtenido por el proyecto y del cual el 50% estar\u00e1 destinado a financiar obras de modernizaci\u00f3n del sistema de transporte, distribuci\u00f3n y aplicaci\u00f3n de agua, tanto para la actividad agr\u00edcola-ganadera, industrial, impermeabilizaci\u00f3n de cauces, canales e hijuelas del sistema h\u00eddrico, entre otros. El 50% restante se destinar\u00e1 exclusivamente a obras de infraestructura vial y de servicios en los municipios en donde se localicen los proyectos mineros que tributan esta regal\u00eda.<\/p>\n\n\n\n<p class=\"has-medium-font-size\"><strong>Empresa Provincial Minera<\/strong><\/p>\n\n\n\n<p>El Poder Ejecutivo, <strong>en el t\u00e9rmino de 180 d\u00edas,<\/strong> deber\u00e1 implementar los mecanismos necesarios para promover la participaci\u00f3n de empresas mendocinas en la cadena de valor de la actividad, la contrataci\u00f3n de mano de obra local, y la creaci\u00f3n de una Empresa Provincial Minera que permita la participaci\u00f3n del Estado en la explotaci\u00f3n de los recursos minerales de la provincia.<\/p>\n\n\n\n<p class=\"has-small-font-size\"><em><strong>Fuentes: Diario MDZ, Diario Los Andes, Gobierno de Mendoza y C\u00e1mara de Diputados de Mendoza<\/strong><\/em><\/p>\n","protected":false},"excerpt":{"rendered":"<p>El viernes 20\/12\/19, la C\u00e1mara de Diputados aprob\u00f3 modificaciones a la ley 1722 que reglamenta&hellip;<\/p>\n","protected":false},"author":3,"featured_media":6010,"comment_status":"open","ping_status":"open","sticky":false,"template":"","format":"standard","meta":{"footnotes":""},"categories":[14],"tags":[],"class_list":["post-6003","post","type-post","status-publish","format-standard","has-post-thumbnail","hentry","category-news"],"_links":{"self":[{"href":"https:\/\/enolife.com.ar\/es\/wp-json\/wp\/v2\/posts\/6003","targetHints":{"allow":["GET"]}}],"collection":[{"href":"https:\/\/enolife.com.ar\/es\/wp-json\/wp\/v2\/posts"}],"about":[{"href":"https:\/\/enolife.com.ar\/es\/wp-json\/wp\/v2\/types\/post"}],"author":[{"embeddable":true,"href":"https:\/\/enolife.com.ar\/es\/wp-json\/wp\/v2\/users\/3"}],"replies":[{"embeddable":true,"href":"https:\/\/enolife.com.ar\/es\/wp-json\/wp\/v2\/comments?post=6003"}],"version-history":[{"count":0,"href":"https:\/\/enolife.com.ar\/es\/wp-json\/wp\/v2\/posts\/6003\/revisions"}],"wp:featuredmedia":[{"embeddable":true,"href":"https:\/\/enolife.com.ar\/es\/wp-json\/wp\/v2\/media\/6010"}],"wp:attachment":[{"href":"https:\/\/enolife.com.ar\/es\/wp-json\/wp\/v2\/media?parent=6003"}],"wp:term":[{"taxonomy":"category","embeddable":true,"href":"https:\/\/enolife.com.ar\/es\/wp-json\/wp\/v2\/categories?post=6003"},{"taxonomy":"post_tag","embeddable":true,"href":"https:\/\/enolife.com.ar\/es\/wp-json\/wp\/v2\/tags?post=6003"}],"curies":[{"name":"wp","href":"https:\/\/api.w.org\/{rel}","templated":true}]}}