{"id":60024,"date":"2022-04-28T15:39:07","date_gmt":"2022-04-28T15:39:07","guid":{"rendered":"http:\/\/enolife.com.ar\/es\/?p=60024"},"modified":"2022-04-30T01:22:00","modified_gmt":"2022-04-30T01:22:00","slug":"formas-geometricas-colores-vivos-y-relieves-lo-que-se-viene-en-diseno-de-botellas-para-vino","status":"publish","type":"post","link":"https:\/\/enolife.com.ar\/es\/formas-geometricas-colores-vivos-y-relieves-lo-que-se-viene-en-diseno-de-botellas-para-vino\/","title":{"rendered":"Formas geom\u00e9tricas, colores vivos y relieves, lo que se viene en dise\u00f1o de botellas para vino"},"content":{"rendered":"\n<h4 class=\"wp-block-heading\"><em><strong>Verallia, el tercer productor mundial de envases de vidrio para alimentos y bebidas, con sede en Francia y f\u00e1brica en Mendoza, present\u00f3 un libro con los dise\u00f1os que aplicar\u00e1n a sus productos a partir de 2023. Adem\u00e1s de los envases tradicionales, lanzar\u00e1n dos l\u00edneas basadas en \u00abcambios l\u00fadicos\u00bb y \u00abcalma sostenible\u00bb, seg\u00fan revel\u00f3 Elena And\u00eda, de la agencia Selective Line, que realiz\u00f3 un estudio sociocultural para determinar las nuevas necesidades y gustos de los consumidores.<\/strong><\/em><strong> <\/strong><\/h4>\n\n\n\n<div style=\"height:20px\" aria-hidden=\"true\" class=\"wp-block-spacer\"><\/div>\n\n\n<a href=\"https:\/\/ar.verallia.com\/\" aria-label=\"VERALLIA 1700 x 500\"><img loading=\"lazy\" decoding=\"async\" src=\"https:\/\/enolife.com.ar\/es\/wp-content\/uploads\/2021\/04\/VERALLIA-1700-x-500.jpg\" alt=\"\"  srcset=\"https:\/\/enolife.com.ar\/es\/wp-content\/uploads\/2021\/04\/VERALLIA-1700-x-500.jpg 1700w, https:\/\/enolife.com.ar\/es\/wp-content\/uploads\/2021\/04\/VERALLIA-1700-x-500-300x88.jpg 300w, https:\/\/enolife.com.ar\/es\/wp-content\/uploads\/2021\/04\/VERALLIA-1700-x-500-1024x301.jpg 1024w, https:\/\/enolife.com.ar\/es\/wp-content\/uploads\/2021\/04\/VERALLIA-1700-x-500-768x226.jpg 768w, https:\/\/enolife.com.ar\/es\/wp-content\/uploads\/2021\/04\/VERALLIA-1700-x-500-1536x452.jpg 1536w, https:\/\/enolife.com.ar\/es\/wp-content\/uploads\/2021\/04\/VERALLIA-1700-x-500-1170x344.jpg 1170w, https:\/\/enolife.com.ar\/es\/wp-content\/uploads\/2021\/04\/VERALLIA-1700-x-500-585x172.jpg 585w\" sizes=\"auto, (max-width: 1700px) 100vw, 1700px\" width=\"1700\" height=\"500\"   \/><\/a>\n\n\n<div style=\"height:40px\" aria-hidden=\"true\" class=\"wp-block-spacer\"><\/div>\n\n\n\n<p>El 27 de abril, Dia Internacional del Dise\u00f1o, los creativos de Verallia dieron a conocer un libro en que detallan las tendencias para sus botellas de vino y otras bebidas, productos que se fabricar\u00e1n a partir de 2023. Este libro de estilo es el resultado de la colaboraci\u00f3n entre la agencia <strong>Carlin Creative<\/strong>, los equipos de m\u00e1rketing y los centros de dise\u00f1o de Verallia.<\/p>\n\n\n\n<p>Al respecto, Elena And\u00eda, la directora de m\u00e1rketing en Espa\u00f1a de la agencia Selective Line, manifest\u00f3: \u00ab<em>La innovaci\u00f3n y la creatividad forman parte de nuestro ADN. A trav\u00e9s de este proyecto, analizamos los h\u00e1bitos socioculturales internacionales para traducirlos en nuevas formas de botellas y t\u00e9cnicas decorativas que inspiren los pr\u00f3ximos lanzamientos de nuestros clientes y socios\u00bb<\/em><strong>.<\/strong><\/p>\n\n\n\n<div style=\"height:20px\" aria-hidden=\"true\" class=\"wp-block-spacer\"><\/div>\n\n\n\n<p class=\"has-background has-very-light-gray-background-color\">La l\u00ednea de productos y marca <strong>Selective Line<\/strong> fue creada en 2008 y cultiva la diferenciaci\u00f3n, la innovaci\u00f3n y la personalizaci\u00f3n para acompa\u00f1ar a sus clientes en sus creaciones en vidrio.<\/p>\n\n\n\n<div style=\"height:20px\" aria-hidden=\"true\" class=\"wp-block-spacer\"><\/div>\n\n\n\n<p>Seg\u00b4\u00fan explicaron directivos de Verallia, en respuesta a las crisis geopol\u00edtica, econ\u00f3mica y sanitaria, \u00ab<em>las expectativas para 2023 se orientar\u00e1n hacia el bienestar diario\u00bb<\/em>. <\/p>\n\n\n\n<p>\u00ab<em>Las dos tendencias para 2023 responden a dos aspectos del bienestar muy diferentes y, sin embargo, muy complementarios. La tendencia &#8216;Rejoy&#8217; se centra en una serie de cambios l\u00fadicos para mejorar la vida cotidiana, mientras que la tendencia &#8216;Off-time&#8217; expresa una relajaci\u00f3n duradera y sostenible que favorezca el bienestar y la recuperaci\u00f3n\u00bb, <\/em>coment\u00f3 a su turno <strong>G\u00e9raldine Bouchot<\/strong>, directora editorial de tendencias y previsiones de <strong>Carlin Creative.<\/strong><\/p>\n\n\n\n<div style=\"height:20px\" aria-hidden=\"true\" class=\"wp-block-spacer\"><\/div>\n\n\n\n<p class=\"has-background has-very-light-gray-background-color\">La <strong>Agencia Creativa Carlin<\/strong> se fund\u00f3 en 1947 y busca prever tendencias de consumo internacionales y trasladarlas a soluciones creativas. Trabaja para las marcas L&#8217;Or\u00e9al, Oenobiol, Weleda, Samsung, LG y Selective Line by Verallia, desde 2016.<\/p>\n\n\n\n<div style=\"height:20px\" aria-hidden=\"true\" class=\"wp-block-spacer\"><\/div>\n\n\n\n<p>Para responder a cada una de estas tendencias, se han creado nuevas formas de botellas est\u00e1ndar, as\u00ed como originales t\u00e9cnicas decorativas producidas por <strong>Saga D\u00e9cor (Francia)<\/strong> y <strong>Verallia Polska (Polonia).<\/strong><\/p>\n\n\n\n<div style=\"height:45px\" aria-hidden=\"true\" class=\"wp-block-spacer\"><\/div>\n\n\n\n<figure class=\"wp-block-embed-youtube wp-block-embed is-type-video is-provider-youtube wp-embed-aspect-16-9 wp-has-aspect-ratio\"><div class=\"wp-block-embed__wrapper\">\n<iframe loading=\"lazy\" title=\"Verallia reveals the trends in the wine and spirits market for 2023\" width=\"1170\" height=\"658\" src=\"https:\/\/www.youtube.com\/embed\/nu2G4UQGXXU?feature=oembed\" frameborder=\"0\" allow=\"accelerometer; autoplay; clipboard-write; encrypted-media; gyroscope; picture-in-picture\" allowfullscreen><\/iframe>\n<\/div><\/figure>\n\n\n\n<div style=\"height:42px\" aria-hidden=\"true\" class=\"wp-block-spacer\"><\/div>\n\n\n\n<p class=\"has-medium-font-size\"><strong>Tendencia Rejoy: cambios l\u00fadicos para la vida cotidiana<\/strong><\/p>\n\n\n\n<p>Explican desde Verallia que ante un mundo cada vez m\u00e1s complejo, los consumidores se ven arrastrados en muchas direcciones, transitando entre las exigencias eco-responsables y el placer. En 2023 -estiman los fabricantes- estas personas buscar\u00e1n que se les gu\u00ede en sus elecciones de una forma m\u00e1s sencilla y l\u00fadica. Y que <em>\u00abquerr\u00e1n conocer el impacto real de su consumo, recuperar el sentido del placer y la sociabilidad\u00bb.<\/em><\/p>\n\n\n\n<div style=\"height:20px\" aria-hidden=\"true\" class=\"wp-block-spacer\"><\/div>\n\n\n\n<div class=\"wp-block-image\"><figure class=\"aligncenter size-large is-resized\"><img loading=\"lazy\" decoding=\"async\" src=\"https:\/\/enolife.com.ar\/es\/wp-content\/uploads\/2022\/04\/rejoy-foto-1.jpg\" alt=\"\" class=\"wp-image-60228\" width=\"444\" height=\"419\" srcset=\"https:\/\/enolife.com.ar\/es\/wp-content\/uploads\/2022\/04\/rejoy-foto-1.jpg 575w, https:\/\/enolife.com.ar\/es\/wp-content\/uploads\/2022\/04\/rejoy-foto-1-300x283.jpg 300w\" sizes=\"auto, (max-width: 444px) 100vw, 444px\" \/><figcaption><em><strong>Formas Bilbao, Oxaca, Jurasson y Prosecco, algunos de los nuevos dise\u00f1os de Verallia para 2023.<\/strong><\/em><\/figcaption><\/figure><\/div>\n\n\n\n<div style=\"height:20px\" aria-hidden=\"true\" class=\"wp-block-spacer\"><\/div>\n\n\n\n<p>En el mercado de las bebidas, la oferta de Verallia se centrar\u00e1 en envases inclusivos y una comunicaci\u00f3n que se adapte a los consumidores. En cuanto al estilo, los colores alegres y vivos ser\u00e1n los protagonistas, unidos a formas geom\u00e9tricas y opciones de dise\u00f1o atrevidas.<\/p>\n\n\n\n<p>Compuesta por varias caras planas, la nueva <strong>botella Oaxaca<\/strong> ofrece un atrevido dise\u00f1o geom\u00e9trico. En cuanto a la <strong>Bilbao<\/strong>, su forma se destaca por sus curvas, esbeltas y con doble hombro.<\/p>\n\n\n\n<p>La decoraci\u00f3n del <strong>Prosecco<\/strong>, desarrollada por Saga Decor, responde a necesidades de inclusi\u00f3n: se puede leer en braille y en c\u00f3digo de colores.<\/p>\n\n\n\n<div style=\"height:20px\" aria-hidden=\"true\" class=\"wp-block-spacer\"><\/div>\n\n\n\n<p class=\"has-medium-font-size\"><strong>Tendencia Off-time, para un bienestar reparador<\/strong><\/p>\n\n\n\n<p>La l\u00edne Off-time (tiempo libre) fue creada -seg\u00fan explican los dise\u00f1adores- en respuesta a un mundo muy cambiante, pero tambi\u00e9n a las innovaciones orientadas a la eficiencia y a la velocidad, ya que los consumidores -intuyen los creativos- querr\u00e1n <em>\u00abreducir el ritmo y volver a tener una sensaci\u00f3n de bienestar global, querr\u00e1n salirse del mundo de puro rendimiento num\u00e9rico\u00bb.<\/em><\/p>\n\n\n\n<div style=\"height:20px\" aria-hidden=\"true\" class=\"wp-block-spacer\"><\/div>\n\n\n\n<div class=\"wp-block-image\"><figure class=\"aligncenter size-large is-resized\"><img loading=\"lazy\" decoding=\"async\" src=\"https:\/\/enolife.com.ar\/es\/wp-content\/uploads\/2022\/04\/off-time.jpg\" alt=\"\" class=\"wp-image-60225\" width=\"446\" height=\"398\" srcset=\"https:\/\/enolife.com.ar\/es\/wp-content\/uploads\/2022\/04\/off-time.jpg 366w, https:\/\/enolife.com.ar\/es\/wp-content\/uploads\/2022\/04\/off-time-300x268.jpg 300w\" sizes=\"auto, (max-width: 446px) 100vw, 446px\" \/><figcaption><em><strong>Modelos de botellas: L\u00edneas Ys, Como y Ginebra. <\/strong><\/em><\/figcaption><\/figure><\/div>\n\n\n\n<div style=\"height:20px\" aria-hidden=\"true\" class=\"wp-block-spacer\"><\/div>\n\n\n\n<p>En el mercado de las bebidas, la oferta se centrar\u00e1 en la sostenibilidad, la exploraci\u00f3n y la salud mental y f\u00edsica.<\/p>\n\n\n\n<p>En cuanto al estilo, la tendencia <strong>\u00abOff-time\u00bb<\/strong> dar\u00e1 lugar a colores relajantes con tonos suaves. Las formas ser\u00e1n org\u00e1nicas, dotadas de elegancia. As\u00ed, se crearon las formas<strong> Ys<\/strong>, en sus dos versiones, acanalada o lisa, con la finalidad de convertirlas en una referencia de alta gama para los vinos tranquilos. <em>\u00abCombina armoniosamente l\u00edneas esbeltas y generosas, con un cuello y hombros altos, y picada profunda\u00bb,<\/em> explican los creativos.<\/p>\n\n\n\n<p>La <strong>forma Como<\/strong> reproduce sutilmente las ondas del agua en el dise\u00f1o para facilitar su agarre. Ofrece un nuevo est\u00e1ndar ergon\u00f3mico para los vinos espumosos.<\/p>\n\n\n\n<p>Por su parte, la decoraci\u00f3n de la botella para <strong>ginebra, d<\/strong>esarrollada por <strong>Verallia Polska<\/strong>, juega suavemente con la degradaci\u00f3n de los colores y la elegancia de las formas.<\/p>\n\n\n\n<div style=\"height:59px\" aria-hidden=\"true\" class=\"wp-block-spacer\"><\/div>\n","protected":false},"excerpt":{"rendered":"<p>Verallia, el tercer productor mundial de envases de vidrio para alimentos y bebidas, con sede&hellip;<\/p>\n","protected":false},"author":3,"featured_media":60254,"comment_status":"open","ping_status":"open","sticky":false,"template":"","format":"standard","meta":{"footnotes":""},"categories":[14],"tags":[],"class_list":["post-60024","post","type-post","status-publish","format-standard","has-post-thumbnail","hentry","category-news"],"_links":{"self":[{"href":"https:\/\/enolife.com.ar\/es\/wp-json\/wp\/v2\/posts\/60024","targetHints":{"allow":["GET"]}}],"collection":[{"href":"https:\/\/enolife.com.ar\/es\/wp-json\/wp\/v2\/posts"}],"about":[{"href":"https:\/\/enolife.com.ar\/es\/wp-json\/wp\/v2\/types\/post"}],"author":[{"embeddable":true,"href":"https:\/\/enolife.com.ar\/es\/wp-json\/wp\/v2\/users\/3"}],"replies":[{"embeddable":true,"href":"https:\/\/enolife.com.ar\/es\/wp-json\/wp\/v2\/comments?post=60024"}],"version-history":[{"count":0,"href":"https:\/\/enolife.com.ar\/es\/wp-json\/wp\/v2\/posts\/60024\/revisions"}],"wp:featuredmedia":[{"embeddable":true,"href":"https:\/\/enolife.com.ar\/es\/wp-json\/wp\/v2\/media\/60254"}],"wp:attachment":[{"href":"https:\/\/enolife.com.ar\/es\/wp-json\/wp\/v2\/media?parent=60024"}],"wp:term":[{"taxonomy":"category","embeddable":true,"href":"https:\/\/enolife.com.ar\/es\/wp-json\/wp\/v2\/categories?post=60024"},{"taxonomy":"post_tag","embeddable":true,"href":"https:\/\/enolife.com.ar\/es\/wp-json\/wp\/v2\/tags?post=60024"}],"curies":[{"name":"wp","href":"https:\/\/api.w.org\/{rel}","templated":true}]}}