{"id":5981,"date":"2019-12-21T01:41:26","date_gmt":"2019-12-21T01:41:26","guid":{"rendered":"http:\/\/enolife.com.ar\/es\/?p=5981"},"modified":"2019-12-30T12:37:35","modified_gmt":"2019-12-30T12:37:35","slug":"patricia-ortiz-el-mercado-interno-cayo-20-y-las-exportaciones-15-en-la-ultima-decada","status":"publish","type":"post","link":"https:\/\/enolife.com.ar\/es\/patricia-ortiz-el-mercado-interno-cayo-20-y-las-exportaciones-15-en-la-ultima-decada\/","title":{"rendered":"Patricia Ortiz: \u00abEl mercado interno cay\u00f3 20% y las exportaciones 15% en la \u00faltima d\u00e9cada\u00bb"},"content":{"rendered":"\n<h4 class=\"wp-block-heading\"><em><strong>En el brindis de cierre de a\u00f1o de Bodegas de Argentina      -c\u00e1mara industrial que agrupa a 250 bodegas del pa\u00eds-, la presidenta electa en mayo resumi\u00f3 ante socios y accionistas las cifras de la crisis vitivin\u00edcola. Tambi\u00e9n abog\u00f3 por un uso racional del agua y plante\u00f3 los desaf\u00edos del sector de cara al plan estrat\u00e9gico 2030. <\/strong><\/em><strong><em>  <\/em><\/strong><\/h4>\n\n\n\n<div style=\"height:38px\" aria-hidden=\"true\" class=\"wp-block-spacer\"><\/div>\n\n\n\n<p>Bodegas de Argentina, c\u00e1mara de la industria del vino de la Rep\u00fablica Argentina, que agrupa a 250 bodegas de todas las zonas vitivin\u00edcolas del pa\u00eds, cerr\u00f3 el a\u00f1o en Mendoza junto a sus socios, representantes del gobierno, invitados y periodistas.<\/p>\n\n\n\n<p>La despedida del a\u00f1o se realiz\u00f3 en&nbsp;<strong>Club Tapiz<\/strong>, de la bodega hom\u00f3nima, donde tambi\u00e9n tuvo lugar la \u00faltima reuni\u00f3n de directorio y socios de 2019. Patricia Ortiz, presidenta electa en mayo, hizo un balance de lo sucedido en varios \u00e1mbitos de la industria y de las acciones desarrolladas por la c\u00e1mara.<\/p>\n\n\n\n<div style=\"height:20px\" aria-hidden=\"true\" class=\"wp-block-spacer\"><\/div>\n\n\n\n<figure><iframe loading=\"lazy\" width=\"850\" height=\"410\" src=\"https:\/\/www.youtube.com\/embed\/1PRa_6XCkc4?feature=oembed\" allowfullscreen=\"\"><\/iframe><\/figure>\n\n\n\n<div style=\"height:20px\" aria-hidden=\"true\" class=\"wp-block-spacer\"><\/div>\n\n\n\n<p>En la reuni\u00f3n se trataron temas del recurso h\u00eddrico y se cont\u00f3 con la presencia de especialistas del Departamento General de Irrigaci\u00f3n de Mendoza. Los ejes de la exposici\u00f3n fueron la disponibilidad del recurso h\u00eddrico, la situaci\u00f3n actual y a mediano y largo plazo.<\/p>\n\n\n\n<p>Ante unas 120 personas, Ortiz habl\u00f3 sobre la situaci\u00f3n de la vitivinicultura y dijo que a\u00fan sigue siendo cr\u00edtica, con un mercado interno amesetado luego de a\u00f1os de ca\u00edda y un mercado externo con potencial, pero que requiere inversi\u00f3n y acompa\u00f1amiento del Estado.<\/p>\n\n\n\n<div style=\"height:20px\" aria-hidden=\"true\" class=\"wp-block-spacer\"><\/div>\n\n\n\n<div class=\"wp-block-image\"><figure class=\"aligncenter\"><img decoding=\"async\" src=\"https:\/\/www.bodegasdeargentina.org\/wp-content\/uploads\/2019\/12\/bda_IMG_9935_cr_web-960x600.jpg\" alt=\"\"\/><\/figure><\/div>\n\n\n\n<div style=\"height:20px\" aria-hidden=\"true\" class=\"wp-block-spacer\"><\/div>\n\n\n\n<p>Como dato importantes, coment\u00f3 que el consumo en el mercado interno cay\u00f3 el 20% en los \u00faltimos 10 a\u00f1os. Y que el consumo de vino varietal contin\u00faa estancado.<\/p>\n\n\n\n<p>En cuanto al mercado, externo remarc\u00f3 que es esencial la promoci\u00f3n del vino argentino en el exterior para incrementar las exportaciones, para as\u00ed poder revertir la ca\u00edda del 15% sufrida en la \u00faltima d\u00e9cada.<\/p>\n\n\n\n<p>Por otro lado, destac\u00f3 que la Argentina es el pa\u00eds productor que menos se ha internacionalizado. \u201cSomos el quinto productor mundial y apenas tenemos el 2,5% del <em>share<\/em> del mercado global. Esta falta de exportaci\u00f3n y con un mercado interno como el descrito, se traduce en excedentes que impactar\u00e1n en la pr\u00f3xima cosecha. Excedentes que afectan a las bodegas y a los productores por igual\u201d, apunt\u00f3. La industria tiene la necesidad de generar nuevos mercado por los excedentes que hay tanto de vino como de uva. De all\u00ed que es relevante trabajar para duplicar el mercado de vino varietal en la Argentina.<\/p>\n\n\n\n<p>Asimismo, se\u00f1al\u00f3 que para aliviar al sector es clave avanzar con medidas tendientes a reducir retenciones e incrementar los reintegros a la exportaci\u00f3n. Tambi\u00e9n es necesario que las provincias que a\u00fan no han avanzando con el acuerdo del consenso fiscal de 2017, cumplan con la reducci\u00f3n de la al\u00edcuota de ingresos brutos que tanto impacta a las bodegas.<\/p>\n\n\n\n<p>Durante la presentaci\u00f3n tambi\u00e9n mencion\u00f3 la activa participaci\u00f3n en la&nbsp;Coordinadora de las Industrias de Productos Alimenticios (Copal) y el comienzo de la participaci\u00f3n de Bodegas de Argentina como miembro titular de la junta directiva de la Uni\u00f3n Industrial Argentina (UIA), que permite estar en la agenda de los principales temas industriales que preocupan a los empresarios y aportar la mirada y la problem\u00e1tica espec\u00edfica regional.&nbsp;<\/p>\n\n\n\n<p>En la instituci\u00f3n existen 16 \u00e1reas de trabajo entre ambas sedes (Buenos Aires y Mendoza) a trav\u00e9s de la cuales se realizan las gestiones espec\u00edficas seg\u00fan los temas que preocupan a la industria.<\/p>\n\n\n\n<p>\u201cSe trabaj\u00f3 con visi\u00f3n, compromiso y entusiasmo en las diferentes \u00e1reas, a trav\u00e9s de comisiones lideradas por directores expertos en el tema, socios interesados en la tem\u00e1tica&nbsp; y personal de Bodegas de Argentina que asiste t\u00e9cnicamente a las mismas. Este servicio, de gran valor para nuestras bodegas socias, atiende temas t\u00e9cnicos vit\u00edcolas, enol\u00f3gicos, tributarios, de sustentabilidad, mercado interno, comercio exterior, marketing, consumo responsable y turismo, entre otros\u201d, explic\u00f3 Ortiz.<\/p>\n\n\n\n<div style=\"height:20px\" aria-hidden=\"true\" class=\"wp-block-spacer\"><\/div>\n\n\n\n<p class=\"has-medium-font-size\"><strong>Desaf\u00edos 2020<\/strong><\/p>\n\n\n\n<div style=\"height:20px\" aria-hidden=\"true\" class=\"wp-block-spacer\"><\/div>\n\n\n\n<p>El a\u00f1o 2020 presenta nuevos desaf\u00edos, ya que finaliza el primer plan estrat\u00e9gico del sector, \u00abun plan ambicioso que no cumpli\u00f3 con los objetivo\u00bb, dijo la dirigente.<\/p>\n\n\n\n<p>\u201cEsperamos una pronta salida de esta crisis y estaremos presentes y comprometidos con el pr\u00f3ximo gobierno, buscando soluciones a la misma\u201d, expres\u00f3 Ortiz.<\/p>\n\n\n\n<p>\u201cNecesitamos entender y analizar las futuras demandas para adaptar nuestra producci\u00f3n a la misma, incluir el uso racional del agua y rever cu\u00e1l ser\u00e1 su financiamiento y su conducci\u00f3n. Conf\u00edo en que pronto volveremos a crecer y generar el empleo que todos deseamos\u201d, cerr\u00f3.<\/p>\n\n\n\n<p class=\"has-small-font-size\"><strong><em>Fuente: Bodegas de Argentina<\/em><\/strong><\/p>\n","protected":false},"excerpt":{"rendered":"<p>En el brindis de cierre de a\u00f1o de Bodegas de Argentina -c\u00e1mara industrial que agrupa&hellip;<\/p>\n","protected":false},"author":3,"featured_media":6000,"comment_status":"open","ping_status":"open","sticky":false,"template":"","format":"standard","meta":{"footnotes":""},"categories":[14],"tags":[],"class_list":["post-5981","post","type-post","status-publish","format-standard","has-post-thumbnail","hentry","category-news"],"_links":{"self":[{"href":"https:\/\/enolife.com.ar\/es\/wp-json\/wp\/v2\/posts\/5981","targetHints":{"allow":["GET"]}}],"collection":[{"href":"https:\/\/enolife.com.ar\/es\/wp-json\/wp\/v2\/posts"}],"about":[{"href":"https:\/\/enolife.com.ar\/es\/wp-json\/wp\/v2\/types\/post"}],"author":[{"embeddable":true,"href":"https:\/\/enolife.com.ar\/es\/wp-json\/wp\/v2\/users\/3"}],"replies":[{"embeddable":true,"href":"https:\/\/enolife.com.ar\/es\/wp-json\/wp\/v2\/comments?post=5981"}],"version-history":[{"count":0,"href":"https:\/\/enolife.com.ar\/es\/wp-json\/wp\/v2\/posts\/5981\/revisions"}],"wp:featuredmedia":[{"embeddable":true,"href":"https:\/\/enolife.com.ar\/es\/wp-json\/wp\/v2\/media\/6000"}],"wp:attachment":[{"href":"https:\/\/enolife.com.ar\/es\/wp-json\/wp\/v2\/media?parent=5981"}],"wp:term":[{"taxonomy":"category","embeddable":true,"href":"https:\/\/enolife.com.ar\/es\/wp-json\/wp\/v2\/categories?post=5981"},{"taxonomy":"post_tag","embeddable":true,"href":"https:\/\/enolife.com.ar\/es\/wp-json\/wp\/v2\/tags?post=5981"}],"curies":[{"name":"wp","href":"https:\/\/api.w.org\/{rel}","templated":true}]}}