{"id":59756,"date":"2022-04-24T14:39:47","date_gmt":"2022-04-24T14:39:47","guid":{"rendered":"http:\/\/enolife.com.ar\/es\/?p=59756"},"modified":"2022-04-26T14:22:50","modified_gmt":"2022-04-26T14:22:50","slug":"en-marzo-2022-se-vendio-en-argentina-un-266-mas-de-vino-que-en-marzo-2021","status":"publish","type":"post","link":"https:\/\/enolife.com.ar\/es\/en-marzo-2022-se-vendio-en-argentina-un-266-mas-de-vino-que-en-marzo-2021\/","title":{"rendered":"En marzo 2022 se vendi\u00f3 en Argentina un 26,6% m\u00e1s de vino que en marzo 2021"},"content":{"rendered":"\n<h4 class=\"wp-block-heading\"><em><strong>Seg\u00fan el \u00faltimo informe del Instituto Nacional de Vitivinicultura (INV) sobre la venta de vino en el mercado interno, hubo en el mes de marzo de 2022 una fuerte recuperaci\u00f3n con respecto al mismo mes de 2021 en todos los tipos de vinos, colores y envases. Se registraron despachos por 71,5 millones de litros de vino.<\/strong><\/em><\/h4>\n\n\n\n<div style=\"height:20px\" aria-hidden=\"true\" class=\"wp-block-spacer\"><\/div>\n\n\n\n\n\n<div style=\"height:59px\" aria-hidden=\"true\" class=\"wp-block-spacer\"><\/div>\n\n\n\n<p>Luego de un comienzo de a\u00f1o con algunas bajas, marzo muestra una importante recuperaci\u00f3n de los despachos de vinos al mercado dom\u00e9stico: 26,6 % m\u00e1s respecto de marzo 2021.<\/p>\n\n\n\n<div style=\"height:20px\" aria-hidden=\"true\" class=\"wp-block-spacer\"><\/div>\n\n\n\n<figure class=\"wp-block-image\"><img decoding=\"async\" src=\"https:\/\/www.argentina.gob.ar\/sites\/default\/files\/1-mercado-interno-marzo.png\" alt=\"\"\/><\/figure>\n\n\n\n<figure class=\"wp-block-image\"><img decoding=\"async\" src=\"https:\/\/www.argentina.gob.ar\/sites\/default\/files\/2-mercado-interno-marzo.png\" alt=\"\"\/><\/figure>\n\n\n\n<div style=\"height:20px\" aria-hidden=\"true\" class=\"wp-block-spacer\"><\/div>\n\n\n\n<p>El crecimiento en los despachos de <strong>vinos blancos<\/strong> es sostenido, este mes en particular casi <strong>un 54% de aumento respecto 2021<\/strong>, ganando protagonismo en el <strong>mix de color <\/strong>donde ya podemos hablar de un <strong>70% color \/ 30% blanco.<\/strong><\/p>\n\n\n\n<div style=\"height:20px\" aria-hidden=\"true\" class=\"wp-block-spacer\"><\/div>\n\n\n\n<div class=\"wp-block-image\"><figure class=\"aligncenter\"><img decoding=\"async\" src=\"https:\/\/www.argentina.gob.ar\/sites\/default\/files\/3-mercado-interno-marzo.png\" alt=\"\"\/><\/figure><\/div>\n\n\n\n<div style=\"height:20px\" aria-hidden=\"true\" class=\"wp-block-spacer\"><\/div>\n\n\n\n<p>El <strong>presidente del INV, Mart\u00edn Hinojosa<\/strong>, coment\u00f3 que \u00ab<em>marzo ha sumado los litros suficientes para poner en positivo el primer trimestre de este a\u00f1o, 3,7% arriba vs el trimestre 2021, con recuperaciones en todas las categor\u00edas. Ya no s\u00f3lo crece el espumoso y los varietales, sino que tambi\u00e9n se vislumbra una recuperaci\u00f3n en vinos de consumo cotidiano y envases populares, fundamentalmente botell\u00f3n y tetra\u00bb.<\/em><\/p>\n\n\n\n<div style=\"height:20px\" aria-hidden=\"true\" class=\"wp-block-spacer\"><\/div>\n\n\n\n<div class=\"wp-block-image\"><figure class=\"aligncenter\"><img decoding=\"async\" src=\"https:\/\/www.argentina.gob.ar\/sites\/default\/files\/4-mercado-interno-marzo.png\" alt=\"\"\/><\/figure><\/div>\n\n\n\n<div style=\"height:20px\" aria-hidden=\"true\" class=\"wp-block-spacer\"><\/div>\n\n\n\n<p>Ante la recuperaci\u00f3n que muestran las cifras del INV Hinojosa opin\u00f3: \u00ab<em>Para tener un panorama que permita elaborar una tendencia deberemos esperar a lo que ocurra en el primer semestre 2022, pero se asoman n\u00fameros auspiciosos para el mercado dom\u00e9stico argentino\u00bb.<\/em><\/p>\n\n\n\n<div style=\"height:36px\" aria-hidden=\"true\" class=\"wp-block-spacer\"><\/div>\n","protected":false},"excerpt":{"rendered":"<p>Seg\u00fan el \u00faltimo informe del Instituto Nacional de Vitivinicultura (INV) sobre la venta de vino&hellip;<\/p>\n","protected":false},"author":3,"featured_media":59775,"comment_status":"open","ping_status":"open","sticky":false,"template":"","format":"standard","meta":{"footnotes":""},"categories":[9],"tags":[],"class_list":["post-59756","post","type-post","status-publish","format-standard","has-post-thumbnail","hentry","category-negocios"],"_links":{"self":[{"href":"https:\/\/enolife.com.ar\/es\/wp-json\/wp\/v2\/posts\/59756","targetHints":{"allow":["GET"]}}],"collection":[{"href":"https:\/\/enolife.com.ar\/es\/wp-json\/wp\/v2\/posts"}],"about":[{"href":"https:\/\/enolife.com.ar\/es\/wp-json\/wp\/v2\/types\/post"}],"author":[{"embeddable":true,"href":"https:\/\/enolife.com.ar\/es\/wp-json\/wp\/v2\/users\/3"}],"replies":[{"embeddable":true,"href":"https:\/\/enolife.com.ar\/es\/wp-json\/wp\/v2\/comments?post=59756"}],"version-history":[{"count":0,"href":"https:\/\/enolife.com.ar\/es\/wp-json\/wp\/v2\/posts\/59756\/revisions"}],"wp:featuredmedia":[{"embeddable":true,"href":"https:\/\/enolife.com.ar\/es\/wp-json\/wp\/v2\/media\/59775"}],"wp:attachment":[{"href":"https:\/\/enolife.com.ar\/es\/wp-json\/wp\/v2\/media?parent=59756"}],"wp:term":[{"taxonomy":"category","embeddable":true,"href":"https:\/\/enolife.com.ar\/es\/wp-json\/wp\/v2\/categories?post=59756"},{"taxonomy":"post_tag","embeddable":true,"href":"https:\/\/enolife.com.ar\/es\/wp-json\/wp\/v2\/tags?post=59756"}],"curies":[{"name":"wp","href":"https:\/\/api.w.org\/{rel}","templated":true}]}}